{"id":10242,"count":1,"description":"","link":"https:\/\/revistaempresarios.net\/web\/tag\/saude-mental-e-ia-serao-tendencias-para-o-bem-estar-de-colaboradores-em-2025\/","name":"Sa\u00fade mental e IA ser\u00e3o tend\u00eancias para o bem-estar de colaboradores em 2025","slug":"saude-mental-e-ia-serao-tendencias-para-o-bem-estar-de-colaboradores-em-2025","taxonomy":"post_tag","meta":[],"_links":{"self":[{"href":"https:\/\/revistaempresarios.net\/web\/wp-json\/wp\/v2\/tags\/10242"}],"collection":[{"href":"https:\/\/revistaempresarios.net\/web\/wp-json\/wp\/v2\/tags"}],"about":[{"href":"https:\/\/revistaempresarios.net\/web\/wp-json\/wp\/v2\/taxonomies\/post_tag"}],"wp:post_type":[{"href":"https:\/\/revistaempresarios.net\/web\/wp-json\/wp\/v2\/posts?tags=10242"}],"curies":[{"name":"wp","href":"https:\/\/api.w.org\/{rel}","templated":true}]}}