{"id":10085,"count":1,"description":"","link":"https:\/\/revistaempresarios.net\/web\/tag\/g20-pelo-impacto-brasil-avanca-na-lideranca-por-uma-economia-do-bem-estar-e-sustentavel\/","name":"G20 pelo impacto: Brasil avan\u00e7a na lideran\u00e7a por uma economia do bem-estar e sustent\u00e1vel","slug":"g20-pelo-impacto-brasil-avanca-na-lideranca-por-uma-economia-do-bem-estar-e-sustentavel","taxonomy":"post_tag","meta":[],"_links":{"self":[{"href":"https:\/\/revistaempresarios.net\/web\/wp-json\/wp\/v2\/tags\/10085"}],"collection":[{"href":"https:\/\/revistaempresarios.net\/web\/wp-json\/wp\/v2\/tags"}],"about":[{"href":"https:\/\/revistaempresarios.net\/web\/wp-json\/wp\/v2\/taxonomies\/post_tag"}],"wp:post_type":[{"href":"https:\/\/revistaempresarios.net\/web\/wp-json\/wp\/v2\/posts?tags=10085"}],"curies":[{"name":"wp","href":"https:\/\/api.w.org\/{rel}","templated":true}]}}