{"id":9993,"date":"2023-06-21T16:49:37","date_gmt":"2023-06-21T19:49:37","guid":{"rendered":"https:\/\/revistaempresarios.net\/web\/?p=9993"},"modified":"2023-06-21T16:49:37","modified_gmt":"2023-06-21T19:49:37","slug":"como-atrair-e-reter-mais-talentos-para-a-sua-empresa-veiculo-como-beneficio-aos-executivos","status":"publish","type":"post","link":"https:\/\/revistaempresarios.net\/web\/2023\/06\/21\/como-atrair-e-reter-mais-talentos-para-a-sua-empresa-veiculo-como-beneficio-aos-executivos\/","title":{"rendered":"Como atrair e reter mais talentos para a sua empresa? Ve\u00edculo como benef\u00edcio aos executivos"},"content":{"rendered":"<div class=\"itemBody\">\n<div class=\"itemIntroText\">\n<p>Boa parte dos emplacamentos de ve\u00edculos no Brasil \u00e9 devido a frota de autom\u00f3veis corporativos. Dados de mercado que s\u00e3o notados por empresas como a ALD Automotive | LeasePlan, l\u00edder global em mobilidade sustent\u00e1vel que oferece servi\u00e7os de loca\u00e7\u00e3o, terceiriza\u00e7\u00e3o e gerenciamento de frotas, mostram que as empresas s\u00e3o mais de um quarto do mercado. Alimentando sua frota operacional, mas tamb\u00e9m com ve\u00edculos disponibilizados como benef\u00edcio para atra\u00e7\u00e3o e reten\u00e7\u00e3o de talentos do mercado.<\/p>\n<\/div>\n<div class=\"itemFullText\">\n<p>Esta pr\u00e1tica tem se tornado cada vez mais utilizada pelas empresas. Os executivos consideram o ve\u00edculo como um de seus benef\u00edcios mais valorizados, agregando assim, um grande diferencial na hora de negociar com potenciais candidatos a uma vaga na empresa.<\/p>\n<p>Para disponibilizar este benef\u00edcio, normalmente as empresas definem as chamadas grades de ve\u00edculos. Estas grades s\u00e3o relacionadas aos n\u00edveis hier\u00e1rquicos dos funcion\u00e1rios que ter\u00e3o o benef\u00edcio. Eles, ent\u00e3o escolhem um dos modelos de sua grade, normalmente entre 2 a 3 modelos por grade. A grande vantagem \u00e9 que se a empresa fosse dar o mesmo valor do ve\u00edculo para os executivos como b\u00f4nus, teriam fortes encargos a serem considerados, al\u00e9m de riscos trabalhistas de terem o valor bonificado ser considerado como sal\u00e1rio.<\/p>\n<p>Existem formas diferentes de disponibilizar este benef\u00edcio e a recomenda\u00e7\u00e3o \u00e9 sempre contar com um parceiro com know-how deste setor para cuidar de todo o processo e atividades da gest\u00e3o de frota. A empresa s\u00f3 pagar\u00e1 pelo valor do ve\u00edculo no per\u00edodo em que estiver sendo utilizado. O valor de revenda no final do contrato, por exemplo, \u00e9 considerado para redu\u00e7\u00e3o da conta das parcelas.<\/p>\n<p>Vale ainda ressaltar que o ve\u00edculo \u00e9, ainda, visto como status social e afirma\u00e7\u00e3o para as pessoas, o que pode fazer com que os executivos se fidelizem ainda mais a empresa.<\/p>\n<\/div>\n<\/div>\n<div class=\"e-mailit_toolbox circular  size48\">\n<div class=\"e-mailit_btn_EMAILiT\"><\/div>\n<\/div>\n","protected":false},"excerpt":{"rendered":"<p>Boa parte dos emplacamentos de ve\u00edculos no Brasil \u00e9 devido a frota de autom\u00f3veis corporativos. Dados de mercado que s\u00e3o notados por empresas como a ALD Automotive | LeasePlan, l\u00edder global em mobilidade sustent\u00e1vel que oferece servi\u00e7os de loca\u00e7\u00e3o, terceiriza\u00e7\u00e3o e gerenciamento de frotas, mostram que as empresas s\u00e3o mais de um quarto do mercado. [&hellip;]<\/p>\n","protected":false},"author":2,"featured_media":9994,"comment_status":"open","ping_status":"open","sticky":false,"template":"","format":"standard","meta":{"_jetpack_memberships_contains_paid_content":false,"footnotes":""},"categories":[51],"tags":[7650],"featured_image_src":{"landsacpe":["https:\/\/revistaempresarios.net\/web\/wp-content\/uploads\/2023\/06\/7fb134c4c36e0a2e7d61910c578ad90e_XL-1140x445.jpg",1140,445,true],"list":["https:\/\/revistaempresarios.net\/web\/wp-content\/uploads\/2023\/06\/7fb134c4c36e0a2e7d61910c578ad90e_XL-463x348.jpg",463,348,true],"medium":["https:\/\/revistaempresarios.net\/web\/wp-content\/uploads\/2023\/06\/7fb134c4c36e0a2e7d61910c578ad90e_XL-300x200.jpg",300,200,true],"full":["https:\/\/revistaempresarios.net\/web\/wp-content\/uploads\/2023\/06\/7fb134c4c36e0a2e7d61910c578ad90e_XL.jpg",1220,813,false]},"jetpack_sharing_enabled":true,"jetpack_featured_media_url":"https:\/\/revistaempresarios.net\/web\/wp-content\/uploads\/2023\/06\/7fb134c4c36e0a2e7d61910c578ad90e_XL.jpg","jetpack-related-posts":[],"_links":{"self":[{"href":"https:\/\/revistaempresarios.net\/web\/wp-json\/wp\/v2\/posts\/9993"}],"collection":[{"href":"https:\/\/revistaempresarios.net\/web\/wp-json\/wp\/v2\/posts"}],"about":[{"href":"https:\/\/revistaempresarios.net\/web\/wp-json\/wp\/v2\/types\/post"}],"author":[{"embeddable":true,"href":"https:\/\/revistaempresarios.net\/web\/wp-json\/wp\/v2\/users\/2"}],"replies":[{"embeddable":true,"href":"https:\/\/revistaempresarios.net\/web\/wp-json\/wp\/v2\/comments?post=9993"}],"version-history":[{"count":1,"href":"https:\/\/revistaempresarios.net\/web\/wp-json\/wp\/v2\/posts\/9993\/revisions"}],"predecessor-version":[{"id":9995,"href":"https:\/\/revistaempresarios.net\/web\/wp-json\/wp\/v2\/posts\/9993\/revisions\/9995"}],"wp:featuredmedia":[{"embeddable":true,"href":"https:\/\/revistaempresarios.net\/web\/wp-json\/wp\/v2\/media\/9994"}],"wp:attachment":[{"href":"https:\/\/revistaempresarios.net\/web\/wp-json\/wp\/v2\/media?parent=9993"}],"wp:term":[{"taxonomy":"category","embeddable":true,"href":"https:\/\/revistaempresarios.net\/web\/wp-json\/wp\/v2\/categories?post=9993"},{"taxonomy":"post_tag","embeddable":true,"href":"https:\/\/revistaempresarios.net\/web\/wp-json\/wp\/v2\/tags?post=9993"}],"curies":[{"name":"wp","href":"https:\/\/api.w.org\/{rel}","templated":true}]}}