{"id":9984,"date":"2023-06-20T19:47:14","date_gmt":"2023-06-20T22:47:14","guid":{"rendered":"https:\/\/revistaempresarios.net\/web\/?p=9984"},"modified":"2023-06-20T19:47:14","modified_gmt":"2023-06-20T22:47:14","slug":"a-profissao-de-social-media-como-alternativa-ao-desemprego-por-vinicius-taddone-e-diretor-de-marketing-e-fundador-da-vtaddone-www-vtaddone-com-br","status":"publish","type":"post","link":"https:\/\/revistaempresarios.net\/web\/2023\/06\/20\/a-profissao-de-social-media-como-alternativa-ao-desemprego-por-vinicius-taddone-e-diretor-de-marketing-e-fundador-da-vtaddone-www-vtaddone-com-br\/","title":{"rendered":"A profiss\u00e3o de Social Media como alternativa ao desemprego &#8211; Por : Vin\u00edcius Taddone \u00e9 diretor de marketing e fundador da VTaddone\u00ae www.vtaddone.com.br"},"content":{"rendered":"<p>O Brasil enfrenta um desafio constante no que diz respeito ao desemprego. A falta de oportunidades e a instabilidade econ\u00f4mica afetaram a vida de milh\u00f5es de brasileiros. Para muitos, as chances de recoloca\u00e7\u00e3o no mercado de trabalho s\u00e3o p\u00edfias, sobretudo quando os desempregados tentam conseguir um emprego com ganhos equivalentes aos que tinham.<\/p>\n<p>De acordo com dados do Instituto Brasileiro de Geografia e Estat\u00edstica (IBGE), a taxa de desocupa\u00e7\u00e3o no pa\u00eds ficou em 8,8% no primeiro trimestre de 2023, o que representa cerca de 15,6 milh\u00f5es de pessoas desempregadas. Esses n\u00fameros evidenciam a urg\u00eancia de buscar novas alternativas e oportunidades de trabalho.<\/p>\n<p>Nesse contexto, surge a profiss\u00e3o de Social Media como uma alternativa promissora para aqueles que buscam (re)inser\u00e7\u00e3o no mercado de trabalho. As oportunidades e benef\u00edcios dessa profiss\u00e3o, como flexibilidade, autonomia, diversidade de setores e boa remunera\u00e7\u00e3o s\u00e3o alguns elementos que atraem cada dia mais pessoas a se qualificarem para exercer essa fun\u00e7\u00e3o.<\/p>\n<p>Em meio ao cen\u00e1rio ansioso do desemprego, a profiss\u00e3o de Social Media vislumbra como uma \u00e1rea em crescimento no Brasil. O avan\u00e7o tecnol\u00f3gico e a transforma\u00e7\u00e3o digital t\u00eam impulsionado a presen\u00e7a das empresas nas redes sociais, aumentando assim a necessidade de profissionais em gerenciamento de suas m\u00eddias sociais.<\/p>\n<p>Segundo o relat\u00f3rio digital de 2022, da We Are Social e da Hootsuite, o Brasil possui cerca de 150 milh\u00f5es de usu\u00e1rios ativos nas redes sociais, tornando-se um mercado estrat\u00e9gico para as empresas. Isso impulsiona a demanda por profissionais de m\u00eddias sociais, capazes de criar estrat\u00e9gias eficientes para os clientes a fim de alcan\u00e7ar e engajar seu p\u00fablico-alvo.<\/p>\n<p>J\u00e1 um estudo da consultoria McKinsey mostra que empresas que utilizam m\u00eddias sociais de forma estrat\u00e9gica t\u00eam 2,5 vezes mais chances de ter um desempenho financeiro acima da m\u00e9dia. Isso evidencia o impacto positivo que uma presen\u00e7a forte nas redes sociais pode ter nos resultados de uma empresa.<\/p>\n<p>No entanto, para aproveitar as oportunidades no campo da m\u00eddia social \u00e9 importante desenvolver habilidades fundamentais. Um dos requisitos indispens\u00e1veis do Social Media consiste no conhecimento das plataformas, dominando as principais redes sociais, como Facebook, Instagram, Twitter, LinkedIn, TikTok e WhatsApp. Compreender suas funcionalidades e, principalmente, seu p\u00fablico, \u00e9 fundamental para criar estrat\u00e9gias assertivas de comunica\u00e7\u00e3o.<\/p>\n<p>Em tempos de instabilidade econ\u00f4mica e desemprego, somados aos novos recursos tecnol\u00f3gicos, como a intelig\u00eancia artificial e, ainda, a mudan\u00e7a de comportamento das pessoas, como assistir menos tv e passar mais tempo nas redes sociais, constata-se uma radical transforma\u00e7\u00e3o no mercado de trabalho, onde as empresas querem marcar presen\u00e7a onde h\u00e1 audi\u00eancia.<\/p>\n<p>Nessas condi\u00e7\u00f5es, uma qualifica\u00e7\u00e3o profissional em Social Media abre caminhos para oferecer \u00e0s empresas solu\u00e7\u00f5es eficazes em ambientes que lhe trar\u00e3o os resultados almejados. \u00c9 uma excelente chance de trabalho que independe de cen\u00e1rios adversos da economia, que pode garantir ao profissional bons clientes e, consequentemente, \u00f3timos ganhos financeiros. O desemprego assusta aqueles que n\u00e3o criam suas pr\u00f3prias oportunidades.<\/p>\n","protected":false},"excerpt":{"rendered":"<p>O Brasil enfrenta um desafio constante no que diz respeito ao desemprego. A falta de oportunidades e a instabilidade econ\u00f4mica afetaram a vida de milh\u00f5es de brasileiros. Para muitos, as chances de recoloca\u00e7\u00e3o no mercado de trabalho s\u00e3o p\u00edfias, sobretudo quando os desempregados tentam conseguir um emprego com ganhos equivalentes aos que tinham. De acordo [&hellip;]<\/p>\n","protected":false},"author":2,"featured_media":9985,"comment_status":"open","ping_status":"open","sticky":false,"template":"","format":"standard","meta":{"_jetpack_memberships_contains_paid_content":false,"footnotes":""},"categories":[51],"tags":[7648],"featured_image_src":{"landsacpe":["https:\/\/revistaempresarios.net\/web\/wp-content\/uploads\/2023\/06\/fabf710b8cf46cce07d8599d453a2909_XL-1140x445.jpg",1140,445,true],"list":["https:\/\/revistaempresarios.net\/web\/wp-content\/uploads\/2023\/06\/fabf710b8cf46cce07d8599d453a2909_XL-463x348.jpg",463,348,true],"medium":["https:\/\/revistaempresarios.net\/web\/wp-content\/uploads\/2023\/06\/fabf710b8cf46cce07d8599d453a2909_XL-284x300.jpg",284,300,true],"full":["https:\/\/revistaempresarios.net\/web\/wp-content\/uploads\/2023\/06\/fabf710b8cf46cce07d8599d453a2909_XL.jpg",1220,1290,false]},"jetpack_sharing_enabled":true,"jetpack_featured_media_url":"https:\/\/revistaempresarios.net\/web\/wp-content\/uploads\/2023\/06\/fabf710b8cf46cce07d8599d453a2909_XL.jpg","jetpack-related-posts":[],"_links":{"self":[{"href":"https:\/\/revistaempresarios.net\/web\/wp-json\/wp\/v2\/posts\/9984"}],"collection":[{"href":"https:\/\/revistaempresarios.net\/web\/wp-json\/wp\/v2\/posts"}],"about":[{"href":"https:\/\/revistaempresarios.net\/web\/wp-json\/wp\/v2\/types\/post"}],"author":[{"embeddable":true,"href":"https:\/\/revistaempresarios.net\/web\/wp-json\/wp\/v2\/users\/2"}],"replies":[{"embeddable":true,"href":"https:\/\/revistaempresarios.net\/web\/wp-json\/wp\/v2\/comments?post=9984"}],"version-history":[{"count":1,"href":"https:\/\/revistaempresarios.net\/web\/wp-json\/wp\/v2\/posts\/9984\/revisions"}],"predecessor-version":[{"id":9986,"href":"https:\/\/revistaempresarios.net\/web\/wp-json\/wp\/v2\/posts\/9984\/revisions\/9986"}],"wp:featuredmedia":[{"embeddable":true,"href":"https:\/\/revistaempresarios.net\/web\/wp-json\/wp\/v2\/media\/9985"}],"wp:attachment":[{"href":"https:\/\/revistaempresarios.net\/web\/wp-json\/wp\/v2\/media?parent=9984"}],"wp:term":[{"taxonomy":"category","embeddable":true,"href":"https:\/\/revistaempresarios.net\/web\/wp-json\/wp\/v2\/categories?post=9984"},{"taxonomy":"post_tag","embeddable":true,"href":"https:\/\/revistaempresarios.net\/web\/wp-json\/wp\/v2\/tags?post=9984"}],"curies":[{"name":"wp","href":"https:\/\/api.w.org\/{rel}","templated":true}]}}