{"id":9954,"date":"2023-06-20T12:16:42","date_gmt":"2023-06-20T15:16:42","guid":{"rendered":"https:\/\/revistaempresarios.net\/web\/?p=9954"},"modified":"2023-06-20T12:16:42","modified_gmt":"2023-06-20T15:16:42","slug":"crescimentum-celebra-20-anos-na-lideranca-do-mercado-de-educacao-corporativa-na-expo-cbtd-2023","status":"publish","type":"post","link":"https:\/\/revistaempresarios.net\/web\/2023\/06\/20\/crescimentum-celebra-20-anos-na-lideranca-do-mercado-de-educacao-corporativa-na-expo-cbtd-2023\/","title":{"rendered":"Crescimentum celebra 20 anos na lideran\u00e7a do mercado de educa\u00e7\u00e3o corporativa na Expo CBTD 2023"},"content":{"rendered":"<p>Na 38\u00aa edi\u00e7\u00e3o do Congresso Brasileiro de Treinamento e Desenvolvimento, a empresa oferece palestras e atividades abertas ao p\u00fablico, al\u00e9m da programa\u00e7\u00e3o oficial<\/p>\n<p>Considerada a maior empresa de educa\u00e7\u00e3o corporativa do Brasil, a Crescimentum entra pelo 16\u00ba ano como uma das principais representantes do setor na 38\u00aa edi\u00e7\u00e3o do Congresso Brasileiro de Treinamento e Desenvolvimento (Expo CBTD 2023).<\/p>\n<p>Dentro do evento, focado no desenvolvimento de pessoas nas grandes organiza\u00e7\u00f5es, em 2022, a empresa teve 02 palestrantes eleitos no top 5 da programa\u00e7\u00e3o oficial, dentre in\u00fameros participantes. Em um dos maiores stands da feira, com 36 metros quadrados, este ano repetir\u00e1 a f\u00f3rmula de sucesso do ano anterior, oferecendo extensa programa\u00e7\u00e3o aberta ao p\u00fablico entre os dias 21 e 23 de junho, no ProMagno Centro de Eventos, em S\u00e3o Paulo-SP, que vai desde medita\u00e7\u00f5es em plena movimenta\u00e7\u00e3o da feira, palestras e apresenta\u00e7\u00e3o de cases com clientes, at\u00e9 um almo\u00e7o no stand para congressistas compartilharem seus aprendizados e ainda um happy hour para celebrar os 20 anos da empresa.<\/p>\n<p>As palestras focar\u00e3o nos desafios de quem precisa desenvolver pessoas a partir das 4 especialidades da empresa: lideran\u00e7a &amp; human skills, cultura organizacional, coaching &amp; mentoring e vendas &amp; atendimento, com cases de clientes como Heineken, Vibra, entre outros.<\/p>\n<p>Para Priscilla Flecha, s\u00f3cia-diretora da Crescimentum, os 03 dias de Congresso trazem uma experi\u00eancia completa e rica nas \u00e1reas de T&amp;D, RH e Gest\u00e3o de Pessoas.<\/p>\n<p>\u201c\u00c9 o evento mais importante de T&amp;D da Am\u00e9rica Latina. Um momento essencial para estar pr\u00f3ximo dos clientes, esclarecer d\u00favidas, tomar um caf\u00e9, ver o que h\u00e1 de novo e iniciar poss\u00edveis novos projetos e parcerias\u201d, explica Priscilla.<\/p>\n<p>Entre os assuntos abordados pela Crescimentum, podemos destacar alguns dos temas mais atuais no universo de gest\u00e3o de pessoas e futuro do trabalho, como as habilidades da lideran\u00e7a do futuro, como construir ambientes com seguran\u00e7a psicol\u00f3gica, o poder do mentoring e das conversas de carreira, cultura organizacional e seu papel no engajamento de pessoas e como alavancar o impacto das vendas nos neg\u00f3cios.<\/p>\n<p>Arthur Diniz, CEO e fundador da Crescimentum, ressalta, ainda, que toda experi\u00eancia proposta este ano se conecta diretamente ao treinamento mais impactante da empresa, o L\u00edder do Futuro.<\/p>\n<p>\u201cEstamos comemorando 20 anos de empresa esse ano com mais de 200 turmas de L\u00edder do Futuro realizadas, formando mais de 10.000 l\u00edderes que impactam diretamente milh\u00f5es de pessoas no mundo. J\u00e1 realizamos turmas no Brasil, Estados Unidos, Fran\u00e7a, Portugal e em breve teremos muitas outras na Am\u00e9rica Latina e Europa. Como parte do Cegos Group, um dos maiores grupos de Educa\u00e7\u00e3o Corporativa no mundo, ver o L\u00edder do Futuro transformando cada vez mais pessoas me traz orgulho, felicidade e disposi\u00e7\u00e3o para continuar impactando vidas e contribuir para um mundo melhor\u201d, comenta Arthur Diniz.<\/p>\n<p>Al\u00e9m de todo o conte\u00fado com grandes experts do mercado, a empresa apresentar\u00e1 ainda um raio-x com o perfil do papel da lideran\u00e7a brasileira, tamb\u00e9m ser\u00e1 trazido pela Crescimentum dentro da Expo CBTD 2023, com dados extra\u00eddos de 17 anos de aplica\u00e7\u00e3o do programa L\u00edder do Futuro.<\/p>\n<p>Ao todo, 05 mil pessoas se re\u00fanem neste evento aberto ao p\u00fablico em seus dias de realiza\u00e7\u00e3o.<\/p>\n<p><strong>Servi\u00e7o: Expo CBTD 2023<\/strong><br \/>\nDias: 21 a 23 de junho<br \/>\nHor\u00e1rio: das 08h \u00e0s 20h<br \/>\nLocal: ProMagno Centro de Eventos, em S\u00e3o Paulo-SP<br \/>\nSite: CBTD 2023 &#8211; ABTD NACIONAL<\/p>\n<p>Sobre: 38\u00aa edi\u00e7\u00e3o do maior Congresso de Treinamento e Desenvolvimento da Am\u00e9rica Latina<br \/>\nLink palestrantes: https:\/\/materiais.crescimentum.com.br\/cbtd-2023<\/p>\n<p><strong>Sobre a Crescimentum<\/strong><\/p>\n<p>Desde 2003, a Crescimentum \u00e9 guiada por essa miss\u00e3o: a de fazer um mundo melhor transformando pessoas em seres humanos extraordin\u00e1rios. Iniciou sua trajet\u00f3ria em lideran\u00e7a com o lan\u00e7amento do revolucion\u00e1rio L\u00edder do Futuro: um programa imersivo que j\u00e1 transformou mais de 15 mil l\u00edderes e mais de mil empresas no Brasil e no mundo, evoluindo para as \u00e1reas de Coaching &amp; Mentoring e Cultura Organizacional, com forma\u00e7\u00f5es e programas in company. Desde 2021, se especializou tamb\u00e9m em treinamentos de Vendas e Atendimento a partir da aquisi\u00e7\u00e3o de um dos players mais reconhecidos do mercado, a Posiciona Educa\u00e7\u00e3o e Desenvolvimento. \u00c9 parte do Cegos Group, maior grupo de T&amp;D do mundo, presente em 50 pa\u00edses, o que oferece estrutura e recursos para operar em m\u00faltiplos idiomas.<\/p>\n<p><strong>Mais informa\u00e7\u00f5es: https:\/\/crescimentum.com.br\/<\/strong><\/p>\n","protected":false},"excerpt":{"rendered":"<p>Na 38\u00aa edi\u00e7\u00e3o do Congresso Brasileiro de Treinamento e Desenvolvimento, a empresa oferece palestras e atividades abertas ao p\u00fablico, al\u00e9m da programa\u00e7\u00e3o oficial Considerada a maior empresa de educa\u00e7\u00e3o corporativa do Brasil, a Crescimentum entra pelo 16\u00ba ano como uma das principais representantes do setor na 38\u00aa edi\u00e7\u00e3o do Congresso Brasileiro de Treinamento e Desenvolvimento [&hellip;]<\/p>\n","protected":false},"author":2,"featured_media":9955,"comment_status":"open","ping_status":"open","sticky":false,"template":"","format":"standard","meta":{"_jetpack_memberships_contains_paid_content":false,"footnotes":""},"categories":[51,58,60],"tags":[7637],"featured_image_src":{"landsacpe":["https:\/\/revistaempresarios.net\/web\/wp-content\/uploads\/2023\/06\/59c0522e-1e90-4cf0-8c92-13d76849aaa6-683x445.jpg",683,445,true],"list":["https:\/\/revistaempresarios.net\/web\/wp-content\/uploads\/2023\/06\/59c0522e-1e90-4cf0-8c92-13d76849aaa6-463x348.jpg",463,348,true],"medium":["https:\/\/revistaempresarios.net\/web\/wp-content\/uploads\/2023\/06\/59c0522e-1e90-4cf0-8c92-13d76849aaa6-200x300.jpg",200,300,true],"full":["https:\/\/revistaempresarios.net\/web\/wp-content\/uploads\/2023\/06\/59c0522e-1e90-4cf0-8c92-13d76849aaa6.jpg",683,1024,false]},"jetpack_sharing_enabled":true,"jetpack_featured_media_url":"https:\/\/revistaempresarios.net\/web\/wp-content\/uploads\/2023\/06\/59c0522e-1e90-4cf0-8c92-13d76849aaa6.jpg","jetpack-related-posts":[],"_links":{"self":[{"href":"https:\/\/revistaempresarios.net\/web\/wp-json\/wp\/v2\/posts\/9954"}],"collection":[{"href":"https:\/\/revistaempresarios.net\/web\/wp-json\/wp\/v2\/posts"}],"about":[{"href":"https:\/\/revistaempresarios.net\/web\/wp-json\/wp\/v2\/types\/post"}],"author":[{"embeddable":true,"href":"https:\/\/revistaempresarios.net\/web\/wp-json\/wp\/v2\/users\/2"}],"replies":[{"embeddable":true,"href":"https:\/\/revistaempresarios.net\/web\/wp-json\/wp\/v2\/comments?post=9954"}],"version-history":[{"count":1,"href":"https:\/\/revistaempresarios.net\/web\/wp-json\/wp\/v2\/posts\/9954\/revisions"}],"predecessor-version":[{"id":9956,"href":"https:\/\/revistaempresarios.net\/web\/wp-json\/wp\/v2\/posts\/9954\/revisions\/9956"}],"wp:featuredmedia":[{"embeddable":true,"href":"https:\/\/revistaempresarios.net\/web\/wp-json\/wp\/v2\/media\/9955"}],"wp:attachment":[{"href":"https:\/\/revistaempresarios.net\/web\/wp-json\/wp\/v2\/media?parent=9954"}],"wp:term":[{"taxonomy":"category","embeddable":true,"href":"https:\/\/revistaempresarios.net\/web\/wp-json\/wp\/v2\/categories?post=9954"},{"taxonomy":"post_tag","embeddable":true,"href":"https:\/\/revistaempresarios.net\/web\/wp-json\/wp\/v2\/tags?post=9954"}],"curies":[{"name":"wp","href":"https:\/\/api.w.org\/{rel}","templated":true}]}}