{"id":9873,"date":"2023-06-19T19:27:33","date_gmt":"2023-06-19T22:27:33","guid":{"rendered":"https:\/\/revistaempresarios.net\/web\/?p=9873"},"modified":"2023-06-19T19:27:33","modified_gmt":"2023-06-19T22:27:33","slug":"tecnica-e-treinavel-carater-nao-diz-empresaria","status":"publish","type":"post","link":"https:\/\/revistaempresarios.net\/web\/2023\/06\/19\/tecnica-e-treinavel-carater-nao-diz-empresaria\/","title":{"rendered":"&#8220;T\u00e9cnica \u00e9 trein\u00e1vel, car\u00e1ter n\u00e3o&#8221;, diz empres\u00e1ria"},"content":{"rendered":"<div class=\"itemBody\">\n<div class=\"itemIntroText\">\n<p>A empreendedora Amanda Oliveira, fundadora da Lashes For You e da Hair For You, explica o que considera prioridade na hora de contratar funcion\u00e1rios<\/p>\n<\/div>\n<div class=\"itemFullText\">\n<p>A contrata\u00e7\u00e3o de profissionais adequados \u00e9 importante para o sucesso de qualquer empresa. Mas como escolher as pessoas mais adequadas para fazer parte da equipe? \u00c9 mais importante escolher um novo integrante considerando o know how ou os valores, especialmente quando se trata de um neg\u00f3cio na \u00e1rea de est\u00e9tica?<\/p>\n<p>De acordo com Amanda Oliveira, fundadora da Lashes For You e da Hair For You, empresas da \u00e1rea de beleza, \u00e9 mais importante priorizar os valores, o car\u00e1ter. \u201cA vis\u00e3o de vida de cada um \u00e9 algo \u00fanico e ela precisa se adequar aos prop\u00f3sitos da empresa. A t\u00e9cnica \u00e9 trein\u00e1vel, o car\u00e1ter n\u00e3o. Por isso n\u00e3o dou prioridade na contrata\u00e7\u00e3o de quem j\u00e1 sabe tudo sobre a t\u00e9cnica, mas sim a pessoas que estejam na mesma \u201cfrequ\u00eancia\u201d da empresa\u201d, explica.<\/p>\n<p>A empreendedora afirma que tanto a Lashes For You quanto a Hair For You j\u00e1 t\u00eam uma cultura muito bem definida, por isso o candidato precisa demonstrar caracter\u00edsticas que se relacionam com essa cultura. \u201cAlgumas coisas s\u00e3o essenciais para a gente, como bom humor, acolhimento ao cliente, trabalho em equipe e desenvolvimento da marca. Todos temos o mesmo prop\u00f3sito, por isso \u00e9 importante que novos integrantes se incluam nisso. As t\u00e9cnicas, por sua vez, a pessoa vai aprender e treinar ao chegar na empresa\u201d, diz.<\/p>\n<p>O treinamento, ali\u00e1s, \u00e9 realizado todas as segundas-feiras nas empresas de Amanda. \u201cCostumo dizer que uma equipe boa \u00e9 uma equipe bem treinada. A informa\u00e7\u00e3o vai se perdendo ao longo do tempo, isso \u00e9 natural, por isso a import\u00e2ncia de haver treinamentos constantes\u201d, relata.<\/p>\n<p>E qual a melhor forma de saber se o candidato realmente tem valores parecidos com os da empresa? Para Amanda, o que melhor funciona \u00e9 deixar o clima mais descontra\u00eddo poss\u00edvel, j\u00e1 que, segundo a empres\u00e1ria, em um ambiente cheio de tens\u00e3o, como o de uma entrevista, n\u00e3o seria poss\u00edvel conhecer bem o candidato.<\/p>\n<p>\u201cEu pergunto da fam\u00edlia, dos hobbies, da din\u00e2mica de vida. S\u00f3 assim consigo saber os valores e ambi\u00e7\u00f5es da pessoa. Eu, geralmente, n\u00e3o pergunto o quanto ela \u00e9 boa na execu\u00e7\u00e3o de uma t\u00e9cnica espec\u00edfica, mas como ela lida com relacionamentos em equipe, com suas emo\u00e7\u00f5es. S\u00f3 a\u00ed \u00e9 poss\u00edvel compreender um pouco mais sobre a pessoa e ter mais seguran\u00e7a para a tomada de decis\u00e3o. Eu digo que n\u00e3o fa\u00e7o entrevistas, eu tomo caf\u00e9 com candidatos\u201d, brinca.<\/p>\n<p>Sobre Amanda Oliveira<\/p>\n<p>Amanda Oliveira \u00e9 empreendedora e fundadora da Lashes For You e da Hair For You, empresas da \u00e1rea de beleza. Come\u00e7ou a trabalhar aos 13 anos, fazendo de \u201ctudo um pouco\u201d como gosta de dizer, j\u00e1 tendo sido operadora de telemarketing, vendedora e gerente de lojas at\u00e9 se tornar empres\u00e1ria. De origem humilde, sempre acreditou que alcan\u00e7aria o sucesso e hoje gosta de contar sua hist\u00f3ria e estimular o empreendedorismo feminino.<\/p>\n<\/div>\n<\/div>\n<div class=\"e-mailit_toolbox circular  size48\">\n<div class=\"e-mailit_btn_EMAILiT\"><\/div>\n<\/div>\n","protected":false},"excerpt":{"rendered":"<p>A empreendedora Amanda Oliveira, fundadora da Lashes For You e da Hair For You, explica o que considera prioridade na hora de contratar funcion\u00e1rios A contrata\u00e7\u00e3o de profissionais adequados \u00e9 importante para o sucesso de qualquer empresa. Mas como escolher as pessoas mais adequadas para fazer parte da equipe? \u00c9 mais importante escolher um novo [&hellip;]<\/p>\n","protected":false},"author":2,"featured_media":9874,"comment_status":"open","ping_status":"open","sticky":false,"template":"","format":"standard","meta":{"_jetpack_memberships_contains_paid_content":false,"_joinchat":[],"footnotes":""},"categories":[51],"tags":[7599,7600,7601],"featured_image_src":{"landsacpe":["https:\/\/revistaempresarios.net\/web\/wp-content\/uploads\/2023\/06\/b4e51027d9b2395bfd05db1d76a8b954_XL-1140x445.jpg",1140,445,true],"list":["https:\/\/revistaempresarios.net\/web\/wp-content\/uploads\/2023\/06\/b4e51027d9b2395bfd05db1d76a8b954_XL-463x348.jpg",463,348,true],"medium":["https:\/\/revistaempresarios.net\/web\/wp-content\/uploads\/2023\/06\/b4e51027d9b2395bfd05db1d76a8b954_XL-300x285.jpg",300,285,true],"full":["https:\/\/revistaempresarios.net\/web\/wp-content\/uploads\/2023\/06\/b4e51027d9b2395bfd05db1d76a8b954_XL.jpg",1220,1159,false]},"jetpack_sharing_enabled":true,"jetpack_featured_media_url":"https:\/\/revistaempresarios.net\/web\/wp-content\/uploads\/2023\/06\/b4e51027d9b2395bfd05db1d76a8b954_XL.jpg","jetpack-related-posts":[],"_links":{"self":[{"href":"https:\/\/revistaempresarios.net\/web\/wp-json\/wp\/v2\/posts\/9873"}],"collection":[{"href":"https:\/\/revistaempresarios.net\/web\/wp-json\/wp\/v2\/posts"}],"about":[{"href":"https:\/\/revistaempresarios.net\/web\/wp-json\/wp\/v2\/types\/post"}],"author":[{"embeddable":true,"href":"https:\/\/revistaempresarios.net\/web\/wp-json\/wp\/v2\/users\/2"}],"replies":[{"embeddable":true,"href":"https:\/\/revistaempresarios.net\/web\/wp-json\/wp\/v2\/comments?post=9873"}],"version-history":[{"count":1,"href":"https:\/\/revistaempresarios.net\/web\/wp-json\/wp\/v2\/posts\/9873\/revisions"}],"predecessor-version":[{"id":9875,"href":"https:\/\/revistaempresarios.net\/web\/wp-json\/wp\/v2\/posts\/9873\/revisions\/9875"}],"wp:featuredmedia":[{"embeddable":true,"href":"https:\/\/revistaempresarios.net\/web\/wp-json\/wp\/v2\/media\/9874"}],"wp:attachment":[{"href":"https:\/\/revistaempresarios.net\/web\/wp-json\/wp\/v2\/media?parent=9873"}],"wp:term":[{"taxonomy":"category","embeddable":true,"href":"https:\/\/revistaempresarios.net\/web\/wp-json\/wp\/v2\/categories?post=9873"},{"taxonomy":"post_tag","embeddable":true,"href":"https:\/\/revistaempresarios.net\/web\/wp-json\/wp\/v2\/tags?post=9873"}],"curies":[{"name":"wp","href":"https:\/\/api.w.org\/{rel}","templated":true}]}}