{"id":9644,"date":"2023-06-12T21:09:09","date_gmt":"2023-06-13T00:09:09","guid":{"rendered":"https:\/\/revistaempresarios.net\/web\/?p=9644"},"modified":"2023-06-12T21:09:09","modified_gmt":"2023-06-13T00:09:09","slug":"bold-snacks-apresenta-novidades-na-feira-naturaltech-em-sao-paulo","status":"publish","type":"post","link":"https:\/\/revistaempresarios.net\/web\/2023\/06\/12\/bold-snacks-apresenta-novidades-na-feira-naturaltech-em-sao-paulo\/","title":{"rendered":"Bold Snacks apresenta novidades na feira Naturaltech em S\u00e3o Paulo"},"content":{"rendered":"<p>A empresa do mercado de barras de prote\u00edna marca presen\u00e7a pelo 3\u00ba ano no maior evento de produtos naturais da Am\u00e9rica Latina<\/p>\n<p>A Bold Snacks, est\u00e1 concluindo um processo in\u00e9dito de rebranding, o objetivo \u00e9 se consolidar como refer\u00eancia em barrinhas de prote\u00ednas com sabor. A marca, que j\u00e1 \u00e9 reconhecida pela qualidade dos seus produtos, visa aumentar sua relev\u00e2ncia e transmitir a import\u00e2ncia do consumo de prote\u00ednas, desafiando o segmento, ao mostrar que a alimenta\u00e7\u00e3o saud\u00e1vel tamb\u00e9m pode ser gostosa e prazerosa.<\/p>\n<p>Essa mudan\u00e7a representa uma quebra de c\u00f3digos importante, uma vez que a categoria \u00e9 extremamente competitiva, sendo pautada por funcionalidade e conveni\u00eancia. A Bold Snacks pretende ser ainda mais diferenciada no segmento, ao mostrar que \u00e9 poss\u00edvel ter uma vida equilibrada e saud\u00e1vel, sem renunciar ao sabor. A linguagem visual da marca refor\u00e7a essa mensagem com uma identidade moderna, que valoriza a individualidade e foge dos clich\u00eas.<\/p>\n<p>A evolu\u00e7\u00e3o da identidade visual inclui o logo, novos elementos propriet\u00e1rios, mais cores e as novas ondas s\u00e3o os elementos que mais chamam a aten\u00e7\u00e3o nas embalagens e a tipografia, aproximando a marca dos chocolates com uma identidade autoral. A expectativa \u00e9 ampliar a atua\u00e7\u00e3o da Bold Snacks no segmento com presen\u00e7a massiva nas lojas de conveni\u00eancia, produtos naturais, farm\u00e1cias e mercados por todo o pa\u00eds.<\/p>\n<p>&#8220;O processo de rebranding da Bold Snacks \u00e9 sem d\u00favidas nossa maior campanha at\u00e9 aqui. E &#8220;mudar&#8221; nesse momento mostra nossa vontade de fazer diferente, todos os dias. Com essa campanha, esperamos impactar nossos atuais clientes e tamb\u00e9m alcan\u00e7ar novos espa\u00e7os. Levando os momentos surreais com Bold a cada vez mais consumidores&#8221;, Ana Paula Aquino &#8211; Head de Marketing.<\/p>\n<p>A Bold Snacks vai apresentar as suas novidades na 17 edi\u00e7\u00e3o da Feira Naturaltech, de 14 a 17 de junho em S\u00e3o Paulo &#8211; SP, o evento \u00e9 considerado refer\u00eancia em produtos naturais, integrais, probi\u00f3ticos, fitoter\u00e1picos, tratamentos complementares, nutri\u00e7\u00e3o esportiva e est\u00e9tica, entre outros, e serve de vitrine para todos os profissionais e empresas que viram no segmento uma oportunidade de crescimento dos seus neg\u00f3cios.<\/p>\n<p>O objetivo da Bold Snacks \u00e9 se tornar uma marca ic\u00f4nica no Brasil, ao inspirar as pessoas a adotarem um estilo de vida equilibrado, aderente \u00e0s tend\u00eancias de comportamento e consumo globais, que apontam para um cuidado cada vez maior com a sa\u00fade integral. A nova identidade da marca ser\u00e1 \u00fanica e propriet\u00e1ria, explorando o sabor dos produtos e trabalhando tamb\u00e9m aspectos emocionais e inspiracionais.<\/p>\n<p>A prote\u00edna \u00e9 um dos principais nutrientes dos produtos Bold Snacks. Atualmente a empresa conta com duas linhas de barras de prote\u00edna em tamanhos diferentes e uma linha de chocolate em tubinhos. Tudo com prote\u00edna, zero adi\u00e7\u00e3o de a\u00e7\u00facar e diversas op\u00e7\u00f5es de sabores. E em breve a empresa apresenta outras novidades, a ideia \u00e9 aumentar o portf\u00f3lio de produtos com sabores cada vez mais incr\u00edveis. Fortalecendo a marca no mercado ainda mais.<br \/>\nEssa grande campanha de rebranding da BOLD d\u00e1 seu ponto inicial na feira Naturaltech, mas ter\u00e1 desdobramentos em diversas m\u00eddias digitais e off-line.<\/p>\n<p><strong>SERVI\u00c7O<\/strong><\/p>\n<p>Bio Brazil Fair | Naturaltech<br \/>\nQuando: de 14 a 17 de junho de 2023<br \/>\nHor\u00e1rios: das 10h \u00e0s 20h.<br \/>\nLocal: Pavilh\u00e3o de Exposi\u00e7\u00f5es do Anhembi<br \/>\nEndere\u00e7o: Avenida Olavo Fontoura, 1209 \u2013 Santana, S\u00e3o Paulo (SP).<br \/>\nO stand est\u00e1 localizado entre os corredores C e D, n\u00fameros 11 e 12.<\/p>\n<p>*Dias 14 e 15, das 10h \u00e0s 13h, exclusivo para profissionais.<br \/>\n*P\u00fablico geral somente ap\u00f3s \u00e0s 13h.<\/p>\n<p><strong>Sobre a Naturaltech e a Bio Brazil<\/strong><\/p>\n<p>Realizada pela Francal Feiras, a NATURALTECH e a BIO BRAZIL FAIR | BIOFACH AM\u00c9RICA LATINA s\u00e3o as principais feiras do setor de produtos org\u00e2nicos e naturais, incluindo alimentos, cosm\u00e9ticos e produtos pet. Elas s\u00e3o realizadas simultaneamente e re\u00fanem os principais players do mercado. Nas edi\u00e7\u00f5es anteriores, os eventos receberam mais de 36 mil visitantes e apresentaram ao menos 1.200 lan\u00e7amentos ao mercado.<br \/>\nhttps:\/\/naturaltech.com.br\/<\/p>\n<p><strong>Sobre a Bold Snacks<\/strong><\/p>\n<p>Com produ\u00e7\u00e3o industrial e de log\u00edstica pr\u00f3prias, a empresa tem sede em Divin\u00f3polis (MG), na regi\u00e3o metropolitana de Belo Horizonte. Hoje a marca est\u00e1 em todo o Brasil. S\u00e3o aproximadamente 10 mil pontos de venda f\u00edsicos e mais de 200 mil clientes pelo e-commerce.<br \/>\nA miss\u00e3o da Bold Snacks \u00e9 fazer com que as pessoas se apaixonem por alimentos saud\u00e1veis em busca de um estilo de vida mais equilibrado. Por isso, oferece produtos que unem o incompar\u00e1vel sabor do chocolate com todo o benef\u00edcio da prote\u00edna em uma variada cartela de sabores.<br \/>\nhttps:\/\/www.boldsnacks.com.br\/<br \/>\nhttps:\/\/instagram.com\/boldsnacks?igshid=YmMyMTA2M2Y=<\/p>\n","protected":false},"excerpt":{"rendered":"<p>A empresa do mercado de barras de prote\u00edna marca presen\u00e7a pelo 3\u00ba ano no maior evento de produtos naturais da Am\u00e9rica Latina A Bold Snacks, est\u00e1 concluindo um processo in\u00e9dito de rebranding, o objetivo \u00e9 se consolidar como refer\u00eancia em barrinhas de prote\u00ednas com sabor. A marca, que j\u00e1 \u00e9 reconhecida pela qualidade dos seus [&hellip;]<\/p>\n","protected":false},"author":2,"featured_media":9645,"comment_status":"open","ping_status":"open","sticky":false,"template":"","format":"standard","meta":{"_jetpack_memberships_contains_paid_content":false,"footnotes":""},"categories":[51,54,56,60],"tags":[7497],"featured_image_src":{"landsacpe":["https:\/\/revistaempresarios.net\/web\/wp-content\/uploads\/2023\/06\/670b9b97-d09e-4ed8-9242-53f58580cd95-1080x445.jpg",1080,445,true],"list":["https:\/\/revistaempresarios.net\/web\/wp-content\/uploads\/2023\/06\/670b9b97-d09e-4ed8-9242-53f58580cd95-463x348.jpg",463,348,true],"medium":["https:\/\/revistaempresarios.net\/web\/wp-content\/uploads\/2023\/06\/670b9b97-d09e-4ed8-9242-53f58580cd95-240x300.jpg",240,300,true],"full":["https:\/\/revistaempresarios.net\/web\/wp-content\/uploads\/2023\/06\/670b9b97-d09e-4ed8-9242-53f58580cd95.jpg",1080,1350,false]},"jetpack_sharing_enabled":true,"jetpack_featured_media_url":"https:\/\/revistaempresarios.net\/web\/wp-content\/uploads\/2023\/06\/670b9b97-d09e-4ed8-9242-53f58580cd95.jpg","jetpack-related-posts":[],"_links":{"self":[{"href":"https:\/\/revistaempresarios.net\/web\/wp-json\/wp\/v2\/posts\/9644"}],"collection":[{"href":"https:\/\/revistaempresarios.net\/web\/wp-json\/wp\/v2\/posts"}],"about":[{"href":"https:\/\/revistaempresarios.net\/web\/wp-json\/wp\/v2\/types\/post"}],"author":[{"embeddable":true,"href":"https:\/\/revistaempresarios.net\/web\/wp-json\/wp\/v2\/users\/2"}],"replies":[{"embeddable":true,"href":"https:\/\/revistaempresarios.net\/web\/wp-json\/wp\/v2\/comments?post=9644"}],"version-history":[{"count":1,"href":"https:\/\/revistaempresarios.net\/web\/wp-json\/wp\/v2\/posts\/9644\/revisions"}],"predecessor-version":[{"id":9646,"href":"https:\/\/revistaempresarios.net\/web\/wp-json\/wp\/v2\/posts\/9644\/revisions\/9646"}],"wp:featuredmedia":[{"embeddable":true,"href":"https:\/\/revistaempresarios.net\/web\/wp-json\/wp\/v2\/media\/9645"}],"wp:attachment":[{"href":"https:\/\/revistaempresarios.net\/web\/wp-json\/wp\/v2\/media?parent=9644"}],"wp:term":[{"taxonomy":"category","embeddable":true,"href":"https:\/\/revistaempresarios.net\/web\/wp-json\/wp\/v2\/categories?post=9644"},{"taxonomy":"post_tag","embeddable":true,"href":"https:\/\/revistaempresarios.net\/web\/wp-json\/wp\/v2\/tags?post=9644"}],"curies":[{"name":"wp","href":"https:\/\/api.w.org\/{rel}","templated":true}]}}