{"id":9638,"date":"2023-06-12T16:50:07","date_gmt":"2023-06-12T19:50:07","guid":{"rendered":"https:\/\/revistaempresarios.net\/web\/?p=9638"},"modified":"2023-06-12T16:50:07","modified_gmt":"2023-06-12T19:50:07","slug":"mudancas-na-data-de-fechamento-do-cartao-de-credito-podem-gerar-cobranca-de-ate-411-de-juros-ao-ano","status":"publish","type":"post","link":"https:\/\/revistaempresarios.net\/web\/2023\/06\/12\/mudancas-na-data-de-fechamento-do-cartao-de-credito-podem-gerar-cobranca-de-ate-411-de-juros-ao-ano\/","title":{"rendered":"Mudan\u00e7as na data de fechamento do cart\u00e3o de cr\u00e9dito podem gerar cobran\u00e7a de at\u00e9 411% de juros ao ano"},"content":{"rendered":"<h3 class=\"jeg_post_subtitle\">Advogado alerta para altera\u00e7\u00f5es realizadas por institui\u00e7\u00f5es financeiras sem comunica\u00e7\u00e3o pr\u00e9via ao cliente<\/h3>\n<div class=\"jeg_meta_container\">\n<div class=\"jeg_post_meta jeg_post_meta_1\">\n<p>Alguns bancos do pa\u00eds est\u00e3o atualmente alterando as datas de fechamento da fatura dos cart\u00f5es de cr\u00e9dito sem comunica\u00e7\u00e3o pr\u00e9via ao cliente. A pr\u00e1tica foi identificada pelo Instituto de Defesa do Consumidor (Idec) e pode levar usu\u00e1rios ao endividamento. Isso porque o intervalo de 40 dias entre as datas de fechamento e pagamento do cart\u00e3o fica reduzido.<\/p>\n<div class=\"jeg_ad jeg_ad_article jnews_content_inline_ads  \">\n<div class=\"ads-wrapper align-right \">\n<div class=\"ads_shortcode\">\n<div class=\"n2-section-smartslider fitvidsignore n2_clear\" tabindex=\"0\" role=\"region\" data-ssid=\"5\" aria-label=\"Slider\">\n<div id=\"n2-ss-5-align\" class=\"n2-ss-align n2-ss-align-visible\">\n<div class=\"n2-padding\">\n<div id=\"n2-ss-5\" class=\"n2-ss-slider n2-ow n2-has-hover n2-ss-desktopPortrait n2-ss-loaded\" data-creator=\"Smart Slider 3\" data-responsive=\"auto\" data-device-mode=\"desktopPortrait\">\n<div class=\"n2-ss-slider-1 n2_ss__touch_element n2-ow\">\n<div class=\"n2-ss-slider-2 n2-ow\">\n<div class=\"n2-ss-slider-3 n2-ow\">\n<div class=\"n2-ss-slide-backgrounds n2-ow-all\">\n<div class=\"n2-ss-slide-background\" data-public-id=\"1\" data-mode=\"fill\">\n<div class=\"n2-ss-slide-background-color\" data-color=\"RGBA(255,255,255,0)\">Deste modo, caso o consumidor n\u00e3o tenha sido informado a respeito da mudan\u00e7a e tenha utilizado o intervalo, chamado de \u2018melhor data\u2019, para a realiza\u00e7\u00e3o de uma compra maior com a programa\u00e7\u00e3o de pagamento apenas para o pr\u00f3ximo m\u00eas, ficar\u00e1 com uma d\u00edvida al\u00e9m do esperado para a fatura atual.<\/div>\n<\/div>\n<\/div>\n<\/div>\n<\/div>\n<\/div>\n<\/div>\n<\/div>\n<\/div>\n<\/div>\n<\/div>\n<\/div>\n<\/div>\n<p>\u201cNormalmente, a data de fechamento da fatura ocorria em torno de dez dias antes da data de pagamento. Neste per\u00edodo, as compras realizadas eram lan\u00e7adas apenas na pr\u00f3xima fatura. Muitos consumidores utilizavam esse prazo para comprar algo maior\u2019, explica o advogado especialista em Direito Econ\u00f4mico e do Consumidor, Woshington Reis.<\/p>\n<p>De acordo com o profissional, que \u00e9 tamb\u00e9m diretor do Tribunal de \u00c9tica e Disciplina da OAB-GO, a data de fechamento da fatura do cart\u00e3o de cr\u00e9dito \u00e9 estabelecida pela institui\u00e7\u00e3o financeira. Entretanto, \u00e9 obrigat\u00f3ria a informa\u00e7\u00e3o da mudan\u00e7a ao cliente, para que n\u00e3o haja transtornos.<\/p>\n<p>\u2018Infelizmente, o Banco Central e o Conselho Monet\u00e1rio Econ\u00f4mico n\u00e3o t\u00eam uma regula\u00e7\u00e3o que fa\u00e7a com que os bancos n\u00e3o alterem essa data. A mudan\u00e7a, por\u00e9m, n\u00e3o pode ser feita de forma unilateral, sem comunica\u00e7\u00e3o ao cliente\u2019, frisa o especialista.<\/p>\n<p><strong>Juros<\/strong><\/p>\n<p>Woshington Reis alerta ainda para os juros do cr\u00e9dito rotativo, caso o cliente tenha realizado alguma compra com previs\u00e3o de pagamento para a pr\u00f3xima fatura e a institui\u00e7\u00e3o financeira do cart\u00e3o de cr\u00e9dito reduza o intervalo entre o fechamento e o pagamento. A taxa pode chegar ao percentual de 411% ao ano, a depender do banco.<\/p>\n<p>\u2018Se ele n\u00e3o estiver preparado e tiver talvez comprado algo, \u00e9 preciso ficar atento para n\u00e3o entrar no cr\u00e9dito rotativo, oferecido ao consumidor quando ele n\u00e3o consegue fazer o pagamento total da fatura do cart\u00e3o at\u00e9 o vencimento. Os juros, hoje, no geral, est\u00e3o acima de 370% ao ano. Ent\u00e3o, poucos dias de atraso d\u00e3o um impacto muito significativo na fatura\u2019, pontua o especialista.<\/p>\n<p><strong>Quebra de Contrato<\/strong><\/p>\n<p>O advogado explica que, para evitar transtornos, \u00e9 importante que os consumidores tenham aten\u00e7\u00e3o ao que \u00e9 estabelecido nos contratos e faturas enviados pelas institui\u00e7\u00f5es. \u2018Antigamente, t\u00ednhamos faturas impressas, o que fez com que tiv\u00e9ssemos esse prazo. Hoje em dia \u00e9 digital. No entanto, \u00e9 necess\u00e1rio que as datas de fechamento e pagamento constem no documento. Como a fatura \u00e9 enviada com um prazo de 30 dias, \u00e9 importante ficar atento a poss\u00edveis altera\u00e7\u00f5es de datas, por escrito.\u201d<\/p>\n<p>Com rela\u00e7\u00e3o aos contratos, \u00e9 necess\u00e1rio, de acordo com Woshington Reis, ter conhecimento do que est\u00e1 estipulado no documento em rela\u00e7\u00e3o \u00e0s datas permitidas. Caso n\u00e3o haja a informa\u00e7\u00e3o adequada autorizada pelo cliente, a orienta\u00e7\u00e3o \u00e9 entrar em contato com a institui\u00e7\u00e3o financeira contratada.<\/p>\n<p>Se o problema n\u00e3o puder ser resolvido, o cliente pode buscar os \u00f3rg\u00e3os de defesa do consumidor ou, em caso de danos, recorrer ao Poder Judici\u00e1rio por meio de um advogado especialista para buscar as devidas repara\u00e7\u00f5es<\/p>\n<\/div>\n<\/div>\n","protected":false},"excerpt":{"rendered":"<p>Advogado alerta para altera\u00e7\u00f5es realizadas por institui\u00e7\u00f5es financeiras sem comunica\u00e7\u00e3o pr\u00e9via ao cliente Alguns bancos do pa\u00eds est\u00e3o atualmente alterando as datas de fechamento da fatura dos cart\u00f5es de cr\u00e9dito sem comunica\u00e7\u00e3o pr\u00e9via ao cliente. A pr\u00e1tica foi identificada pelo Instituto de Defesa do Consumidor (Idec) e pode levar usu\u00e1rios ao endividamento. Isso porque o [&hellip;]<\/p>\n","protected":false},"author":2,"featured_media":9639,"comment_status":"open","ping_status":"open","sticky":false,"template":"","format":"standard","meta":{"_jetpack_memberships_contains_paid_content":false,"footnotes":""},"categories":[51,54,57,60],"tags":[7495],"featured_image_src":{"landsacpe":["https:\/\/revistaempresarios.net\/web\/wp-content\/uploads\/2023\/06\/Cartao-de-beneficio-750x375-1.jpg",750,375,false],"list":["https:\/\/revistaempresarios.net\/web\/wp-content\/uploads\/2023\/06\/Cartao-de-beneficio-750x375-1-463x348.jpg",463,348,true],"medium":["https:\/\/revistaempresarios.net\/web\/wp-content\/uploads\/2023\/06\/Cartao-de-beneficio-750x375-1-300x150.jpg",300,150,true],"full":["https:\/\/revistaempresarios.net\/web\/wp-content\/uploads\/2023\/06\/Cartao-de-beneficio-750x375-1.jpg",750,375,false]},"jetpack_sharing_enabled":true,"jetpack_featured_media_url":"https:\/\/revistaempresarios.net\/web\/wp-content\/uploads\/2023\/06\/Cartao-de-beneficio-750x375-1.jpg","jetpack-related-posts":[],"_links":{"self":[{"href":"https:\/\/revistaempresarios.net\/web\/wp-json\/wp\/v2\/posts\/9638"}],"collection":[{"href":"https:\/\/revistaempresarios.net\/web\/wp-json\/wp\/v2\/posts"}],"about":[{"href":"https:\/\/revistaempresarios.net\/web\/wp-json\/wp\/v2\/types\/post"}],"author":[{"embeddable":true,"href":"https:\/\/revistaempresarios.net\/web\/wp-json\/wp\/v2\/users\/2"}],"replies":[{"embeddable":true,"href":"https:\/\/revistaempresarios.net\/web\/wp-json\/wp\/v2\/comments?post=9638"}],"version-history":[{"count":1,"href":"https:\/\/revistaempresarios.net\/web\/wp-json\/wp\/v2\/posts\/9638\/revisions"}],"predecessor-version":[{"id":9640,"href":"https:\/\/revistaempresarios.net\/web\/wp-json\/wp\/v2\/posts\/9638\/revisions\/9640"}],"wp:featuredmedia":[{"embeddable":true,"href":"https:\/\/revistaempresarios.net\/web\/wp-json\/wp\/v2\/media\/9639"}],"wp:attachment":[{"href":"https:\/\/revistaempresarios.net\/web\/wp-json\/wp\/v2\/media?parent=9638"}],"wp:term":[{"taxonomy":"category","embeddable":true,"href":"https:\/\/revistaempresarios.net\/web\/wp-json\/wp\/v2\/categories?post=9638"},{"taxonomy":"post_tag","embeddable":true,"href":"https:\/\/revistaempresarios.net\/web\/wp-json\/wp\/v2\/tags?post=9638"}],"curies":[{"name":"wp","href":"https:\/\/api.w.org\/{rel}","templated":true}]}}