{"id":9602,"date":"2023-06-12T09:00:54","date_gmt":"2023-06-12T12:00:54","guid":{"rendered":"https:\/\/revistaempresarios.net\/web\/?p=9602"},"modified":"2023-06-12T09:00:54","modified_gmt":"2023-06-12T12:00:54","slug":"profissionais-do-mercado-digital-ajudam-a-capitalizar-o-setor","status":"publish","type":"post","link":"https:\/\/revistaempresarios.net\/web\/2023\/06\/12\/profissionais-do-mercado-digital-ajudam-a-capitalizar-o-setor\/","title":{"rendered":"Profissionais do mercado digital ajudam a capitalizar o setor"},"content":{"rendered":"<p class=\"fst-italic text-center\">Crescimento do uso de redes sociais e outros tipos de plataformas digitais aumentou a necessidade de estrutura\u00e7\u00e3o dos neg\u00f3cios explica o mentor de ag\u00eancias Igor Moraes<\/p>\n<div>\n<p>\u201cA falta de processos definidos, replic\u00e1veis, escal\u00e1veis e organizados fazem voc\u00ea perder tempo, lucratividade, produtividade e competitividade\u201d. Essa foi uma das frases que norteou a palestra ministrada pelo mentor de ag\u00eancias Igor Moraes, no E-Summit 2023, congresso de marketing digital promovido pela Etus.<\/p>\n<p>Eleito TOP 100 Profissionais do Mercado Digital pela Cloudez, plataforma de automa\u00e7\u00e3o e gerenciamento focada em armazenamento na nuvem, Igor Moraes tamb\u00e9m \u00e9 consultor de marketing e vendas. Com o crescimento do uso de redes sociais e outros tipos de plataformas digitais, e o surgimento de um mercado em torno dessas novas tecnologias, o mentor decidiu ajudar ag\u00eancias digitais e prestadores de servi\u00e7o a escalarem seus neg\u00f3cios, entregarem mais valor com servi\u00e7os de marketing e vendas para obter mais efici\u00eancia e lucro.<\/p>\n<p>Moraes explica, que nos \u00faltimos anos t\u00eam visto a demanda por profissionais do mercado digital aumentarem, n\u00e3o s\u00f3 no Brasil, mas em todo o mundo. \u201cJ\u00e1 s\u00e3o bilh\u00f5es de pessoas usando a internet de alguma forma, e os profissionais de marketing digital ajudam a capitalizar essa ind\u00fastria\u201d.<\/p>\n<p>Foi pensando nesse cen\u00e1rio que o profissional decidiu mentorar ag\u00eancias de marketing e profissionais da \u00e1rea baseado na experi\u00eancia que construiu nos \u00faltimos 12 anos atendendo mais de 500 empresas no Brasil, Australia e EUA. Isso j\u00e1 o fez estar em mais de 20 cidades palestrando, al\u00e9m de ter treinado mais de duas mil ag\u00eancias em cursos e mentorias presenciais e online.<\/p>\n<p>Moraes esclarece que independente do tamanho do empreendimento \u00e9 necess\u00e1rio entender quais tipos de entregas s\u00e3o oferecidas para que os servi\u00e7os sejam ofertados da melhor maneira. \u201cPara suprir as demandas do mercado e aproveitar todas as oportunidades de neg\u00f3cios \u00e9 necess\u00e1rio definir processos e metas, pois, quando existe um trabalho estruturado \u00e9 poss\u00edvel oferecer um trabalho de qualidade e lucrar at\u00e9 dez vezes mais\u201d.<\/p>\n<p><strong>Mercado digital em movimento<\/strong><\/p>\n<p>Um estudo feito pelo Observat\u00f3rio Nacional da Ind\u00fastria aponta que a demanda por profissionais nas \u00e1reas digitais ser\u00e1 de 779.000 nos pr\u00f3ximos tr\u00eas anos. Os dados corroboram para a necessidade de capacita\u00e7\u00e3o e investimento na \u00e1rea.<\/p>\n<p>O casal Pedro e Nathalia Luz, de S\u00e3o Jos\u00e9 dos Campos \u2013 SP, s\u00e3o mentorados do Igor e estiveram presentes no E-Summit. \u201cCom o Igor aprendemos o qu\u00e3o importante \u00e9 a ambi\u00eancia, por isso estar em um evento como esse \u00e9 t\u00e3o importante, mas al\u00e9m disso conseguimos melhorar nossos processos e aumentar nosso faturamento\u201d, contam.<\/p>\n<p>Segundo o especialista, quer a empresa seja uma \u201ceug\u00eancia\u201d, termo usado para quem trabalha sozinho, ou uma ag\u00eancia pequena ou de m\u00e9dio porte, uma an\u00e1lise detalhada no neg\u00f3cio te abre possibilidades de como escalar e aumentar seu faturamento, e deixa uma dica de ouro para quem quer atingir um novo n\u00edvel: \u201ccomece pelo b\u00e1sico bem feito\u201d, encerra Igor Moraes.<\/p>\n<\/div>\n<div class=\"text-center\">\n<div class=\"mt-5\"><\/div>\n<\/div>\n","protected":false},"excerpt":{"rendered":"<p>Crescimento do uso de redes sociais e outros tipos de plataformas digitais aumentou a necessidade de estrutura\u00e7\u00e3o dos neg\u00f3cios explica o mentor de ag\u00eancias Igor Moraes \u201cA falta de processos definidos, replic\u00e1veis, escal\u00e1veis e organizados fazem voc\u00ea perder tempo, lucratividade, produtividade e competitividade\u201d. Essa foi uma das frases que norteou a palestra ministrada pelo mentor [&hellip;]<\/p>\n","protected":false},"author":2,"featured_media":9603,"comment_status":"open","ping_status":"open","sticky":false,"template":"","format":"standard","meta":{"_jetpack_memberships_contains_paid_content":false,"footnotes":""},"categories":[51,54,56,57,60,62],"tags":[7482],"featured_image_src":{"landsacpe":["https:\/\/revistaempresarios.net\/web\/wp-content\/uploads\/2023\/06\/Profissionais-do-mercado-digital-ajudam-a-capitalizar-o-setor-699x445.jpg",699,445,true],"list":["https:\/\/revistaempresarios.net\/web\/wp-content\/uploads\/2023\/06\/Profissionais-do-mercado-digital-ajudam-a-capitalizar-o-setor-463x348.jpg",463,348,true],"medium":["https:\/\/revistaempresarios.net\/web\/wp-content\/uploads\/2023\/06\/Profissionais-do-mercado-digital-ajudam-a-capitalizar-o-setor-300x242.jpg",300,242,true],"full":["https:\/\/revistaempresarios.net\/web\/wp-content\/uploads\/2023\/06\/Profissionais-do-mercado-digital-ajudam-a-capitalizar-o-setor.jpg",699,563,false]},"jetpack_sharing_enabled":true,"jetpack_featured_media_url":"https:\/\/revistaempresarios.net\/web\/wp-content\/uploads\/2023\/06\/Profissionais-do-mercado-digital-ajudam-a-capitalizar-o-setor.jpg","jetpack-related-posts":[],"_links":{"self":[{"href":"https:\/\/revistaempresarios.net\/web\/wp-json\/wp\/v2\/posts\/9602"}],"collection":[{"href":"https:\/\/revistaempresarios.net\/web\/wp-json\/wp\/v2\/posts"}],"about":[{"href":"https:\/\/revistaempresarios.net\/web\/wp-json\/wp\/v2\/types\/post"}],"author":[{"embeddable":true,"href":"https:\/\/revistaempresarios.net\/web\/wp-json\/wp\/v2\/users\/2"}],"replies":[{"embeddable":true,"href":"https:\/\/revistaempresarios.net\/web\/wp-json\/wp\/v2\/comments?post=9602"}],"version-history":[{"count":1,"href":"https:\/\/revistaempresarios.net\/web\/wp-json\/wp\/v2\/posts\/9602\/revisions"}],"predecessor-version":[{"id":9604,"href":"https:\/\/revistaempresarios.net\/web\/wp-json\/wp\/v2\/posts\/9602\/revisions\/9604"}],"wp:featuredmedia":[{"embeddable":true,"href":"https:\/\/revistaempresarios.net\/web\/wp-json\/wp\/v2\/media\/9603"}],"wp:attachment":[{"href":"https:\/\/revistaempresarios.net\/web\/wp-json\/wp\/v2\/media?parent=9602"}],"wp:term":[{"taxonomy":"category","embeddable":true,"href":"https:\/\/revistaempresarios.net\/web\/wp-json\/wp\/v2\/categories?post=9602"},{"taxonomy":"post_tag","embeddable":true,"href":"https:\/\/revistaempresarios.net\/web\/wp-json\/wp\/v2\/tags?post=9602"}],"curies":[{"name":"wp","href":"https:\/\/api.w.org\/{rel}","templated":true}]}}