{"id":9589,"date":"2023-06-12T08:47:01","date_gmt":"2023-06-12T11:47:01","guid":{"rendered":"https:\/\/revistaempresarios.net\/web\/?p=9589"},"modified":"2023-06-12T08:47:01","modified_gmt":"2023-06-12T11:47:01","slug":"dia-dos-namorados-tende-a-acelerar-as-vendas-de-produtos-de-beleza-no-brasil","status":"publish","type":"post","link":"https:\/\/revistaempresarios.net\/web\/2023\/06\/12\/dia-dos-namorados-tende-a-acelerar-as-vendas-de-produtos-de-beleza-no-brasil\/","title":{"rendered":"Dia dos Namorados tende a acelerar as vendas de produtos de beleza no Brasil"},"content":{"rendered":"<p class=\"fst-italic text-center\">Marcas de luxo e kits de fragr\u00e2ncias s\u00e3o destaque na comercializa\u00e7\u00e3o da categoria no m\u00eas de junho<\/p>\n<div>\n<p>O Dia dos Namorados tende a impulsionar as vendas de produtos de beleza premium no Brasil. Dados da Circana, empresa l\u00edder global em tecnologia de dados para an\u00e1lise do comportamento do consumidor, apontam que em 2022 o m\u00eas de junho seguiu a tend\u00eancia do setor e cresceu dois d\u00edgitos em rela\u00e7\u00e3o ao ano de 2021.<\/p>\n<p>Monitorada constantemente pela Circana, a performance do setor de beleza no mercado de prest\u00edgio &#8211; marcas de luxo &#8211; segue sendo altamente influenciada pelas datas mais importantes do varejo brasileiro. No ano passado, o Dia dos Namorados fez com que junho se tornasse um dos quatro meses mais importantes para o setor de beleza, juntamente com maio (Dia das M\u00e3es), novembro (Black Friday) e dezembro (Natal).<\/p>\n<p>Quando o monitoramento \u00e9 ampliado e considera tamb\u00e9m as categorias de maquiagem e tratamento, as fragr\u00e2ncias s\u00e3o as que mais se destacam. O volume de vendas em junho de 2022 representou 2\/3 do total das vendas do m\u00eas, quando perfumes masculinos e femininos cresceram 23.5% em rela\u00e7\u00e3o ao mesmo per\u00edodo de 2021.<\/p>\n<p>Outro destaque que pode ser associado a junho \u00e9 o desempenho dos kits de fragr\u00e2ncias, subcategoria que apresentou um crescimento acima da m\u00e9dia, registrando um aumento de 39.3% no m\u00eas do Dia dos Namorados de 2022. Juntamente com os resultados do m\u00eas de dezembro do ano passado, os kits apresentaram a maior participa\u00e7\u00e3o de vendas na categoria de fragr\u00e2ncias, cerca de 10.4%, enquanto a m\u00e9dia nos outros meses do ano foi de 7.8%.<\/p>\n<p>Quando analisados os tamanhos dos frascos de fragr\u00e2ncias mais vendidos, o m\u00eas de junho segue a tend\u00eancia de comportamento dos consumidores. Segundo a Circana, entre as femininas, o maior crescimento em unidades vendidas foi de frascos menores, entre 50 e 74ml. J\u00e1 a procura por fragr\u00e2ncias masculinas foi maior nos frascos de 100ml.<\/p>\n<p><em>\u00a0<\/em><strong>Sobre a Circana<\/strong><\/p>\n<p>Circana \u00e9 a empresa l\u00edder global em tecnologia de dados para an\u00e1lise do comportamento do consumidor. Por meio de tecnologia incompar\u00e1vel, an\u00e1lises avan\u00e7adas, dados de diversas ind\u00fastrias e profunda experi\u00eancia no setor, fornecemos informa\u00e7\u00f5es confi\u00e1veis e objetivas que ajudam quase 7 mil das principais marcas e varejistas do mundo a tomarem as melhores decis\u00f5es e alavancarem seus neg\u00f3cios. Temos conhecimento 360\u00ba sobre o consumidor, do ponto de venda e da inten\u00e7\u00e3o de gasto, para apoiar nossos clientes a irem al\u00e9m dos dados e atuarem com insights precisos, acelerarem a inova\u00e7\u00e3o, atenderem \u00e0 demanda do consumidor e ultrapassarem a sua concorr\u00eancia. Saiba mais em\u00a0<a href=\"http:\/\/www.circana.com\/\">www.circana.com<\/a>.<\/p>\n<\/div>\n<div class=\"text-center\">\n<div class=\"mt-5\"><\/div>\n<\/div>\n","protected":false},"excerpt":{"rendered":"<p>Marcas de luxo e kits de fragr\u00e2ncias s\u00e3o destaque na comercializa\u00e7\u00e3o da categoria no m\u00eas de junho O Dia dos Namorados tende a impulsionar as vendas de produtos de beleza premium no Brasil. Dados da Circana, empresa l\u00edder global em tecnologia de dados para an\u00e1lise do comportamento do consumidor, apontam que em 2022 o m\u00eas [&hellip;]<\/p>\n","protected":false},"author":2,"featured_media":9590,"comment_status":"open","ping_status":"open","sticky":false,"template":"","format":"standard","meta":{"_jetpack_memberships_contains_paid_content":false,"footnotes":""},"categories":[51,54,56,60],"tags":[7475],"featured_image_src":{"landsacpe":["https:\/\/revistaempresarios.net\/web\/wp-content\/uploads\/2023\/06\/Dia-dos-Namorados-tende-a-acelerar-as-vendas-de-produtos-de-beleza-no-Brasil-1140x445.jpg",1140,445,true],"list":["https:\/\/revistaempresarios.net\/web\/wp-content\/uploads\/2023\/06\/Dia-dos-Namorados-tende-a-acelerar-as-vendas-de-produtos-de-beleza-no-Brasil-463x348.jpg",463,348,true],"medium":["https:\/\/revistaempresarios.net\/web\/wp-content\/uploads\/2023\/06\/Dia-dos-Namorados-tende-a-acelerar-as-vendas-de-produtos-de-beleza-no-Brasil-300x200.jpg",300,200,true],"full":["https:\/\/revistaempresarios.net\/web\/wp-content\/uploads\/2023\/06\/Dia-dos-Namorados-tende-a-acelerar-as-vendas-de-produtos-de-beleza-no-Brasil.jpg",1600,1066,false]},"jetpack_sharing_enabled":true,"jetpack_featured_media_url":"https:\/\/revistaempresarios.net\/web\/wp-content\/uploads\/2023\/06\/Dia-dos-Namorados-tende-a-acelerar-as-vendas-de-produtos-de-beleza-no-Brasil.jpg","jetpack-related-posts":[],"_links":{"self":[{"href":"https:\/\/revistaempresarios.net\/web\/wp-json\/wp\/v2\/posts\/9589"}],"collection":[{"href":"https:\/\/revistaempresarios.net\/web\/wp-json\/wp\/v2\/posts"}],"about":[{"href":"https:\/\/revistaempresarios.net\/web\/wp-json\/wp\/v2\/types\/post"}],"author":[{"embeddable":true,"href":"https:\/\/revistaempresarios.net\/web\/wp-json\/wp\/v2\/users\/2"}],"replies":[{"embeddable":true,"href":"https:\/\/revistaempresarios.net\/web\/wp-json\/wp\/v2\/comments?post=9589"}],"version-history":[{"count":1,"href":"https:\/\/revistaempresarios.net\/web\/wp-json\/wp\/v2\/posts\/9589\/revisions"}],"predecessor-version":[{"id":9591,"href":"https:\/\/revistaempresarios.net\/web\/wp-json\/wp\/v2\/posts\/9589\/revisions\/9591"}],"wp:featuredmedia":[{"embeddable":true,"href":"https:\/\/revistaempresarios.net\/web\/wp-json\/wp\/v2\/media\/9590"}],"wp:attachment":[{"href":"https:\/\/revistaempresarios.net\/web\/wp-json\/wp\/v2\/media?parent=9589"}],"wp:term":[{"taxonomy":"category","embeddable":true,"href":"https:\/\/revistaempresarios.net\/web\/wp-json\/wp\/v2\/categories?post=9589"},{"taxonomy":"post_tag","embeddable":true,"href":"https:\/\/revistaempresarios.net\/web\/wp-json\/wp\/v2\/tags?post=9589"}],"curies":[{"name":"wp","href":"https:\/\/api.w.org\/{rel}","templated":true}]}}