{"id":9467,"date":"2023-06-07T16:36:44","date_gmt":"2023-06-07T19:36:44","guid":{"rendered":"https:\/\/revistaempresarios.net\/web\/?p=9467"},"modified":"2023-06-07T16:36:44","modified_gmt":"2023-06-07T19:36:44","slug":"baldan-investe-em-nova-logistica-de-pecas-originais","status":"publish","type":"post","link":"https:\/\/revistaempresarios.net\/web\/2023\/06\/07\/baldan-investe-em-nova-logistica-de-pecas-originais\/","title":{"rendered":"Baldan investe em nova log\u00edstica de pe\u00e7as originais"},"content":{"rendered":"<p class=\"fst-italic text-center\">Parcerias com empresas de transporte a\u00e9reo e inaugura\u00e7\u00e3o de tr\u00eas novos centros de distribui\u00e7\u00e3o v\u00e3o garantir mais agilidade no atendimento e proximidade do campo<\/p>\n<div>\n<div>A Baldan Implementos Agr\u00edcolas, sediada em Mat\u00e3o (SP), investir\u00e1 R$ 15 milh\u00f5es em um projeto para estruturar a log\u00edstica de pe\u00e7as originais, garantindo mais agilidade e praticidade na entrega dos produtos aos clientes. Com um time preparado, a primeira etapa do plano prev\u00ea, para este ano ainda, tr\u00eas Centros de Distribui\u00e7\u00e3o (CDs) em regi\u00f5es estrat\u00e9gicas (Centro-Oeste, Sul e Sudeste), localizados em Goi\u00e2nia (GO), Maring\u00e1 (PR) e Mat\u00e3o (SP), onde o portf\u00f3lio, com mais de 1.900 itens, estar\u00e1 dispon\u00edvel para pronta-entrega em um prazo de uma hora a partir do registro do pedido.<\/div>\n<div>Al\u00e9m disso, a Baldan j\u00e1 fechou parceria com empresas de transporte a\u00e9reo que permitir\u00e1 ao cliente de outras regi\u00f5es retirar a sua encomenda em um prazo de 12 a 24 horas em 55 aeroportos de todo o Brasil. De acordo com Henri Narimatsu, diretor de Suply Chain da companhia, essa \u00e9 a primeira parte do processo de reestrutura\u00e7\u00e3o log\u00edstica. \u201cPara o segundo semestre de 2023, vamos oferecer ainda mais alternativas aos clientes. Al\u00e9m do incremento no n\u00famero de aeroportos, haver\u00e1 a possibilidade de retirar as pe\u00e7as em outros locais de diversas cidades, bem como optar pela entrega na propriedade ou revenda, com prazos que v\u00e3o variar de acordo com a regi\u00e3o onde est\u00e3o localizadas\u201d, explica o diretor.<\/div>\n<div>Para 2024, a empresa planeja a disponibiliza\u00e7\u00e3o de novos CDs em outras regi\u00f5es do pa\u00eds. \u201cNosso objetivo \u00e9 proporcionar aos clientes a entrega mais r\u00e1pida poss\u00edvel para que ele possa cumprir os prazos de sua manuten\u00e7\u00e3o preventiva, bem como ter atendimento \u00e1gil para evitar m\u00e1quina parada no campo em casos de quebra ou avaria do equipamento durante a opera\u00e7\u00e3o. Para isso, nossos esfor\u00e7os est\u00e3o direcionados \u00e0 pronta-entrega nos CDs e parcerias s\u00f3lidas com fornecedores estrat\u00e9gicos\u201d, conclui.<\/div>\n<div><\/div>\n<div><strong>Sobre a Baldan Implementos Agr\u00edcolas<\/strong>\u00a0&#8211; Fundada inicialmente como \u201cNarciso Baldan &amp; Irm\u00e3os\u201d h\u00e1 95 anos (janeiro de 1928), fam\u00edlia de imigrantes italianos, em Mat\u00e3o (SP), a Baldan Implementos Agr\u00edcolas S\/A fabricou o primeiro disco para arados e grades nacional e hoje se posiciona no mercado com uma marca consolidada que investe em tecnologia e inova\u00e7\u00e3o. O pioneirismo do passado, que quebrou a depend\u00eancia dos produtos importados e contribuiu para o desenvolvimento da agricultura do Pa\u00eds, continua presente nos valores da Baldan que segue contribuindo para a inova\u00e7\u00e3o e crescimento do setor, incentivando a pr\u00e1tica de novos m\u00e9todos e t\u00e9cnicas de produ\u00e7\u00e3o. Instalada em um moderno parque industrial de 256 mil m\u00b2, totalmente revitalizado e moderno, a Baldan desenvolve produtos com avan\u00e7ados conceitos de engenharia que se destinam a todas as fases do produtor rural, e iniciou a constru\u00e7\u00e3o de uma segunda planta em 2023, com mais de 126 mil m\u00b2. Atualmente a empresa tem uma linha ampla e diversificada com mais de 200 produtos, em 2 mil vers\u00f5es voltadas para todo tipo de cultura e solo.<\/div>\n<\/div>\n","protected":false},"excerpt":{"rendered":"<p>Parcerias com empresas de transporte a\u00e9reo e inaugura\u00e7\u00e3o de tr\u00eas novos centros de distribui\u00e7\u00e3o v\u00e3o garantir mais agilidade no atendimento e proximidade do campo A Baldan Implementos Agr\u00edcolas, sediada em Mat\u00e3o (SP), investir\u00e1 R$ 15 milh\u00f5es em um projeto para estruturar a log\u00edstica de pe\u00e7as originais, garantindo mais agilidade e praticidade na entrega dos produtos [&hellip;]<\/p>\n","protected":false},"author":2,"featured_media":9468,"comment_status":"open","ping_status":"open","sticky":false,"template":"","format":"standard","meta":{"_jetpack_memberships_contains_paid_content":false,"footnotes":""},"categories":[51,54,56,60],"tags":[7423],"featured_image_src":{"landsacpe":["https:\/\/revistaempresarios.net\/web\/wp-content\/uploads\/2023\/06\/Baldan-investe-em-nova-logistica-de-pecas-originais.webp",696,387,false],"list":["https:\/\/revistaempresarios.net\/web\/wp-content\/uploads\/2023\/06\/Baldan-investe-em-nova-logistica-de-pecas-originais-463x348.webp",463,348,true],"medium":["https:\/\/revistaempresarios.net\/web\/wp-content\/uploads\/2023\/06\/Baldan-investe-em-nova-logistica-de-pecas-originais-300x167.webp",300,167,true],"full":["https:\/\/revistaempresarios.net\/web\/wp-content\/uploads\/2023\/06\/Baldan-investe-em-nova-logistica-de-pecas-originais.webp",696,387,false]},"jetpack_sharing_enabled":true,"jetpack_featured_media_url":"https:\/\/revistaempresarios.net\/web\/wp-content\/uploads\/2023\/06\/Baldan-investe-em-nova-logistica-de-pecas-originais.webp","jetpack-related-posts":[],"_links":{"self":[{"href":"https:\/\/revistaempresarios.net\/web\/wp-json\/wp\/v2\/posts\/9467"}],"collection":[{"href":"https:\/\/revistaempresarios.net\/web\/wp-json\/wp\/v2\/posts"}],"about":[{"href":"https:\/\/revistaempresarios.net\/web\/wp-json\/wp\/v2\/types\/post"}],"author":[{"embeddable":true,"href":"https:\/\/revistaempresarios.net\/web\/wp-json\/wp\/v2\/users\/2"}],"replies":[{"embeddable":true,"href":"https:\/\/revistaempresarios.net\/web\/wp-json\/wp\/v2\/comments?post=9467"}],"version-history":[{"count":1,"href":"https:\/\/revistaempresarios.net\/web\/wp-json\/wp\/v2\/posts\/9467\/revisions"}],"predecessor-version":[{"id":9469,"href":"https:\/\/revistaempresarios.net\/web\/wp-json\/wp\/v2\/posts\/9467\/revisions\/9469"}],"wp:featuredmedia":[{"embeddable":true,"href":"https:\/\/revistaempresarios.net\/web\/wp-json\/wp\/v2\/media\/9468"}],"wp:attachment":[{"href":"https:\/\/revistaempresarios.net\/web\/wp-json\/wp\/v2\/media?parent=9467"}],"wp:term":[{"taxonomy":"category","embeddable":true,"href":"https:\/\/revistaempresarios.net\/web\/wp-json\/wp\/v2\/categories?post=9467"},{"taxonomy":"post_tag","embeddable":true,"href":"https:\/\/revistaempresarios.net\/web\/wp-json\/wp\/v2\/tags?post=9467"}],"curies":[{"name":"wp","href":"https:\/\/api.w.org\/{rel}","templated":true}]}}