{"id":9417,"date":"2023-06-07T11:44:16","date_gmt":"2023-06-07T14:44:16","guid":{"rendered":"https:\/\/revistaempresarios.net\/web\/?p=9417"},"modified":"2023-06-07T11:44:16","modified_gmt":"2023-06-07T14:44:16","slug":"a-forca-das-redes-sociais-mencoes-a-vini-jr-sobem-mais-de-3-400-apos-caso-de-racismo","status":"publish","type":"post","link":"https:\/\/revistaempresarios.net\/web\/2023\/06\/07\/a-forca-das-redes-sociais-mencoes-a-vini-jr-sobem-mais-de-3-400-apos-caso-de-racismo\/","title":{"rendered":"A for\u00e7a das redes sociais: men\u00e7\u00f5es a Vini Jr sobem mais de 3.400% ap\u00f3s caso de racismo"},"content":{"rendered":"<p class=\"fst-italic text-center\">Dados coletados pela LexisNexis | Nexis Solutions entre 20 e 23 de maio apontam que mais de 3\/4 das men\u00e7\u00f5es a &#8220;La Liga&#8221; foram negativas, mas que pouco atingiram o patrocinador principal do torneio<\/p>\n<div>\n<p>O caso envolvendo o jogador brasileiro Vinicius Jr, do Real Madrid, que foi alvo de ofensas racistas por parte da torcida do Valencia em partida do campeonato espanhol entre os dois times, fomentou discuss\u00f5es nas redes sociais, levando a um aumento de cerca de 3.411% nas men\u00e7\u00f5es ao nome do atleta, quase sempre associadas \u00e0 palavra \u201cracismo\u201d. Foram mais de 389,4 mil men\u00e7\u00f5es nas redes que trouxeram um engajamento de mais de 8 milh\u00f5es de mensagens, 6.002% acima da m\u00e9dia.<\/p>\n<p>Os n\u00fameros superlativos s\u00e3o de uma pesquisa da LexisNexis | Nexis Solutions, que analisou mais de 743 mil publica\u00e7\u00f5es e posts registrados entre os dias 20 e 23 de maio envolvendo publica\u00e7\u00f5es com os termos \u201cVini Jr\u201d, \u201cLa Liga\u201d (nome do campeonato espanhol da 1\u00aa divis\u00e3o) e \u201cSantander\u201d (patrocinador master da competi\u00e7\u00e3o), com a compara\u00e7\u00e3o sendo feita a partir de dois dias antes do ocorrido at\u00e9 dois dias depois. O \u00e1pice do debate ocorreu no pr\u00f3prio domingo. Foram cerca de 180 mil posts com o nome do atacante, contra cerca de 150 mil no dia seguinte, uma queda de cerca de 16,6%, enquanto que as men\u00e7\u00f5es a \u201cLa Liga\u201d foram de quase 230 mil para cerca de 92 mil no mesmo per\u00edodo &#8211; um decr\u00e9scimo de 60%.<\/p>\n<p>Desse montante, mais de 76,8% das 340,6 mil men\u00e7\u00f5es ao campeonato no per\u00edodo foram classificadas como negativas pela ferramenta, ao passo que s\u00f3 37% das mais de 13,2 mil publica\u00e7\u00f5es mencionando o patrocinador tiveram a mesma classifica\u00e7\u00e3o. O engajamento das publica\u00e7\u00f5es com os dois termos tamb\u00e9m aponta uma repercuss\u00e3o muito maior para o torneio frente ao banco: 3,8 milh\u00f5es x 230,7 mil. Isso denota que a reputa\u00e7\u00e3o de imagem do campeonato foi muito mais afetada do que a do patrocinador.<\/p>\n<p>Do total, mais de 60,7% dos autores das publica\u00e7\u00f5es contendo os tr\u00eas termos principais pesquisados se auto declarava como sendo do sexo masculino, sendo que mais de 47,9% tem idades entre 25 e 34 anos; a segunda faixa et\u00e1ria que mais postou ficou entre 18 e 24 anos, com aproximadamente 34,2%.<\/p>\n<p>&nbsp;<\/p>\n<p><strong>Sobre a LexisNexis | Nexis Solutions<\/strong><\/p>\n<p>L\u00edder no fornecimento de informa\u00e7\u00e3o inteligente, a LexisNexis | Nexis Solutions desenvolve produtos espec\u00edficos que ajudam profissionais a tomar decis\u00f5es estrat\u00e9gicas de neg\u00f3cio de forma s\u00f3lida e eficiente.<\/p>\n<p>Como parte da LexisNexis Legal &amp; Professional\u00ae, somos um provedor l\u00edder global de informa\u00e7\u00f5es e an\u00e1lises jur\u00eddicas, regulat\u00f3rias e de neg\u00f3cios que ajudam os clientes a tomar melhores decis\u00f5es, aumentar a produtividade e atender melhor os clientes. Nossos principais produtos e servi\u00e7os s\u00e3o usados em todo o mundo e em praticamente todos os setores e \u00e1reas de neg\u00f3cios. Como pioneira digital, a empresa foi a primeira a colocar informa\u00e7\u00f5es jur\u00eddicas e comerciais on-line com seus servi\u00e7os Lexis\u00ae e Nexis\u00ae. A LexisNexis Legal &amp; Professional, que atende clientes em mais de 160 pa\u00edses com 10.400 funcion\u00e1rios em todo o mundo, faz parte da RELX, fornecedora global de an\u00e1lises baseadas em informa\u00e7\u00f5es e ferramentas de decis\u00e3o para clientes profissionais e empresariais.<\/p>\n<p>Acreditamos que cada organiza\u00e7\u00e3o \u00e9 \u00fanica, portanto, adaptamos nossos produtos \u00e0s suas necessidades individuais de neg\u00f3cios, atrav\u00e9s de solu\u00e7\u00f5es f\u00e1ceis de usar, abrangentes e econ\u00f4micas. Transformar a maneira como os profissionais usam informa\u00e7\u00f5es para tomar decis\u00f5es mais inteligentes em todo o mundo. Essa \u00e9 a nossa miss\u00e3o.<\/p>\n<\/div>\n","protected":false},"excerpt":{"rendered":"<p>Dados coletados pela LexisNexis | Nexis Solutions entre 20 e 23 de maio apontam que mais de 3\/4 das men\u00e7\u00f5es a &#8220;La Liga&#8221; foram negativas, mas que pouco atingiram o patrocinador principal do torneio O caso envolvendo o jogador brasileiro Vinicius Jr, do Real Madrid, que foi alvo de ofensas racistas por parte da torcida [&hellip;]<\/p>\n","protected":false},"author":2,"featured_media":9418,"comment_status":"open","ping_status":"open","sticky":false,"template":"","format":"standard","meta":{"_jetpack_memberships_contains_paid_content":false,"footnotes":""},"categories":[51,60],"tags":[7405],"featured_image_src":{"landsacpe":["https:\/\/revistaempresarios.net\/web\/wp-content\/uploads\/2023\/06\/ViniJr2-1-e1685883690473.jpg",600,314,false],"list":["https:\/\/revistaempresarios.net\/web\/wp-content\/uploads\/2023\/06\/ViniJr2-1-e1685883690473-463x314.jpg",463,314,true],"medium":["https:\/\/revistaempresarios.net\/web\/wp-content\/uploads\/2023\/06\/ViniJr2-1-e1685883690473-300x157.jpg",300,157,true],"full":["https:\/\/revistaempresarios.net\/web\/wp-content\/uploads\/2023\/06\/ViniJr2-1-e1685883690473.jpg",600,314,false]},"jetpack_sharing_enabled":true,"jetpack_featured_media_url":"https:\/\/revistaempresarios.net\/web\/wp-content\/uploads\/2023\/06\/ViniJr2-1-e1685883690473.jpg","jetpack-related-posts":[],"_links":{"self":[{"href":"https:\/\/revistaempresarios.net\/web\/wp-json\/wp\/v2\/posts\/9417"}],"collection":[{"href":"https:\/\/revistaempresarios.net\/web\/wp-json\/wp\/v2\/posts"}],"about":[{"href":"https:\/\/revistaempresarios.net\/web\/wp-json\/wp\/v2\/types\/post"}],"author":[{"embeddable":true,"href":"https:\/\/revistaempresarios.net\/web\/wp-json\/wp\/v2\/users\/2"}],"replies":[{"embeddable":true,"href":"https:\/\/revistaempresarios.net\/web\/wp-json\/wp\/v2\/comments?post=9417"}],"version-history":[{"count":1,"href":"https:\/\/revistaempresarios.net\/web\/wp-json\/wp\/v2\/posts\/9417\/revisions"}],"predecessor-version":[{"id":9419,"href":"https:\/\/revistaempresarios.net\/web\/wp-json\/wp\/v2\/posts\/9417\/revisions\/9419"}],"wp:featuredmedia":[{"embeddable":true,"href":"https:\/\/revistaempresarios.net\/web\/wp-json\/wp\/v2\/media\/9418"}],"wp:attachment":[{"href":"https:\/\/revistaempresarios.net\/web\/wp-json\/wp\/v2\/media?parent=9417"}],"wp:term":[{"taxonomy":"category","embeddable":true,"href":"https:\/\/revistaempresarios.net\/web\/wp-json\/wp\/v2\/categories?post=9417"},{"taxonomy":"post_tag","embeddable":true,"href":"https:\/\/revistaempresarios.net\/web\/wp-json\/wp\/v2\/tags?post=9417"}],"curies":[{"name":"wp","href":"https:\/\/api.w.org\/{rel}","templated":true}]}}