{"id":9387,"date":"2023-06-04T21:32:12","date_gmt":"2023-06-05T00:32:12","guid":{"rendered":"https:\/\/revistaempresarios.net\/web\/?p=9387"},"modified":"2023-06-04T21:32:12","modified_gmt":"2023-06-05T00:32:12","slug":"fintech-inkluziva-leva-para-criptorama-brasilia-e-money-monster-debate-sobre-inclusao-financeira","status":"publish","type":"post","link":"https:\/\/revistaempresarios.net\/web\/2023\/06\/04\/fintech-inkluziva-leva-para-criptorama-brasilia-e-money-monster-debate-sobre-inclusao-financeira\/","title":{"rendered":"Fintech Inkluziva leva para &#8220;Criptorama Bras\u00edlia e Money Monster&#8221; debate sobre inclus\u00e3o financeira"},"content":{"rendered":"<div>\n<p>A inclus\u00e3o financeira \u00e9 um dos temas mais relevantes para a agenda de desenvolvimento no Brasil. Isso se d\u00e1 por dois motivos: \u00e9 por meio dela que parte da popula\u00e7\u00e3o tenha acesso a pol\u00edticas de transfer\u00eancia de renda, o que ajuda a corrigir desigualdade, bem como por ser uma ferramenta fundamental para acesso a linhas de cr\u00e9dito. O tema, de t\u00e3o relevante, aparece em sete dos 17 objetivos do desenvolvimento sustent\u00e1vel (ODS) da Organiza\u00e7\u00e3o das Na\u00e7\u00f5es Unidas (ONU).<\/p>\n<p>Olhando para essa realidade \u00e9 que a Inkluziva, fintech social e educacional colaborativa baseada em redes descentralizadas e regenerativas, leva para o \u201cCriptorama Bras\u00edlia e Money Monster\u201d o debate \u201cMoeda Social Digital: ampliando a inclus\u00e3o financeira\u201d. Fala sobre o tema Taynaah Reis, CEO da fintech. A palestra ocorrer\u00e1 no dia 7\/6, \u00e0s 13h30. A participa\u00e7\u00e3o \u00e9 gratuita, com inscri\u00e7\u00e3o pelo\u00a0<a href=\"https:\/\/www.sympla.com.br\/evento\/criptorama-brasilia-money-monster-brazil\/1982004\">Sympla.<\/a><\/p>\n<p>Aos 35 anos, Taynaah j\u00e1 foi listada pela Bloomberg em 2022 entre as 28 pessoas que criam, a partir de sua atua\u00e7\u00e3o profissional, resultados mais justos, inclusivos e sustent\u00e1veis para a economia global e tamb\u00e9m foi reconhecida pela Forbes entre os 12 jovens empreendedores mais inspiradores de 2018 e uma das lideran\u00e7as em blockchain no Brasil em 2019.<\/p>\n<p>O evento Criptorama Bras\u00edlia e Money Monster \u00e9 realizado pela Associa\u00e7\u00e3o Brasileira de Criptoeconomia (ABCripto) e pela Federa\u00e7\u00e3o Nacional de Associa\u00e7\u00f5es dos Servidores do Banco Central (FENASBAC), e acontece nos dias 7 e 6 de junho. Tamb\u00e9m ser\u00e3o debatidos os desafios regulat\u00f3rios das criptomoedas, tributa\u00e7\u00e3o, PLD, c\u00e2mbio, aprimoramento da Lei Cripto, entre outros temas. O evento acontece no Clube da Asbac, em Bras\u00edlia. As vagas s\u00e3o limitadas. Inscri\u00e7\u00f5es e programa\u00e7\u00e3o completa\u00a0<a href=\"https:\/\/www.sympla.com.br\/evento\/criptorama-brasilia-money-monster-brazil\/1982004\">clicando aqui<\/a>.<\/p>\n<\/div>\n<div class=\"text-center\">\n<div class=\"mt-5\"><\/div>\n<\/div>\n","protected":false},"excerpt":{"rendered":"<p>A inclus\u00e3o financeira \u00e9 um dos temas mais relevantes para a agenda de desenvolvimento no Brasil. Isso se d\u00e1 por dois motivos: \u00e9 por meio dela que parte da popula\u00e7\u00e3o tenha acesso a pol\u00edticas de transfer\u00eancia de renda, o que ajuda a corrigir desigualdade, bem como por ser uma ferramenta fundamental para acesso a linhas [&hellip;]<\/p>\n","protected":false},"author":2,"featured_media":9388,"comment_status":"open","ping_status":"open","sticky":false,"template":"","format":"standard","meta":{"_jetpack_memberships_contains_paid_content":false,"footnotes":""},"categories":[51],"tags":[7388],"featured_image_src":{"landsacpe":["https:\/\/revistaempresarios.net\/web\/wp-content\/uploads\/2023\/06\/Taynaah-Reis-CEO-CEO-da-Inkluziva-e-desenvolvedora-dos-produtos-e-solucoes-de-educacao-baseadas-em-redes-descentralizadas-e-regenerativas-1140x445.jpg",1140,445,true],"list":["https:\/\/revistaempresarios.net\/web\/wp-content\/uploads\/2023\/06\/Taynaah-Reis-CEO-CEO-da-Inkluziva-e-desenvolvedora-dos-produtos-e-solucoes-de-educacao-baseadas-em-redes-descentralizadas-e-regenerativas-463x348.jpg",463,348,true],"medium":["https:\/\/revistaempresarios.net\/web\/wp-content\/uploads\/2023\/06\/Taynaah-Reis-CEO-CEO-da-Inkluziva-e-desenvolvedora-dos-produtos-e-solucoes-de-educacao-baseadas-em-redes-descentralizadas-e-regenerativas-300x169.jpg",300,169,true],"full":["https:\/\/revistaempresarios.net\/web\/wp-content\/uploads\/2023\/06\/Taynaah-Reis-CEO-CEO-da-Inkluziva-e-desenvolvedora-dos-produtos-e-solucoes-de-educacao-baseadas-em-redes-descentralizadas-e-regenerativas.jpg",1920,1080,false]},"jetpack_sharing_enabled":true,"jetpack_featured_media_url":"https:\/\/revistaempresarios.net\/web\/wp-content\/uploads\/2023\/06\/Taynaah-Reis-CEO-CEO-da-Inkluziva-e-desenvolvedora-dos-produtos-e-solucoes-de-educacao-baseadas-em-redes-descentralizadas-e-regenerativas.jpg","jetpack-related-posts":[],"_links":{"self":[{"href":"https:\/\/revistaempresarios.net\/web\/wp-json\/wp\/v2\/posts\/9387"}],"collection":[{"href":"https:\/\/revistaempresarios.net\/web\/wp-json\/wp\/v2\/posts"}],"about":[{"href":"https:\/\/revistaempresarios.net\/web\/wp-json\/wp\/v2\/types\/post"}],"author":[{"embeddable":true,"href":"https:\/\/revistaempresarios.net\/web\/wp-json\/wp\/v2\/users\/2"}],"replies":[{"embeddable":true,"href":"https:\/\/revistaempresarios.net\/web\/wp-json\/wp\/v2\/comments?post=9387"}],"version-history":[{"count":1,"href":"https:\/\/revistaempresarios.net\/web\/wp-json\/wp\/v2\/posts\/9387\/revisions"}],"predecessor-version":[{"id":9389,"href":"https:\/\/revistaempresarios.net\/web\/wp-json\/wp\/v2\/posts\/9387\/revisions\/9389"}],"wp:featuredmedia":[{"embeddable":true,"href":"https:\/\/revistaempresarios.net\/web\/wp-json\/wp\/v2\/media\/9388"}],"wp:attachment":[{"href":"https:\/\/revistaempresarios.net\/web\/wp-json\/wp\/v2\/media?parent=9387"}],"wp:term":[{"taxonomy":"category","embeddable":true,"href":"https:\/\/revistaempresarios.net\/web\/wp-json\/wp\/v2\/categories?post=9387"},{"taxonomy":"post_tag","embeddable":true,"href":"https:\/\/revistaempresarios.net\/web\/wp-json\/wp\/v2\/tags?post=9387"}],"curies":[{"name":"wp","href":"https:\/\/api.w.org\/{rel}","templated":true}]}}