{"id":9316,"date":"2023-06-01T21:11:04","date_gmt":"2023-06-02T00:11:04","guid":{"rendered":"https:\/\/revistaempresarios.net\/web\/?p=9316"},"modified":"2023-06-01T21:11:04","modified_gmt":"2023-06-02T00:11:04","slug":"carga-tributaria-no-brasil-cidadao-trabalha-5-meses-para-pagar-impostos","status":"publish","type":"post","link":"https:\/\/revistaempresarios.net\/web\/2023\/06\/01\/carga-tributaria-no-brasil-cidadao-trabalha-5-meses-para-pagar-impostos\/","title":{"rendered":"Carga tribut\u00e1ria no Brasil: cidad\u00e3o trabalha 5 meses para pagar impostos"},"content":{"rendered":"<p>Uma pesquisa recente do Instituto Brasileiro de Planejamento e Tributa\u00e7\u00e3o (IBPT) revelou que os brasileiros trabalharam at\u00e9 27 de maio deste ano apenas para quitar seus tributos. Esse estudo mostra a alta carga tribut\u00e1ria do pa\u00eds, onde a tributa\u00e7\u00e3o sobre a renda, patrim\u00f4nio e consumo consome 40,28% da renda m\u00e9dia do brasileiro.<\/p>\n<p>O Brasil \u00e9 not\u00f3rio por ter uma das maiores cargas tribut\u00e1rias do mundo, ao mesmo tempo em que oferece um retorno insatisfat\u00f3rio \u00e0 popula\u00e7\u00e3o em rela\u00e7\u00e3o aos valores arrecadados, de acordo com o \u00cdndice de Retorno ao Bem Estar da Sociedade (IRBES) do IBPT. Al\u00e9m disso, os recursos arrecadados com os tributos n\u00e3o t\u00eam sido direcionados efetivamente para melhorar os servi\u00e7os p\u00fablicos e aumentar o \u00cdndice de Desenvolvimento Humano (IDH).<\/p>\n<p>Durante o per\u00edodo de maio de 2022 a abril de 2023, um evento significativo impactou a quantidade de dias que os brasileiros trabalham para pagar seus impostos. Em junho de 2022, a Lei Complementar 194 foi sancionada pelo Poder Executivo, restringindo a cobran\u00e7a do Imposto sobre Circula\u00e7\u00e3o de Mercadorias e Servi\u00e7os (ICMS) sobre combust\u00edveis, energia el\u00e9trica, comunica\u00e7\u00f5es e transporte coletivo. Essa lei impediu a compensa\u00e7\u00e3o desses valores pelos estados, levando a uma redu\u00e7\u00e3o de dois dias no total de dias trabalhados para pagar impostos.<\/p>\n<p>Apesar dessa redu\u00e7\u00e3o, a carga tribut\u00e1ria sobre a renda, consumo e patrim\u00f4nio dos contribuintes brasileiros tem aumentado ao longo do tempo. Desde 1986, os brasileiros t\u00eam trabalhado mais dias para cumprir suas obriga\u00e7\u00f5es fiscais. Essa tend\u00eancia \u00e9 evidente quando se olha a m\u00e9dia de dias trabalhados por d\u00e9cada para pagar impostos. Comparado \u00e0 d\u00e9cada de 1970, os brasileiros hoje trabalham mais que o dobro de dias para pagar impostos.<\/p>\n<p>Em compara\u00e7\u00e3o com outros pa\u00edses, o Brasil se destaca com um n\u00famero significativo de dias trabalhados para pagar impostos. Em 2021, os brasileiros trabalharam 124 dias para cumprir suas obriga\u00e7\u00f5es tribut\u00e1rias.<\/p>\n<p>Quando comparado com pa\u00edses da Organiza\u00e7\u00e3o para a Coopera\u00e7\u00e3o e Desenvolvimento Econ\u00f4mico (OCDE), o Brasil tem mais dias trabalhados do que pa\u00edses como Reino Unido, Espanha, Canad\u00e1 e Estados Unidos. No entanto, pa\u00edses como Dinamarca, B\u00e9lgica e Su\u00e9cia possuem uma carga tribut\u00e1ria ainda maior, com seus cidad\u00e3os trabalhando mais de 150 dias por ano para pagar tributos.<\/p>\n","protected":false},"excerpt":{"rendered":"<p>Uma pesquisa recente do Instituto Brasileiro de Planejamento e Tributa\u00e7\u00e3o (IBPT) revelou que os brasileiros trabalharam at\u00e9 27 de maio deste ano apenas para quitar seus tributos. Esse estudo mostra a alta carga tribut\u00e1ria do pa\u00eds, onde a tributa\u00e7\u00e3o sobre a renda, patrim\u00f4nio e consumo consome 40,28% da renda m\u00e9dia do brasileiro. O Brasil \u00e9 [&hellip;]<\/p>\n","protected":false},"author":2,"featured_media":9317,"comment_status":"open","ping_status":"open","sticky":false,"template":"","format":"standard","meta":{"_jetpack_memberships_contains_paid_content":false,"footnotes":""},"categories":[51,54,60],"tags":[7357],"featured_image_src":{"landsacpe":["https:\/\/revistaempresarios.net\/web\/wp-content\/uploads\/2023\/06\/brasileiros-trabalharam-ate-o-dia-27-de-maio-de-2023-apenas-para-pagar-tributos-870x445.png",870,445,true],"list":["https:\/\/revistaempresarios.net\/web\/wp-content\/uploads\/2023\/06\/brasileiros-trabalharam-ate-o-dia-27-de-maio-de-2023-apenas-para-pagar-tributos-463x348.png",463,348,true],"medium":["https:\/\/revistaempresarios.net\/web\/wp-content\/uploads\/2023\/06\/brasileiros-trabalharam-ate-o-dia-27-de-maio-de-2023-apenas-para-pagar-tributos-300x155.png",300,155,true],"full":["https:\/\/revistaempresarios.net\/web\/wp-content\/uploads\/2023\/06\/brasileiros-trabalharam-ate-o-dia-27-de-maio-de-2023-apenas-para-pagar-tributos.png",870,450,false]},"jetpack_sharing_enabled":true,"jetpack_featured_media_url":"https:\/\/revistaempresarios.net\/web\/wp-content\/uploads\/2023\/06\/brasileiros-trabalharam-ate-o-dia-27-de-maio-de-2023-apenas-para-pagar-tributos.png","jetpack-related-posts":[],"_links":{"self":[{"href":"https:\/\/revistaempresarios.net\/web\/wp-json\/wp\/v2\/posts\/9316"}],"collection":[{"href":"https:\/\/revistaempresarios.net\/web\/wp-json\/wp\/v2\/posts"}],"about":[{"href":"https:\/\/revistaempresarios.net\/web\/wp-json\/wp\/v2\/types\/post"}],"author":[{"embeddable":true,"href":"https:\/\/revistaempresarios.net\/web\/wp-json\/wp\/v2\/users\/2"}],"replies":[{"embeddable":true,"href":"https:\/\/revistaempresarios.net\/web\/wp-json\/wp\/v2\/comments?post=9316"}],"version-history":[{"count":1,"href":"https:\/\/revistaempresarios.net\/web\/wp-json\/wp\/v2\/posts\/9316\/revisions"}],"predecessor-version":[{"id":9318,"href":"https:\/\/revistaempresarios.net\/web\/wp-json\/wp\/v2\/posts\/9316\/revisions\/9318"}],"wp:featuredmedia":[{"embeddable":true,"href":"https:\/\/revistaempresarios.net\/web\/wp-json\/wp\/v2\/media\/9317"}],"wp:attachment":[{"href":"https:\/\/revistaempresarios.net\/web\/wp-json\/wp\/v2\/media?parent=9316"}],"wp:term":[{"taxonomy":"category","embeddable":true,"href":"https:\/\/revistaempresarios.net\/web\/wp-json\/wp\/v2\/categories?post=9316"},{"taxonomy":"post_tag","embeddable":true,"href":"https:\/\/revistaempresarios.net\/web\/wp-json\/wp\/v2\/tags?post=9316"}],"curies":[{"name":"wp","href":"https:\/\/api.w.org\/{rel}","templated":true}]}}