{"id":9296,"date":"2023-06-01T15:15:25","date_gmt":"2023-06-01T18:15:25","guid":{"rendered":"https:\/\/revistaempresarios.net\/web\/?p=9296"},"modified":"2023-06-01T15:15:25","modified_gmt":"2023-06-01T18:15:25","slug":"dia-mundial-do-meio-ambiente-como-as-empresas-podem-fazer-a-sua-parte","status":"publish","type":"post","link":"https:\/\/revistaempresarios.net\/web\/2023\/06\/01\/dia-mundial-do-meio-ambiente-como-as-empresas-podem-fazer-a-sua-parte\/","title":{"rendered":"Dia Mundial do Meio Ambiente: como as empresas podem fazer a sua parte?"},"content":{"rendered":"<div class=\"itemBody\">\n<div class=\"itemIntroText\">\n<p>Com foco no desenvolvimento respons\u00e1vel, a Mercur, empresa ga\u00facha de 98 anos, avan\u00e7a nas suas pr\u00e1ticas socioambientais para reduzir os impactos no planeta<\/p>\n<\/div>\n<div class=\"itemFullText\">\n<p>No pr\u00f3ximo dia 5 de junho, celebra-se o Dia Mundial do Meio Ambiente. Essa data tornou-se refer\u00eancia para a sensibiliza\u00e7\u00e3o ambiental, mobilizando milh\u00f5es de pessoas por meio de atividades, eventos e a\u00e7\u00f5es de engajamento em todo o planeta. Em 2023, o Programa das Na\u00e7\u00f5es Unidas para o Meio Ambiente (PNUMA) comemora 50 anos da instala\u00e7\u00e3o desse dia para fomentar a reflex\u00e3o e a a\u00e7\u00e3o mundial em prol do meio ambiente.<\/p>\n<p>Com uma atua\u00e7\u00e3o direcionada em reduzir seus impactos ambientais, a Mercur, ind\u00fastria das \u00e1reas da sa\u00fade e educa\u00e7\u00e3o, tem focado seus neg\u00f3cios em solu\u00e7\u00f5es em que a cadeia produtiva, a sociedade e o meio ambiente sejam beneficiados. Para isso busca cocriar aquilo que faz sentido na vida das pessoas ao fomentar o cuidado e a prote\u00e7\u00e3o ao meio ambiente como um Jeito Mercur de ser e fazer.<\/p>\n<p>Na sua evolu\u00e7\u00e3o empresarial, o cuidado passou a ser prioridade nos processos de rela\u00e7\u00e3o com o meio natural, com as comunidades, com a cocria\u00e7\u00e3o e legitima\u00e7\u00e3o de solu\u00e7\u00f5es e de inova\u00e7\u00f5es empreendidas em seus produtos e servi\u00e7os. Dessa forma, cada uma das a\u00e7\u00f5es da Mercur passou a ser questionada e refletida com o prop\u00f3sito de fomentar um mundo adequado para todas as pessoas e tamb\u00e9m para o meio ambiente. \u201cPercebemos que poder\u00edamos fazer a diferen\u00e7a tendo um olhar mais atento para as mat\u00e9rias-primas que utilizamos em nossos processos. Assim, passamos a buscar solu\u00e7\u00f5es mais respons\u00e1veis que passam pela redu\u00e7\u00e3o dos impactos socioambientais da Mercur\u201d, explica Jorge Hoelzel Neto, Facilitador da Dire\u00e7\u00e3o da Mercur.<\/p>\n<p>Diante desse cen\u00e1rio, a empresa tem adotado diversas pr\u00e1ticas de gest\u00e3o socioambiental que buscam diminuir e compensar o impacto da Mercur no meio ambiente e apoiar na regenera\u00e7\u00e3o do planeta. Iniciativas estruturantes como a redu\u00e7\u00e3o do uso de \u00e1gua pot\u00e1vel em mais de 60% entre os anos de 2009 e 2022, por meio da coleta das \u00e1guas das chuvas, possibilitam \u00e0 empresa a fazer o reuso de \u00e1gua em diversos banheiros, por exemplo. Desde 2016, a empresa n\u00e3o faz testes em organismos vivos e realiza ensaios biol\u00f3gicos, um tipo de experimento cient\u00edfico que investiga os efeitos de uma subst\u00e2ncia em testes in vitro. Outras a\u00e7\u00f5es realizadas pela empresa ga\u00facham tamb\u00e9m podem servir de inspira\u00e7\u00e3o para outras ind\u00fastrias brasileiras:<\/p>\n<p>Redu\u00e7\u00e3o do uso de pl\u00e1stico nas embalagens: desde 2012, a Mercur reduziu e eliminou o uso de pl\u00e1stico nas suas embalagens dos produtos de sa\u00fade. Em nove anos, deixou de utilizar mais de 370 toneladas de pl\u00e1stico. As embalagens de pl\u00e1stico dos produtos para a \u00e1rea da sa\u00fade foram substitu\u00eddas por caixas de papel cart\u00e3o recicl\u00e1vel, de fonte renov\u00e1vel, muitas com certifica\u00e7\u00e3o FSC (Forest Stewardship Council ou Manejo Florestal). A impress\u00e3o \u00e9 feita com tinta at\u00f3xica e o acabamento em verniz \u00e0 base d&#8217;\u00e1gua, para evitar a contamina\u00e7\u00e3o ao meio ambiente ap\u00f3s o uso e facilitar a reciclagem.<\/p>\n<p>Insumos renov\u00e1veis: A Mercur alterou a formula\u00e7\u00e3o das borrachas de apagar naturais e substituiu a carga mineral n\u00e3o renov\u00e1vel por f\u00e9cula de mandioca, de origem vegetal. Assim, as borrachas de apagar passaram a ter at\u00e9 75% de mat\u00e9ria-prima renov\u00e1vel em sua composi\u00e7\u00e3o, contribuindo na redu\u00e7\u00e3o de impactos com o meio ambiente. Na \u00e1rea da sa\u00fade, a Ponteira Articulada \u00e9 um acess\u00f3rio desenvolvido para proporcionar mais seguran\u00e7a e estabilidade ao usu\u00e1rio durante a caminhada com muletas. Ela \u00e9 fabricada em borracha natural e sua composi\u00e7\u00e3o apresenta s\u00edlica, de origem vegetal, extra\u00edda da cinza da casca do arroz, o que a torna cerca de 60% renov\u00e1vel.<\/p>\n<p>Carbono neutro: Em 2009, a empresa passou a monitorar as emiss\u00f5es de gases causadores do efeito estufa (GEE) gerados nas suas opera\u00e7\u00f5es e de seus parceiros. Para reduzir essas emiss\u00f5es, passou a utilizar modos alternativos ao rodovi\u00e1rio (como a cabotagem, por via mar\u00edtima) para transportar produtos e mat\u00e9rias-primas, al\u00e9m de iniciar o plantio de \u00e1rvores nativas, a fim de compensar os impactos negativos que n\u00e3o podem ser reduzidos. Para cada tCO2e (tonelada de CO2 equivalente), s\u00e3o plantadas 6,3 \u00e1rvores, tornando a Mercur uma empresa Carbono Neutro, desde 2015.<\/p>\n<p>Usina de Energia Solar Fotovoltaica: desde janeiro de 2023, a Mercur produz 50% de energia limpa utilizada nas duas plantas da empresa (centro e Distrito Industrial) localizadas em Santa Cruz do Sul\/RS. A Usina gera 1.600MWh de energia por meio de 2.690 pain\u00e9is em uma \u00e1rea de dois hectares. O impacto ambiental causado no local da constru\u00e7\u00e3o foi compensado com o plantio de \u00e1rvores nativas em um espa\u00e7o de preserva\u00e7\u00e3o da empresa. Foram realocadas jeriv\u00e1s e butiazeiros e plantadas 1,2 mil mudas de esp\u00e9cies nativas como compensa\u00e7\u00e3o. A madeira de eucalipto retirada da \u00e1rea abasteceu a caldeira da empresa por mais de cinco meses.<\/p>\n<p>Essas e outras pr\u00e1ticas socioambientais da empresa s\u00e3o amparadas nos direcionadores e evoluem com o engajamento das pessoas que contribuem com o processo e sabem que suas atividades cotidianas est\u00e3o interligadas nas transforma\u00e7\u00f5es socioambientais da Mercur e da sociedade. Para conhecer mais sobre a Mercur acesse mercur.com.br<\/p>\n<p>Sobre a Mercur<\/p>\n<p>A Mercur \u00e9 uma ind\u00fastria brasileira, localizada em Santa Cruz do Sul (RS), que est\u00e1 prestes a comemorar 100 anos em 2024. Atua nos segmentos da sa\u00fade e da educa\u00e7\u00e3o. Possui aproximadamente 600 colaboradores distribu\u00eddos em Santa Cruz do Sul e uma equipe que atua em todos os estados do Brasil. H\u00e1 mais de 15 anos, iniciou uma mudan\u00e7a de posicionamento fundamentada nos pilares social, humano, ambiental e econ\u00f4mico, consolidando sua virada de chave. A empresa recriou seu jeito de ser no mundo com o foco nas pessoas: uma gest\u00e3o mais horizontal e aberta ao di\u00e1logo, voltada para a\u00e7\u00f5es respons\u00e1veis no meio em que est\u00e1 presente. Por meio da cocria\u00e7\u00e3o, desenvolve produtos como borrachas de apagar, colas, corretivos, bengalas, muletas, bolsas t\u00e9rmicas, joelheiras e recursos de inclus\u00e3o voltados para pessoas com defici\u00eancia.<\/p>\n<\/div>\n<\/div>\n<div class=\"e-mailit_toolbox circular  size48\">\n<div class=\"e-mailit_btn_EMAILiT\"><\/div>\n<\/div>\n","protected":false},"excerpt":{"rendered":"<p>Com foco no desenvolvimento respons\u00e1vel, a Mercur, empresa ga\u00facha de 98 anos, avan\u00e7a nas suas pr\u00e1ticas socioambientais para reduzir os impactos no planeta No pr\u00f3ximo dia 5 de junho, celebra-se o Dia Mundial do Meio Ambiente. Essa data tornou-se refer\u00eancia para a sensibiliza\u00e7\u00e3o ambiental, mobilizando milh\u00f5es de pessoas por meio de atividades, eventos e a\u00e7\u00f5es [&hellip;]<\/p>\n","protected":false},"author":2,"featured_media":9297,"comment_status":"open","ping_status":"open","sticky":false,"template":"","format":"standard","meta":{"_jetpack_memberships_contains_paid_content":false,"footnotes":""},"categories":[51,54,56,60],"tags":[7346],"featured_image_src":{"landsacpe":["https:\/\/revistaempresarios.net\/web\/wp-content\/uploads\/2023\/06\/9ae3362f021b745981ffff9eb02f9fe3_XL-1140x445.jpg",1140,445,true],"list":["https:\/\/revistaempresarios.net\/web\/wp-content\/uploads\/2023\/06\/9ae3362f021b745981ffff9eb02f9fe3_XL-463x348.jpg",463,348,true],"medium":["https:\/\/revistaempresarios.net\/web\/wp-content\/uploads\/2023\/06\/9ae3362f021b745981ffff9eb02f9fe3_XL-300x199.jpg",300,199,true],"full":["https:\/\/revistaempresarios.net\/web\/wp-content\/uploads\/2023\/06\/9ae3362f021b745981ffff9eb02f9fe3_XL.jpg",1220,808,false]},"jetpack_sharing_enabled":true,"jetpack_featured_media_url":"https:\/\/revistaempresarios.net\/web\/wp-content\/uploads\/2023\/06\/9ae3362f021b745981ffff9eb02f9fe3_XL.jpg","jetpack-related-posts":[],"_links":{"self":[{"href":"https:\/\/revistaempresarios.net\/web\/wp-json\/wp\/v2\/posts\/9296"}],"collection":[{"href":"https:\/\/revistaempresarios.net\/web\/wp-json\/wp\/v2\/posts"}],"about":[{"href":"https:\/\/revistaempresarios.net\/web\/wp-json\/wp\/v2\/types\/post"}],"author":[{"embeddable":true,"href":"https:\/\/revistaempresarios.net\/web\/wp-json\/wp\/v2\/users\/2"}],"replies":[{"embeddable":true,"href":"https:\/\/revistaempresarios.net\/web\/wp-json\/wp\/v2\/comments?post=9296"}],"version-history":[{"count":1,"href":"https:\/\/revistaempresarios.net\/web\/wp-json\/wp\/v2\/posts\/9296\/revisions"}],"predecessor-version":[{"id":9298,"href":"https:\/\/revistaempresarios.net\/web\/wp-json\/wp\/v2\/posts\/9296\/revisions\/9298"}],"wp:featuredmedia":[{"embeddable":true,"href":"https:\/\/revistaempresarios.net\/web\/wp-json\/wp\/v2\/media\/9297"}],"wp:attachment":[{"href":"https:\/\/revistaempresarios.net\/web\/wp-json\/wp\/v2\/media?parent=9296"}],"wp:term":[{"taxonomy":"category","embeddable":true,"href":"https:\/\/revistaempresarios.net\/web\/wp-json\/wp\/v2\/categories?post=9296"},{"taxonomy":"post_tag","embeddable":true,"href":"https:\/\/revistaempresarios.net\/web\/wp-json\/wp\/v2\/tags?post=9296"}],"curies":[{"name":"wp","href":"https:\/\/api.w.org\/{rel}","templated":true}]}}