{"id":9079,"date":"2023-05-24T09:56:30","date_gmt":"2023-05-24T12:56:30","guid":{"rendered":"https:\/\/revistaempresarios.net\/web\/?p=9079"},"modified":"2023-05-24T09:56:30","modified_gmt":"2023-05-24T12:56:30","slug":"alienacao-parental-pode-causar-problemas-no-desenvolvimento-das-criancas","status":"publish","type":"post","link":"https:\/\/revistaempresarios.net\/web\/2023\/05\/24\/alienacao-parental-pode-causar-problemas-no-desenvolvimento-das-criancas\/","title":{"rendered":"Aliena\u00e7\u00e3o parental pode causar problemas no desenvolvimento das crian\u00e7as"},"content":{"rendered":"<p class=\"fst-italic text-center\">Para Luiz Fernando Gevaerd, especialista na \u00e1rea de Direito da Fam\u00edlia, esse tipo de comportamento pode afetar gravemente a vida de filhos e seus genitores<\/p>\n<div>\n<p>A aliena\u00e7\u00e3o parental \u00e9 um fen\u00f4meno que ocorre quando um dos pais, intencionalmente ou n\u00e3o, manipula a mente de uma crian\u00e7a para afast\u00e1-la do outro genitor. Especialistas apontam que essa pr\u00e1tica \u00e9 prejudicial e tem consequ\u00eancias profundas e duradouras para o desenvolvimento emocional e psicol\u00f3gico da crian\u00e7a, al\u00e9m de impactar negativamente o relacionamento entre os pais e todo o conv\u00edvio familiar.<\/p>\n<p>De acordo com\u00a0<a href=\"https:\/\/gevaerd.com.br\/\">Luiz Fernando Gevaerd<\/a>, especialista na \u00e1rea de Direito da Fam\u00edlia com mais de 40 anos de carreira, mais de 10 mil casos atendidos e diretor do escrit\u00f3rio Gevaerd Consultoria Jur\u00eddica, o distanciamento afetivo entre a crian\u00e7a e o genitor alvo \u00e9 um dos principais problemas desse tipo de situa\u00e7\u00e3o. \u201cCom o uso de diversos artif\u00edcios, como difama\u00e7\u00e3o, desvaloriza\u00e7\u00e3o e restri\u00e7\u00e3o do contato, pais ou m\u00e3es influenciam negativamente a percep\u00e7\u00e3o da crian\u00e7a, resultando em sentimentos de raiva, medo e rejei\u00e7\u00e3o. Esse movimento, comumente, causa uma ruptura na rela\u00e7\u00e3o que antes era saud\u00e1vel e afetuosa. Al\u00e9m disso, a aliena\u00e7\u00e3o parental pode interferir no desenvolvimento psicol\u00f3gico da crian\u00e7a, levando a problemas como ansiedade, depress\u00e3o e baixa autoestima\u201d, relata.<\/p>\n<p>O advogado aponta, ainda, que a aliena\u00e7\u00e3o parental dificulta o estabelecimento de rela\u00e7\u00f5es saud\u00e1veis no futuro. \u201cA crian\u00e7a alienada pode internalizar os comportamentos manipuladores e replic\u00e1-los em seus pr\u00f3prios relacionamentos, perpetuando um ciclo extremamente destrutivo. Al\u00e9m disso, a aus\u00eancia de uma troca significativa com um dos genitores pode deixar lacunas emocionais que afetar\u00e3o sua capacidade de construir v\u00ednculos seguros e est\u00e1veis ao longo da vida\u201d, lamenta.<\/p>\n<p>Vale lembrar que esses casos n\u00e3o afetam apenas a crian\u00e7a e o genitor alvo, mas tamb\u00e9m tem um impacto negativo no genitor alienador. \u201cEmbora possa parecer que o alienador est\u00e1 exercendo controle sobre a situa\u00e7\u00e3o, ele tamb\u00e9m sofre consequ\u00eancias emocionais. A perpetua\u00e7\u00e3o do conflito e o estremecimento da rela\u00e7\u00e3o com o filho podem levar a sentimentos de solid\u00e3o, culpa e arrependimento com o passar do tempo. Quando falamos em aliena\u00e7\u00e3o parental, todos saem prejudicados\u201d, revela.<\/p>\n<p><a href=\"https:\/\/gevaerd.com.br\/\">Gevaerd<\/a>\u00a0alerta que a aliena\u00e7\u00e3o parental \u00e9 considerada uma forma de abuso emocional contra a crian\u00e7a, sendo condenada tanto pelo sistema jur\u00eddico, quanto pela comunidade psicol\u00f3gica. \u201cA conscientiza\u00e7\u00e3o e a educa\u00e7\u00e3o sobre os danos causados pela aliena\u00e7\u00e3o parental s\u00e3o fundamentais para prevenir e combater esse problema. \u00c9 necess\u00e1rio promover uma rela\u00e7\u00e3o saud\u00e1vel, na qual ambos os genitores sejam valorizados e respeitados, priorizando sempre o bem-estar da crian\u00e7a acima de qualquer conflito pessoal\u201d, finaliza.<\/p>\n<p><strong>Sobre Luiz Fernando Gevaerd<\/strong><\/p>\n<p>Especialista na \u00e1rea de Direito de Fam\u00edlia, o advogado Luiz Fernando Gevaerd possui 40 anos de carreira e mais de 10 mil casos atendidos. Gevaerd \u00e9 graduado em Direito, Economia, Administra\u00e7\u00e3o de Empresas, Contabilidade e especializa\u00e7\u00e3o em Media\u00e7\u00e3o de Conflitos. Por sua grande expertise, o profissional \u00e9 fonte constante das grandes m\u00eddias (programas de TV, r\u00e1dios, revistas, jornais e sites) em assuntos diversos. Um de seus diferenciais \u00e9 a experi\u00eancia em outras \u00e1reas relacionadas com o Direito de Fam\u00edlia: Economia, Contabilidade e Neg\u00f3cios, permitindo-lhe falar sobre as repercuss\u00f5es do div\u00f3rcio em grandes patrim\u00f4nios.<\/p>\n<p><strong>Sobre a Gevaerd Consultoria Jur\u00eddica<\/strong><\/p>\n<p>Fundado em 1982, o escrit\u00f3rio de advocacia atua especificamente nas \u00e1reas de fam\u00edlia e sucess\u00f5es, com in\u00fameros profissionais associados. Atualmente, al\u00e9m da sede na Barra da Tijuca, o escrit\u00f3rio mant\u00e9m local de atendimento no Centro do Rio de Janeiro e tamb\u00e9m em S\u00e3o Paulo al\u00e9m de on-line para todo o Brasil e \u00e9 dirigido por Luiz Fernando Gevaerd.<\/p>\n<p>Habilitado como Mediador de Fam\u00edlia nos Estados Unidos, Dr. Gevaerd foi o precursor no uso de media\u00e7\u00e3o e arbitragem no Direito brasileiro, sendo professor destas mat\u00e9rias. O escrit\u00f3rio Gevaerd Consultoria Jur\u00eddica tem programas permanentes de treinamento de sua equipe e advogados convidados nas \u00e1reas de Direito de Fam\u00edlia, Sucess\u00f5es e Media\u00e7\u00e3o de Conflitos e disponibiliza tamb\u00e9m programas de treinamento nas \u00e1reas de direito de fam\u00edlia e sucess\u00f5es para advogados.<\/p>\n<p>Para mais informa\u00e7\u00f5es, acesse:\u00a0<a href=\"https:\/\/gevaerd.com.br\/\">https:\/\/gevaerd.com.br\/<\/a><\/p>\n<\/div>\n<div class=\"text-center\">\n<div class=\"mt-5\"><\/div>\n<\/div>\n","protected":false},"excerpt":{"rendered":"<p>Para Luiz Fernando Gevaerd, especialista na \u00e1rea de Direito da Fam\u00edlia, esse tipo de comportamento pode afetar gravemente a vida de filhos e seus genitores A aliena\u00e7\u00e3o parental \u00e9 um fen\u00f4meno que ocorre quando um dos pais, intencionalmente ou n\u00e3o, manipula a mente de uma crian\u00e7a para afast\u00e1-la do outro genitor. Especialistas apontam que essa [&hellip;]<\/p>\n","protected":false},"author":2,"featured_media":9080,"comment_status":"open","ping_status":"open","sticky":false,"template":"","format":"standard","meta":{"_jetpack_memberships_contains_paid_content":false,"footnotes":""},"categories":[51,60],"tags":[7245,7247,7246],"featured_image_src":{"landsacpe":["https:\/\/revistaempresarios.net\/web\/wp-content\/uploads\/2023\/05\/Luiz-Fernando-Gevaerd-especialista-na-area-de-Direito-da-Familia-900x445.jpg",900,445,true],"list":["https:\/\/revistaempresarios.net\/web\/wp-content\/uploads\/2023\/05\/Luiz-Fernando-Gevaerd-especialista-na-area-de-Direito-da-Familia-463x348.jpg",463,348,true],"medium":["https:\/\/revistaempresarios.net\/web\/wp-content\/uploads\/2023\/05\/Luiz-Fernando-Gevaerd-especialista-na-area-de-Direito-da-Familia-300x300.jpg",300,300,true],"full":["https:\/\/revistaempresarios.net\/web\/wp-content\/uploads\/2023\/05\/Luiz-Fernando-Gevaerd-especialista-na-area-de-Direito-da-Familia.jpg",900,900,false]},"jetpack_sharing_enabled":true,"jetpack_featured_media_url":"https:\/\/revistaempresarios.net\/web\/wp-content\/uploads\/2023\/05\/Luiz-Fernando-Gevaerd-especialista-na-area-de-Direito-da-Familia.jpg","jetpack-related-posts":[],"_links":{"self":[{"href":"https:\/\/revistaempresarios.net\/web\/wp-json\/wp\/v2\/posts\/9079"}],"collection":[{"href":"https:\/\/revistaempresarios.net\/web\/wp-json\/wp\/v2\/posts"}],"about":[{"href":"https:\/\/revistaempresarios.net\/web\/wp-json\/wp\/v2\/types\/post"}],"author":[{"embeddable":true,"href":"https:\/\/revistaempresarios.net\/web\/wp-json\/wp\/v2\/users\/2"}],"replies":[{"embeddable":true,"href":"https:\/\/revistaempresarios.net\/web\/wp-json\/wp\/v2\/comments?post=9079"}],"version-history":[{"count":1,"href":"https:\/\/revistaempresarios.net\/web\/wp-json\/wp\/v2\/posts\/9079\/revisions"}],"predecessor-version":[{"id":9081,"href":"https:\/\/revistaempresarios.net\/web\/wp-json\/wp\/v2\/posts\/9079\/revisions\/9081"}],"wp:featuredmedia":[{"embeddable":true,"href":"https:\/\/revistaempresarios.net\/web\/wp-json\/wp\/v2\/media\/9080"}],"wp:attachment":[{"href":"https:\/\/revistaempresarios.net\/web\/wp-json\/wp\/v2\/media?parent=9079"}],"wp:term":[{"taxonomy":"category","embeddable":true,"href":"https:\/\/revistaempresarios.net\/web\/wp-json\/wp\/v2\/categories?post=9079"},{"taxonomy":"post_tag","embeddable":true,"href":"https:\/\/revistaempresarios.net\/web\/wp-json\/wp\/v2\/tags?post=9079"}],"curies":[{"name":"wp","href":"https:\/\/api.w.org\/{rel}","templated":true}]}}