{"id":9016,"date":"2023-05-23T12:41:17","date_gmt":"2023-05-23T15:41:17","guid":{"rendered":"https:\/\/revistaempresarios.net\/web\/?p=9016"},"modified":"2023-05-23T12:41:17","modified_gmt":"2023-05-23T15:41:17","slug":"holding-de-insumos-especiais-crop-care-adquire-participacao-majoritaria-na-cromo-quimica-rs","status":"publish","type":"post","link":"https:\/\/revistaempresarios.net\/web\/2023\/05\/23\/holding-de-insumos-especiais-crop-care-adquire-participacao-majoritaria-na-cromo-quimica-rs\/","title":{"rendered":"Holding de insumos especiais Crop Care adquire participa\u00e7\u00e3o majorit\u00e1ria na Cromo Qu\u00edmica (Rs)"},"content":{"rendered":"<p><strong>A Crop Care, holdin<\/strong>g que atua no mercado de<strong>\u00a0insumos especiais para o\u00a0<a href=\"https:\/\/fusoesaquisicoes.com\/?s=agroneg%C3%B3cio\">agroneg\u00f3cio<\/a>, adquiriu participa\u00e7\u00e3o majorit\u00e1ria na Cromo Qu\u00edmica,<\/strong>\u00a0empresa com sede em Estrela (RS),\u00a0<strong>especializada em adjuvantes e potencializadores para agricultura,<\/strong>\u00a0antecipou a empresa em nota ao Broadcast Agro. A opera\u00e7\u00e3o est\u00e1 sujeita a aprova\u00e7\u00f5es regulat\u00f3rias. O valor do neg\u00f3cio n\u00e3o foi informado.<\/p>\n<p>Fundada em 2018 por Josir Neuls e F\u00e1bio Queiroz, a<strong>\u00a0Cromo Qu\u00edmica produz adjuvantes de alta performance e potencializadores para uso agr\u00edcola.<\/strong>\u00a0Segundo o CEO da Crop Care, Marcelo Pessanha, a associa\u00e7\u00e3o fortalece a participa\u00e7\u00e3o da empresa nesses dois segmentos. A Cromo Qu\u00edmica oferece produtos principalmente para as culturas de soja, milho, algod\u00e3o e de inverno nas regi\u00f5es Sul e Centro-Oeste.<\/p>\n<p><img loading=\"lazy\" decoding=\"async\" class=\"aligncenter wp-image-179918\" src=\"https:\/\/assets-staging.fusoesaquisicoes.com\/uploads\/2023\/05\/Captura-de-Tela-2023-05-23-as-10.01.12-copia-300x176.png\" sizes=\"(max-width: 500px) 100vw, 500px\" srcset=\"https:\/\/assets-staging.fusoesaquisicoes.com\/uploads\/2023\/05\/Captura-de-Tela-2023-05-23-as-10.01.12-copia-300x176.png 300w, https:\/\/assets-staging.fusoesaquisicoes.com\/uploads\/2023\/05\/Captura-de-Tela-2023-05-23-as-10.01.12-copia.png 552w\" alt=\"Lavoro adquire Cromo Qumica\" width=\"500\" height=\"293\" \/><\/p>\n<p>A transa\u00e7\u00e3o segue a estrat\u00e9gia de amplia\u00e7\u00e3o da oferta de solu\u00e7\u00f5es sustent\u00e1veis da\u00a0<strong>Crop Care, que j\u00e1 tem uma linha de defensivos biol\u00f3gicos, agroqu\u00edmicos<\/strong>\u00a0p\u00f3s-patente e fertilizantes especiais. \u201cA prioridade continuar\u00e1 sendo crescer com nossos atuais distribuidores e cooperativas e ampliar nosso acesso a agricultores nas regi\u00f5es Norte e Nordeste\u201d, disse Pessanha, na nota.<\/p>\n<p>Segundo o CEO da Cromo Qu\u00edmica, Josir Neuls, a Cromo Qu\u00edmica j\u00e1 tem mais de 40 produtos em portf\u00f3lio e um plano de expans\u00e3o para os pr\u00f3ximos anos com lan\u00e7amentos de novos produtos, estrutura\u00e7\u00e3o de governan\u00e7a e acesso ao mercado. \u201cAcreditamos que nossos adjuvantes de alta performance promovem um melhor aproveitamento de agroqu\u00edmicos e biol\u00f3gicos pulverizados nas lavouras, gerando maior rentabilidade e produtividade ao agricultor\u201d, disse.<\/p>\n<p>No ano fiscal 2021\/22, as subsidi\u00e1rias da Crop Care faturaram, em conjunto, cerca de R$ 438,6 milh\u00f5es. A Crop Care faz parte do\u00a0<strong>Grupo Lavoro<\/strong>, cujos acionistas controladores s\u00e3o fundos geridos pelo P\u00e1tria Investimentos\u2026<a href=\"http:\/\/broadcast.com.br\/cadernos\/agro\/?id=MnhiSTVvSjhTM2d1a2JXV0ZRaTZVQT09\"><strong>Leia mais em broadcast 30\/01\/2023<\/strong><\/a><\/p>\n<div class=\"post-tags-wrapper\"><\/div>\n","protected":false},"excerpt":{"rendered":"<p>A Crop Care, holding que atua no mercado de\u00a0insumos especiais para o\u00a0agroneg\u00f3cio, adquiriu participa\u00e7\u00e3o majorit\u00e1ria na Cromo Qu\u00edmica,\u00a0empresa com sede em Estrela (RS),\u00a0especializada em adjuvantes e potencializadores para agricultura,\u00a0antecipou a empresa em nota ao Broadcast Agro. A opera\u00e7\u00e3o est\u00e1 sujeita a aprova\u00e7\u00f5es regulat\u00f3rias. O valor do neg\u00f3cio n\u00e3o foi informado. Fundada em 2018 por Josir [&hellip;]<\/p>\n","protected":false},"author":2,"featured_media":9017,"comment_status":"open","ping_status":"open","sticky":false,"template":"","format":"standard","meta":{"_jetpack_memberships_contains_paid_content":false,"_joinchat":[],"footnotes":""},"categories":[51,54,57,60],"tags":[7210],"featured_image_src":{"landsacpe":["https:\/\/revistaempresarios.net\/web\/wp-content\/uploads\/2023\/05\/Captura-de-Tela-2023-05-23-as-10.webp",552,324,false],"list":["https:\/\/revistaempresarios.net\/web\/wp-content\/uploads\/2023\/05\/Captura-de-Tela-2023-05-23-as-10-463x324.webp",463,324,true],"medium":["https:\/\/revistaempresarios.net\/web\/wp-content\/uploads\/2023\/05\/Captura-de-Tela-2023-05-23-as-10-300x176.webp",300,176,true],"full":["https:\/\/revistaempresarios.net\/web\/wp-content\/uploads\/2023\/05\/Captura-de-Tela-2023-05-23-as-10.webp",552,324,false]},"jetpack_sharing_enabled":true,"jetpack_featured_media_url":"https:\/\/revistaempresarios.net\/web\/wp-content\/uploads\/2023\/05\/Captura-de-Tela-2023-05-23-as-10.webp","jetpack-related-posts":[],"_links":{"self":[{"href":"https:\/\/revistaempresarios.net\/web\/wp-json\/wp\/v2\/posts\/9016"}],"collection":[{"href":"https:\/\/revistaempresarios.net\/web\/wp-json\/wp\/v2\/posts"}],"about":[{"href":"https:\/\/revistaempresarios.net\/web\/wp-json\/wp\/v2\/types\/post"}],"author":[{"embeddable":true,"href":"https:\/\/revistaempresarios.net\/web\/wp-json\/wp\/v2\/users\/2"}],"replies":[{"embeddable":true,"href":"https:\/\/revistaempresarios.net\/web\/wp-json\/wp\/v2\/comments?post=9016"}],"version-history":[{"count":1,"href":"https:\/\/revistaempresarios.net\/web\/wp-json\/wp\/v2\/posts\/9016\/revisions"}],"predecessor-version":[{"id":9018,"href":"https:\/\/revistaempresarios.net\/web\/wp-json\/wp\/v2\/posts\/9016\/revisions\/9018"}],"wp:featuredmedia":[{"embeddable":true,"href":"https:\/\/revistaempresarios.net\/web\/wp-json\/wp\/v2\/media\/9017"}],"wp:attachment":[{"href":"https:\/\/revistaempresarios.net\/web\/wp-json\/wp\/v2\/media?parent=9016"}],"wp:term":[{"taxonomy":"category","embeddable":true,"href":"https:\/\/revistaempresarios.net\/web\/wp-json\/wp\/v2\/categories?post=9016"},{"taxonomy":"post_tag","embeddable":true,"href":"https:\/\/revistaempresarios.net\/web\/wp-json\/wp\/v2\/tags?post=9016"}],"curies":[{"name":"wp","href":"https:\/\/api.w.org\/{rel}","templated":true}]}}