{"id":8999,"date":"2023-05-23T12:12:54","date_gmt":"2023-05-23T15:12:54","guid":{"rendered":"https:\/\/revistaempresarios.net\/web\/?p=8999"},"modified":"2023-05-23T12:12:54","modified_gmt":"2023-05-23T15:12:54","slug":"santa-rita-estates-quer-crescer-33-no-brasil-este-ano","status":"publish","type":"post","link":"https:\/\/revistaempresarios.net\/web\/2023\/05\/23\/santa-rita-estates-quer-crescer-33-no-brasil-este-ano\/","title":{"rendered":"Santa Rita Estates quer crescer 33% no Brasil este ano"},"content":{"rendered":"<div class=\"cardsv__description _limitador\">\n<p>Vin\u00edcola estreia 7 r\u00f3tulos no Brasil, em 2023, e foca em promo\u00e7\u00f5es no PDV e campanhas institucionais para divulga\u00e7\u00e3o<\/p>\n<p>O grupo Santa Rita Estates, presente na lista das 100 melhores vin\u00edcolas do mundo em enoturismo pela academia World\u2019s Best Vineyards, amplia presen\u00e7a no mercado brasileiro com novos produtos vindos de suas vin\u00edcolas Chilenas e Argentina.<\/p>\n<p>No total, s\u00e3o 7 r\u00f3tulos que estreiam neste ano no Brasil e, com isso, a expectativa de crescimento em vendas em rela\u00e7\u00e3o ao ano de 2022 \u00e9 de 33%. A vin\u00edcola\u00a0<a href=\"https:\/\/www.santarita.com\/pt\/\" target=\"_blank\" rel=\"noreferrer noopener\">Santa Rita Estates<\/a>\u00a0planeja focar em a\u00e7\u00f5es e promo\u00e7\u00f5es no PDV, al\u00e9m de campanhas institucionais e de marketing, sob a coordenadora de Jaqueline Messias, marketing manager da Santa Rita no Brasil para alcan\u00e7ar o objetivo.<\/p>\n<p>\u201cNa APAS SHOW 2023, nossa maior expectativa foi de\u00a0 aproximar ainda mais do mercado brasileiro, al\u00e9m de apresentar nossos lan\u00e7amentos, como o 120 Delight, a extens\u00e3o da fam\u00edlia Cabernario, nosso vinho org\u00e2nico Unique, e o in\u00edcio da parceria com a Treasure Wines, com o 19 Crimes, o vinho do Snoopy Dog\u201d, diz Juan Pablo, country manager da empresa.<\/p>\n<p>A APAS SHOW 2023 \u00e9 o maior evento de alimentos e bebidas das Am\u00e9ricas e a maior feira supermercadista do mundo. O evento aconteceu no Expo Center Norte, em S\u00e3o Paulo (SP), entre os dias 15 e 18 de maio.<\/p>\n<div class=\"comments-wrapper section-inner\">\n<div id=\"comments\" class=\"comments-area\">\n<div id=\"respond\" class=\"comment-respond\"><\/div>\n<\/div>\n<\/div>\n<\/div>\n","protected":false},"excerpt":{"rendered":"<p>Vin\u00edcola estreia 7 r\u00f3tulos no Brasil, em 2023, e foca em promo\u00e7\u00f5es no PDV e campanhas institucionais para divulga\u00e7\u00e3o O grupo Santa Rita Estates, presente na lista das 100 melhores vin\u00edcolas do mundo em enoturismo pela academia World\u2019s Best Vineyards, amplia presen\u00e7a no mercado brasileiro com novos produtos vindos de suas vin\u00edcolas Chilenas e Argentina. [&hellip;]<\/p>\n","protected":false},"author":2,"featured_media":9000,"comment_status":"open","ping_status":"open","sticky":false,"template":"","format":"standard","meta":{"_jetpack_memberships_contains_paid_content":false,"footnotes":""},"categories":[51,56,60],"tags":[7203],"featured_image_src":{"landsacpe":["https:\/\/revistaempresarios.net\/web\/wp-content\/uploads\/2023\/05\/santa-rita-juan-pablo-e-jaqueline-messias-1140x445.jpeg",1140,445,true],"list":["https:\/\/revistaempresarios.net\/web\/wp-content\/uploads\/2023\/05\/santa-rita-juan-pablo-e-jaqueline-messias-463x348.jpeg",463,348,true],"medium":["https:\/\/revistaempresarios.net\/web\/wp-content\/uploads\/2023\/05\/santa-rita-juan-pablo-e-jaqueline-messias-300x225.jpeg",300,225,true],"full":["https:\/\/revistaempresarios.net\/web\/wp-content\/uploads\/2023\/05\/santa-rita-juan-pablo-e-jaqueline-messias.jpeg",1600,1200,false]},"jetpack_sharing_enabled":true,"jetpack_featured_media_url":"https:\/\/revistaempresarios.net\/web\/wp-content\/uploads\/2023\/05\/santa-rita-juan-pablo-e-jaqueline-messias.jpeg","jetpack-related-posts":[],"_links":{"self":[{"href":"https:\/\/revistaempresarios.net\/web\/wp-json\/wp\/v2\/posts\/8999"}],"collection":[{"href":"https:\/\/revistaempresarios.net\/web\/wp-json\/wp\/v2\/posts"}],"about":[{"href":"https:\/\/revistaempresarios.net\/web\/wp-json\/wp\/v2\/types\/post"}],"author":[{"embeddable":true,"href":"https:\/\/revistaempresarios.net\/web\/wp-json\/wp\/v2\/users\/2"}],"replies":[{"embeddable":true,"href":"https:\/\/revistaempresarios.net\/web\/wp-json\/wp\/v2\/comments?post=8999"}],"version-history":[{"count":1,"href":"https:\/\/revistaempresarios.net\/web\/wp-json\/wp\/v2\/posts\/8999\/revisions"}],"predecessor-version":[{"id":9001,"href":"https:\/\/revistaempresarios.net\/web\/wp-json\/wp\/v2\/posts\/8999\/revisions\/9001"}],"wp:featuredmedia":[{"embeddable":true,"href":"https:\/\/revistaempresarios.net\/web\/wp-json\/wp\/v2\/media\/9000"}],"wp:attachment":[{"href":"https:\/\/revistaempresarios.net\/web\/wp-json\/wp\/v2\/media?parent=8999"}],"wp:term":[{"taxonomy":"category","embeddable":true,"href":"https:\/\/revistaempresarios.net\/web\/wp-json\/wp\/v2\/categories?post=8999"},{"taxonomy":"post_tag","embeddable":true,"href":"https:\/\/revistaempresarios.net\/web\/wp-json\/wp\/v2\/tags?post=8999"}],"curies":[{"name":"wp","href":"https:\/\/api.w.org\/{rel}","templated":true}]}}