{"id":8959,"date":"2023-05-22T22:16:05","date_gmt":"2023-05-23T01:16:05","guid":{"rendered":"https:\/\/revistaempresarios.net\/web\/?p=8959"},"modified":"2023-05-22T22:16:05","modified_gmt":"2023-05-23T01:16:05","slug":"orfeu-cafes-especiais-lanca-microlote-dedicado-ao-mam-rio","status":"publish","type":"post","link":"https:\/\/revistaempresarios.net\/web\/2023\/05\/22\/orfeu-cafes-especiais-lanca-microlote-dedicado-ao-mam-rio\/","title":{"rendered":"Orfeu Caf\u00e9s Especiais lan\u00e7a Microlote dedicado ao MAM Rio"},"content":{"rendered":"<p class=\"fst-italic text-center\">Museu de Arte Moderna do Rio de Janeiro completa 75 anos de hist\u00f3ria; caf\u00e9 exclusivo estar\u00e1 dispon\u00edvel para venda a partir de 26 de maio.<\/p>\n<div>\n<p>Em comemora\u00e7\u00e3o aos 75 anos do MAM Rio \u2013 Museu de Arte Moderna do Rio de Janeiro \u2013, Orfeu Caf\u00e9s Especiais celebra este marco para a arte nacional com um caf\u00e9 singular e de edi\u00e7\u00e3o limitada. Em vers\u00f5es Torrado e Mo\u00eddo e de c\u00e1psulas compat\u00edveis Nespresso\u00ae, o Microlote Orfeu MAM 75 anos estar\u00e1 dispon\u00edvel para venda no e-commerce da marca e no pr\u00f3prio Museu a partir de 26 de maio.<\/p>\n<p>Al\u00e9m do interesse m\u00fatuo por manifesta\u00e7\u00f5es culturais, Orfeu e MAM Rio carregam similaridades: 1948 foi o ano do primeiro talh\u00e3o da fazenda Sert\u00e3ozinho e da inaugura\u00e7\u00e3o do museu. Para a cria\u00e7\u00e3o do Microlote, dedicado aos apreciadores de artes e caf\u00e9s especiais, a marca refletiu sobre a trajet\u00f3ria da institui\u00e7\u00e3o e em tantos artistas modernos e contempor\u00e2neos que fizeram parte do museu, como Candido Portinari, Lygia Clark, Adriana Varej\u00e3o, Cildo Meireles, Andy Warhol, entre outros.<\/p>\n<p>O Microlote Orfeu MAM 75 anos \u00e9 de caf\u00e9 100% Ar\u00e1bica, \u00e0 base de Catuca\u00ed, uma variedade\u00a0de frutos vermelhos e amarelos cultivada a mais de 1.000 metros de altitude, no sul de Minas Gerais. Ap\u00f3s a sele\u00e7\u00e3o dos gr\u00e3os, o fruto recebeu uma torra m\u00e9dia, resultando em uma bebida instigante, ao mesmo tempo doce e \u00e1cida, aveludada e pungente, com notas de caramelo e chocolate. Assim, expressa a vanguarda e o experimentalismo das exposi\u00e7\u00f5es do Museu.<\/p>\n<p>Assim como a arte, o Microlote \u00e9 um convite para novas conex\u00f5es, momentos memor\u00e1veis e est\u00edmulo ao di\u00e1logo.<\/p>\n<p><strong>Servi\u00e7o:<br \/>\nE-commerce Orfeu<br \/>\n<\/strong><a href=\"https:\/\/www.cafeorfeu.com.br\/\">Caf\u00e9 Orfeu (cafeorfeu.com.br)<\/a><strong><\/p>\n<p>Museu de Arte Moderna do Rio de Janeiro<br \/>\n<\/strong>Av. Infante Dom Henrique, 85 &#8211; Parque do Flamengo, Rio de Janeiro &#8211; RJ, 20021-140<\/p>\n<p><strong>Sobre Orfeu Caf\u00e9s Especiais<\/strong><br \/>\nMarca criada em 2005, Orfeu Caf\u00e9s Especiais carrega com louvor a coloca\u00e7\u00e3o de caf\u00e9 brasileiro mais premiado no mundo. Tal excel\u00eancia \u00e9 fruto de um trabalho minucioso que acontece desde a sele\u00e7\u00e3o das sementes at\u00e9 chegar \u00e0 x\u00edcara de seus apreciadores. O plantio do caf\u00e9 tem como origem diferentes terroirs e \u00e9 cultivado majoritariamente no alto das montanhas do sul de Minas Gerais, na ic\u00f4nica fazenda Sert\u00e3ozinho, que faz parte do complexo de Orfeu, sendo a maior detentora das lavouras, al\u00e9m de guardi\u00e3 de um Jequitib\u00e1 de 1.500 anos. Em 2022, Orfeu expandiu e, por meio do Plano de Certifica\u00e7\u00e3o, passou a viabilizar o fornecimento de caf\u00e9 advindo de outros cafeicultores, por conta do aumento de consumo de caf\u00e9s especiais no Brasil e, consequentemente, crescimento da marca.<\/p>\n<p>Orfeu cuida de todo processo de produ\u00e7\u00e3o: plantio, colheita, torra e embalagens \u2014 manuseado pelos dedicados e gabaritados funcion\u00e1rios da empresa. Entre estes, em constante especializa\u00e7\u00e3o e evolu\u00e7\u00e3o, est\u00e3o dez Q-Graders, especialistas internacionais de caf\u00e9. Em seu portf\u00f3lio padr\u00e3o, fazem parte os Blends Intenso, Cl\u00e1ssico, Bourbon Amarelo, Org\u00e2nico, Descafeinado e os lan\u00e7amentos pontuais de Microlotes.<\/p>\n<p>De sabores \u00fanicos e frescor inigual\u00e1vel, Orfeu conta ainda com um produto no mesmo n\u00edvel e trato como seus caf\u00e9s. Depois de quase dez anos da primeira oliveira, a marca lan\u00e7ou em 2020 seus azeites especiais. As oliveiras plantadas a mais de 1.300 metros de altitude na Fazenda Rainha s\u00e3o cultivadas em terroir privilegiado, de solo vulc\u00e2nico e que proporcionam em cada cuidadosa extra\u00e7\u00e3o a qualidade m\u00e1xima. Azeites Especiais Orfeu s\u00e3o elaborados em lagar pr\u00f3prio (oficina de produ\u00e7\u00e3o de azeites) nas vers\u00f5es de Koroneiki, Coratina, Arbosana, Arbequina, Blend de safra e lan\u00e7amentos pontuais de Microlotes. Mesmo com apenas dois anos no mercado, os Azeites Especiais Orfeu j\u00e1 foram premiados pelos mais respeitados concursos do mundo.<\/p>\n<\/div>\n","protected":false},"excerpt":{"rendered":"<p>Museu de Arte Moderna do Rio de Janeiro completa 75 anos de hist\u00f3ria; caf\u00e9 exclusivo estar\u00e1 dispon\u00edvel para venda a partir de 26 de maio. Em comemora\u00e7\u00e3o aos 75 anos do MAM Rio \u2013 Museu de Arte Moderna do Rio de Janeiro \u2013, Orfeu Caf\u00e9s Especiais celebra este marco para a arte nacional com um [&hellip;]<\/p>\n","protected":false},"author":2,"featured_media":8960,"comment_status":"open","ping_status":"open","sticky":false,"template":"","format":"standard","meta":{"_jetpack_memberships_contains_paid_content":false,"_joinchat":[],"footnotes":""},"categories":[51,54,56,60],"tags":[7188],"featured_image_src":{"landsacpe":["https:\/\/revistaempresarios.net\/web\/wp-content\/uploads\/2023\/05\/Microlote-Orfeu-MAM-75-anos-Capsulas-Nespresso-500x445.webp",500,445,true],"list":["https:\/\/revistaempresarios.net\/web\/wp-content\/uploads\/2023\/05\/Microlote-Orfeu-MAM-75-anos-Capsulas-Nespresso-463x348.webp",463,348,true],"medium":["https:\/\/revistaempresarios.net\/web\/wp-content\/uploads\/2023\/05\/Microlote-Orfeu-MAM-75-anos-Capsulas-Nespresso-222x300.webp",222,300,true],"full":["https:\/\/revistaempresarios.net\/web\/wp-content\/uploads\/2023\/05\/Microlote-Orfeu-MAM-75-anos-Capsulas-Nespresso.webp",500,675,false]},"jetpack_sharing_enabled":true,"jetpack_featured_media_url":"https:\/\/revistaempresarios.net\/web\/wp-content\/uploads\/2023\/05\/Microlote-Orfeu-MAM-75-anos-Capsulas-Nespresso.webp","jetpack-related-posts":[],"_links":{"self":[{"href":"https:\/\/revistaempresarios.net\/web\/wp-json\/wp\/v2\/posts\/8959"}],"collection":[{"href":"https:\/\/revistaempresarios.net\/web\/wp-json\/wp\/v2\/posts"}],"about":[{"href":"https:\/\/revistaempresarios.net\/web\/wp-json\/wp\/v2\/types\/post"}],"author":[{"embeddable":true,"href":"https:\/\/revistaempresarios.net\/web\/wp-json\/wp\/v2\/users\/2"}],"replies":[{"embeddable":true,"href":"https:\/\/revistaempresarios.net\/web\/wp-json\/wp\/v2\/comments?post=8959"}],"version-history":[{"count":1,"href":"https:\/\/revistaempresarios.net\/web\/wp-json\/wp\/v2\/posts\/8959\/revisions"}],"predecessor-version":[{"id":8961,"href":"https:\/\/revistaempresarios.net\/web\/wp-json\/wp\/v2\/posts\/8959\/revisions\/8961"}],"wp:featuredmedia":[{"embeddable":true,"href":"https:\/\/revistaempresarios.net\/web\/wp-json\/wp\/v2\/media\/8960"}],"wp:attachment":[{"href":"https:\/\/revistaempresarios.net\/web\/wp-json\/wp\/v2\/media?parent=8959"}],"wp:term":[{"taxonomy":"category","embeddable":true,"href":"https:\/\/revistaempresarios.net\/web\/wp-json\/wp\/v2\/categories?post=8959"},{"taxonomy":"post_tag","embeddable":true,"href":"https:\/\/revistaempresarios.net\/web\/wp-json\/wp\/v2\/tags?post=8959"}],"curies":[{"name":"wp","href":"https:\/\/api.w.org\/{rel}","templated":true}]}}