{"id":8936,"date":"2023-05-20T21:26:46","date_gmt":"2023-05-21T00:26:46","guid":{"rendered":"https:\/\/revistaempresarios.net\/web\/?p=8936"},"modified":"2023-05-20T21:26:46","modified_gmt":"2023-05-21T00:26:46","slug":"com-queda-de-sete-vezes-no-faturamento-americanas-despenca-entre-os-principais-marketplaces","status":"publish","type":"post","link":"https:\/\/revistaempresarios.net\/web\/2023\/05\/20\/com-queda-de-sete-vezes-no-faturamento-americanas-despenca-entre-os-principais-marketplaces\/","title":{"rendered":"Com queda de sete vezes no faturamento, Americanas despenca entre os principais marketplaces"},"content":{"rendered":"<p><i>Estudo da startup Magis5, hub de integra\u00e7\u00e3o de e-commerce, mostra o efeito da crise do grupo, que veio \u00e0 tona no in\u00edcio do ano<\/i><\/p>\n<div>\n<p>A crise das Americanas \u2013 que em janeiro revelou rombo de pelo menos R$ 20 bilh\u00f5es em sua contabilidade \u2013 atingiu em cheio uma de suas maiores especialidades nos \u00faltimos tempos: a de marketplace. Um estudo da startup Magis5, um hub automatizador e integrador de marketplaces, mostra que o grupo despencou na lista dos principais do setor.<\/p>\n<p>Confirmando a queda, em 22 de mar\u00e7o vieram \u00e0 tona dados sobre a dr\u00e1stica redu\u00e7\u00e3o do faturamento dos canais on-line das Americanas. Em novembro, pico do resultado em 2022, as vendas somaram R$ 1,4 bilh\u00e3o. Em fevereiro deste ano, j\u00e1 com a crise estabelecida, o montante caiu para R$ 180 milh\u00f5es. Ou seja, uma redu\u00e7\u00e3o de 7,7 vezes. Os dados s\u00e3o da pr\u00f3pria empresa, e est\u00e3o em relat\u00f3rio enviado \u00e0 4\u00aa Vara Empresarial do Rio de Janeiro, conforme noticiado pela\u00a0imprensa.<\/p>\n<p>De acordo com o levantamento da Magis5, dados internos de seu hub coletados um m\u00eas ap\u00f3s o an\u00fancio da crise apontam que houve uma redu\u00e7\u00e3o de 35,27% na m\u00e9dia de pedidos di\u00e1rios e de 30,79% em rela\u00e7\u00e3o ao GMV (<em>Gross Merchandise Value<\/em>, o volume bruto de mercadorias, em tradu\u00e7\u00e3o livre).<\/p>\n<p>Quando analisada em compara\u00e7\u00e3o, nos \u00faltimos dois trimestres de 2022 essa redu\u00e7\u00e3o \u00e9 ainda maior: com -47,35% na m\u00e9dia de pedidos di\u00e1rios e de -39,56% do GMV di\u00e1rio. Al\u00e9m de dados dos pedidos, os vendedores ativos na plataforma igualmente tiveram altera\u00e7\u00e3o em rela\u00e7\u00e3o ao per\u00edodo de an\u00fancio da crise at\u00e9 o in\u00edcio do m\u00eas de mar\u00e7o, com uma redu\u00e7\u00e3o de 5,1% de sellers ativos.<\/p>\n<p>Tais dados apontam a possibilidade de os compradores estarem mais receosos com a compra no marketplace ou mesmo para a redu\u00e7\u00e3o de a\u00e7\u00f5es feitas pela Americanas para atrair mais consumidores. O que faz com que, consequentemente, outros marketplaces, como Magalu, aumentem sua participa\u00e7\u00e3o no mercado, ou mesmo o AliExpress, que vem sendo apontado como o sexto maior marketplace em termos de acessos mensais pelos relat\u00f3rios da Conversion, j\u00e1 pr\u00f3ximo de alcan\u00e7ar a Americanas.<\/p>\n<p>Segundo o CEO da Magis5, Claudio Dias, para os vendedores de marketplace, a crise nas Americanas representa, de fato, um desafio. Afinal, trata-se de uma marca que conseguiu se consolidar no mercado, atraindo parceiros (e clientes). Apesar dos resultados em intenso declive, e da imagem desgastada, a crise n\u00e3o significa fim de oportunidades, ressalta o especialista.<\/p>\n<p><center><img loading=\"lazy\" decoding=\"async\" src=\"https:\/\/files.pressmanager.net\/clientes\/63e04938a9558c325d286da7acbc615e\/imagens\/2023\/03\/24\/8973868353fd93ca1045fe11aefcc8f5_medium.jpg\" width=\"174\" height=\"232\" \/><\/p>\n<p><\/center><em><strong>\u00a0 \u00a0 \u00a0 \u00a0 \u00a0 \u00a0 \u00a0 \u00a0 \u00a0 \u00a0 \u00a0 \u00a0 \u00a0 \u00a0 \u00a0 \u00a0 \u00a0 \u00a0 \u00a0 \u00a0 \u00a0 \u00a0 \u00a0 \u00a0 \u00a0 \u00a0 \u00a0 \u00a0 \u00a0 \u00a0 \u00a0 \u00a0 \u00a0 \u00a0 Claudio Dias, CEO da Magis5<\/strong><\/em><\/p>\n<div dir=\"ltr\">\n<div>\n<p>\u00c9 claro que \u00e9 preciso ficar alerta perante os acontecimentos, por\u00e9m, a Americanas \u00e9 uma marca consolidada no mercado, e esperamos que essa crise possa ser contornada justamente por conta dos vendedores, colaboradores e parceiros que tiram sua renda a partir do marketplace. Mas igualmente \u00e9 importante ressaltarmos o qu\u00e3o importante, para sellers, \u00e9 estar presente em multicanais de vendas on-line para ter mais contatos com seus compradores em diferentes plataformas e n\u00e3o serem duramente afetados.<\/p>\n<p>O levantamento da Magis5 \u00e9 feito a partir dos dados operacionalizados pelo seu pr\u00f3prio hub de automa\u00e7\u00e3o, gest\u00e3o e integra\u00e7\u00e3o de marketplaces. Por meio de hiperautoma\u00e7\u00e3o, a startup oferece solu\u00e7\u00f5es de integra\u00e7\u00e3o, totalmente on-line, desses ambientes, proporcionando a quem comercializa pela internet gerenciar de forma r\u00e1pida, f\u00e1cil e segura vendas em diversas lojas e marketplaces propriamente ditos.<\/p>\n<p>Por exemplo: mediante o uso de m\u00faltiplos CNPJs em uma mesma conta para gerenciar impress\u00f5es de nota fiscal e etiquetas, an\u00fancios e, ainda, automatizar o processo de expedi\u00e7\u00e3o. A plataforma integra marketplaces como AliExpress, B2W Marketplace, Carrefour Marketplace, Madeira Madeira, Magazine Luiza, Mercado Livre e Shopee, dentre outros.<\/p>\n<\/div>\n<\/div>\n<\/div>\n","protected":false},"excerpt":{"rendered":"<p>Estudo da startup Magis5, hub de integra\u00e7\u00e3o de e-commerce, mostra o efeito da crise do grupo, que veio \u00e0 tona no in\u00edcio do ano A crise das Americanas \u2013 que em janeiro revelou rombo de pelo menos R$ 20 bilh\u00f5es em sua contabilidade \u2013 atingiu em cheio uma de suas maiores especialidades nos \u00faltimos tempos: [&hellip;]<\/p>\n","protected":false},"author":2,"featured_media":6256,"comment_status":"open","ping_status":"open","sticky":false,"template":"","format":"standard","meta":{"_jetpack_memberships_contains_paid_content":false,"footnotes":""},"categories":[51,54,60],"tags":[7178,7177],"featured_image_src":{"landsacpe":["https:\/\/revistaempresarios.net\/web\/wp-content\/uploads\/2023\/01\/diretores_da_americanas_venderam_acoes_antes_do_anuncio_de_rombo_financeiro-768x432.jpg.webp",768,432,false],"list":["https:\/\/revistaempresarios.net\/web\/wp-content\/uploads\/2023\/01\/diretores_da_americanas_venderam_acoes_antes_do_anuncio_de_rombo_financeiro-768x432.jpg-463x348.webp",463,348,true],"medium":["https:\/\/revistaempresarios.net\/web\/wp-content\/uploads\/2023\/01\/diretores_da_americanas_venderam_acoes_antes_do_anuncio_de_rombo_financeiro-768x432.jpg-300x169.webp",300,169,true],"full":["https:\/\/revistaempresarios.net\/web\/wp-content\/uploads\/2023\/01\/diretores_da_americanas_venderam_acoes_antes_do_anuncio_de_rombo_financeiro-768x432.jpg.webp",768,432,false]},"jetpack_sharing_enabled":true,"jetpack_featured_media_url":"https:\/\/revistaempresarios.net\/web\/wp-content\/uploads\/2023\/01\/diretores_da_americanas_venderam_acoes_antes_do_anuncio_de_rombo_financeiro-768x432.jpg.webp","jetpack-related-posts":[],"_links":{"self":[{"href":"https:\/\/revistaempresarios.net\/web\/wp-json\/wp\/v2\/posts\/8936"}],"collection":[{"href":"https:\/\/revistaempresarios.net\/web\/wp-json\/wp\/v2\/posts"}],"about":[{"href":"https:\/\/revistaempresarios.net\/web\/wp-json\/wp\/v2\/types\/post"}],"author":[{"embeddable":true,"href":"https:\/\/revistaempresarios.net\/web\/wp-json\/wp\/v2\/users\/2"}],"replies":[{"embeddable":true,"href":"https:\/\/revistaempresarios.net\/web\/wp-json\/wp\/v2\/comments?post=8936"}],"version-history":[{"count":1,"href":"https:\/\/revistaempresarios.net\/web\/wp-json\/wp\/v2\/posts\/8936\/revisions"}],"predecessor-version":[{"id":8937,"href":"https:\/\/revistaempresarios.net\/web\/wp-json\/wp\/v2\/posts\/8936\/revisions\/8937"}],"wp:featuredmedia":[{"embeddable":true,"href":"https:\/\/revistaempresarios.net\/web\/wp-json\/wp\/v2\/media\/6256"}],"wp:attachment":[{"href":"https:\/\/revistaempresarios.net\/web\/wp-json\/wp\/v2\/media?parent=8936"}],"wp:term":[{"taxonomy":"category","embeddable":true,"href":"https:\/\/revistaempresarios.net\/web\/wp-json\/wp\/v2\/categories?post=8936"},{"taxonomy":"post_tag","embeddable":true,"href":"https:\/\/revistaempresarios.net\/web\/wp-json\/wp\/v2\/tags?post=8936"}],"curies":[{"name":"wp","href":"https:\/\/api.w.org\/{rel}","templated":true}]}}