{"id":8890,"date":"2023-05-19T10:42:32","date_gmt":"2023-05-19T13:42:32","guid":{"rendered":"https:\/\/revistaempresarios.net\/web\/?p=8890"},"modified":"2023-05-19T10:42:32","modified_gmt":"2023-05-19T13:42:32","slug":"greenv-lanca-novo-produto-voltado-para-a-medicao-do-consumo-individual-em-condominios-durante-a-5a-edicao-do-conasi","status":"publish","type":"post","link":"https:\/\/revistaempresarios.net\/web\/2023\/05\/19\/greenv-lanca-novo-produto-voltado-para-a-medicao-do-consumo-individual-em-condominios-durante-a-5a-edicao-do-conasi\/","title":{"rendered":"GreenV lan\u00e7a novo produto voltado para a medi\u00e7\u00e3o do consumo individual em condom\u00ednios, durante a 5\u00aa edi\u00e7\u00e3o do CONASI"},"content":{"rendered":"<p>O evento \u00e9 considerado refer\u00eancia no segmento e tradicionalmente apresenta ao mercado diversos conte\u00fados sobre o setor condominial<\/p>\n<p>A GreenV, mobilitytech especializada em instala\u00e7\u00e3o de pontos de recarga e tecnologias inteligentes para gest\u00e3o de consumo de energia para ve\u00edculos el\u00e9tricos, participar\u00e1 da 5\u00aa edi\u00e7\u00e3o do Congresso Nacional dos S\u00edndicos (CONASI), que acontecer\u00e1 no Hakka Eventos (Liberdade\/SP), entre os dias 19 e 20 de maio. O congresso, organizado pelo Portal S\u00edndiconline, promove anualmente o encontro entre os profissionais do mercado condominial e os principais players do mercado, al\u00e9m de trazer palestras e expositores de empresas relevantes para a \u00e1rea.<\/p>\n<p>Durante o evento, a GreenV far\u00e1 o lan\u00e7amento de uma nova solu\u00e7\u00e3o tecnol\u00f3gica para eletromobilidade em condom\u00ednios, o Connect Plus. A nova tomada inteligente permite aos condom\u00ednios uma melhor gest\u00e3o do gasto energ\u00e9tico de seus cond\u00f4minos que possuem ve\u00edculos el\u00e9tricos. A tecnologia do Connect Plus vai permitir ao gestor do condom\u00ednio monitorar e realizar o rateio correto da conta de luz entre todos os moradores, inclusive os cond\u00f4minos que carregaram seus ve\u00edculos. A tomada estar\u00e1 dispon\u00edvel em tr\u00eas vers\u00f5es diferentes: 3.6 kW, 7kW e 22 kW.<\/p>\n<p>Ao longo dos dois dias de evento, ser\u00e1 poss\u00edvel ver, na pr\u00e1tica, como esse novo mecanismo funciona, uma vez que ser\u00e3o feitas demonstra\u00e7\u00f5es com os produtos GreenV e um carro da marca BYD.<\/p>\n<p>Para aqueles que forem conferir a 5\u00aa edi\u00e7\u00e3o do CONASI, ser\u00e1 poss\u00edvel conhecer toda a linha de produtos e servi\u00e7os da GreenV que estar\u00e1 exposta no evento. Na oportunidade, tamb\u00e9m ser\u00e1 apresentado o cat\u00e1logo da Academy by GreenV, o centro de ensino online dedicado ao estudo de eletromobilidade. O curso de introdu\u00e7\u00e3o \u00e0 mobilidade el\u00e9trica estar\u00e1 dispon\u00edvel n\u00e3o apenas com um desconto especial, mas tamb\u00e9m com a oportunidade de levar, na compra dele, um curso em pr\u00e9-lan\u00e7amento voltado para condom\u00ednios. Durante o segundo dia de evento, um especialista da GreenV subir\u00e1 ao palco para falar sobre modelos de neg\u00f3cios voltados para condom\u00ednios.<\/p>\n<p><strong>Sobre A GreenV<\/strong><\/p>\n<p>Fundada em 2021, a GreenV teve sua origem na AZ Energy, e hoje a empresa se tornou refer\u00eancia em eletromobilidade no Brasil, l\u00edder nacional em instala\u00e7\u00e3o de pontos de recarga. Depois de receber um aporte de R$22 milh\u00f5es de um fundo norte americano, a companhia passou a focar exclusivamente em solu\u00e7\u00f5es inteligentes para mobilidade el\u00e9trica. A companhia j\u00e1 foi respons\u00e1vel pela instala\u00e7\u00e3o de mais de 2.500 pontos de recarga, em 24 Estados brasileiros. Recentemente, a GreenV fechou parcerias importantes, com a Volkswagen Caminh\u00f5es e com a Indigo Brasil, uma das maiores empresas do setor de estacionamentos privados do pa\u00eds. Al\u00e9m do aumento de pontos de recarga, a startup j\u00e1 tem em seu planejamento estrat\u00e9gico de desenvolvimento mais de 70 inova\u00e7\u00f5es que ser\u00e3o lan\u00e7adas no mercado brasileiro at\u00e9 2025, com base na Metodologia da Aceleradora de startups 10X Digital.<\/p>\n<p>Mais informa\u00e7\u00f5es: www.greenv.com.br<br \/>\nInstagram: @greenvoficial<\/p>\n","protected":false},"excerpt":{"rendered":"<p>O evento \u00e9 considerado refer\u00eancia no segmento e tradicionalmente apresenta ao mercado diversos conte\u00fados sobre o setor condominial A GreenV, mobilitytech especializada em instala\u00e7\u00e3o de pontos de recarga e tecnologias inteligentes para gest\u00e3o de consumo de energia para ve\u00edculos el\u00e9tricos, participar\u00e1 da 5\u00aa edi\u00e7\u00e3o do Congresso Nacional dos S\u00edndicos (CONASI), que acontecer\u00e1 no Hakka Eventos [&hellip;]<\/p>\n","protected":false},"author":2,"featured_media":8891,"comment_status":"open","ping_status":"open","sticky":false,"template":"","format":"standard","meta":{"_jetpack_memberships_contains_paid_content":false,"footnotes":""},"categories":[51,56,58,60,62],"tags":[7160,7159],"featured_image_src":{"landsacpe":["https:\/\/revistaempresarios.net\/web\/wp-content\/uploads\/2023\/05\/e4d2d732-cede-41cd-b11d-0c7f0f671a3c-1140x445.jpg",1140,445,true],"list":["https:\/\/revistaempresarios.net\/web\/wp-content\/uploads\/2023\/05\/e4d2d732-cede-41cd-b11d-0c7f0f671a3c-463x348.jpg",463,348,true],"medium":["https:\/\/revistaempresarios.net\/web\/wp-content\/uploads\/2023\/05\/e4d2d732-cede-41cd-b11d-0c7f0f671a3c-300x200.jpg",300,200,true],"full":["https:\/\/revistaempresarios.net\/web\/wp-content\/uploads\/2023\/05\/e4d2d732-cede-41cd-b11d-0c7f0f671a3c.jpg",1600,1066,false]},"jetpack_sharing_enabled":true,"jetpack_featured_media_url":"https:\/\/revistaempresarios.net\/web\/wp-content\/uploads\/2023\/05\/e4d2d732-cede-41cd-b11d-0c7f0f671a3c.jpg","jetpack-related-posts":[],"_links":{"self":[{"href":"https:\/\/revistaempresarios.net\/web\/wp-json\/wp\/v2\/posts\/8890"}],"collection":[{"href":"https:\/\/revistaempresarios.net\/web\/wp-json\/wp\/v2\/posts"}],"about":[{"href":"https:\/\/revistaempresarios.net\/web\/wp-json\/wp\/v2\/types\/post"}],"author":[{"embeddable":true,"href":"https:\/\/revistaempresarios.net\/web\/wp-json\/wp\/v2\/users\/2"}],"replies":[{"embeddable":true,"href":"https:\/\/revistaempresarios.net\/web\/wp-json\/wp\/v2\/comments?post=8890"}],"version-history":[{"count":1,"href":"https:\/\/revistaempresarios.net\/web\/wp-json\/wp\/v2\/posts\/8890\/revisions"}],"predecessor-version":[{"id":8892,"href":"https:\/\/revistaempresarios.net\/web\/wp-json\/wp\/v2\/posts\/8890\/revisions\/8892"}],"wp:featuredmedia":[{"embeddable":true,"href":"https:\/\/revistaempresarios.net\/web\/wp-json\/wp\/v2\/media\/8891"}],"wp:attachment":[{"href":"https:\/\/revistaempresarios.net\/web\/wp-json\/wp\/v2\/media?parent=8890"}],"wp:term":[{"taxonomy":"category","embeddable":true,"href":"https:\/\/revistaempresarios.net\/web\/wp-json\/wp\/v2\/categories?post=8890"},{"taxonomy":"post_tag","embeddable":true,"href":"https:\/\/revistaempresarios.net\/web\/wp-json\/wp\/v2\/tags?post=8890"}],"curies":[{"name":"wp","href":"https:\/\/api.w.org\/{rel}","templated":true}]}}