{"id":8833,"date":"2023-05-17T19:15:19","date_gmt":"2023-05-17T22:15:19","guid":{"rendered":"https:\/\/revistaempresarios.net\/web\/?p=8833"},"modified":"2023-05-17T19:15:19","modified_gmt":"2023-05-17T22:15:19","slug":"bto-na-apas-2023-estandes-da-cepera-e-totvs-levam-a-assinatura-da-agencia","status":"publish","type":"post","link":"https:\/\/revistaempresarios.net\/web\/2023\/05\/17\/bto-na-apas-2023-estandes-da-cepera-e-totvs-levam-a-assinatura-da-agencia\/","title":{"rendered":"BTO+ na APAS 2023: estandes da Cep\u00eara e TOTVS levam a assinatura da ag\u00eancia"},"content":{"rendered":"<p>Com o objetivo de multiplicar o n\u00famero de clientes, promover a marca ou produto e aumentar as oportunidades de neg\u00f3cios, a BTO+, empresa especializada em solu\u00e7\u00f5es de marketing promocional e eventos, foi escolhida para criar e produzir os estandes da TOTVS e Cep\u00eara para a APAS, o maior evento de supermercados do mundo, realizado anualmente em S\u00e3o Paulo. Neste ano, o evento acontecer\u00e1 entre os dias 15 e 18 de Maio, no Expo Center Norte.<\/p>\n<p>O estande da TOTVS foi elaborado para apresentar seus sistemas especializados para supermercados, atacarejos, atacados e distribuidores. O espa\u00e7o conta com mais de 10 espa\u00e7os de demonstra\u00e7\u00e3o, onde os visitantes poder\u00e3o saber mais detalhes das solu\u00e7\u00f5es da maior empresa de tecnologia do Brasil, al\u00e9m de poder conferir ao vivo como funciona a solu\u00e7\u00e3o de self checkout para o setor. No espa\u00e7o TOTVS na APAS Show 2023 tamb\u00e9m haver\u00e1 um atrativo photo opportunity e uma \u00e1rea VIP com comes e bebes diferenciados para receber com mais conforto os convidados especiais, al\u00e9m de happy hour todos os dias a partir das 17h.<\/p>\n<figure class=\"wp-block-image size-large\"><img decoding=\"async\" class=\"wp-image-249674\" src=\"https:\/\/www.abcdacomunicacao.com.br\/wp-content\/uploads\/stand-CEPERA-1-1024x576.jpg\" sizes=\"(max-width: 1024px) 100vw, 1024px\" srcset=\"https:\/\/www.abcdacomunicacao.com.br\/wp-content\/uploads\/stand-CEPERA-1-1024x576.jpg 1024w, https:\/\/www.abcdacomunicacao.com.br\/wp-content\/uploads\/stand-CEPERA-1-300x169.jpg 300w, https:\/\/www.abcdacomunicacao.com.br\/wp-content\/uploads\/stand-CEPERA-1-768x432.jpg 768w, https:\/\/www.abcdacomunicacao.com.br\/wp-content\/uploads\/stand-CEPERA-1-1536x864.jpg 1536w, https:\/\/www.abcdacomunicacao.com.br\/wp-content\/uploads\/stand-CEPERA-1-600x338.jpg 600w, https:\/\/www.abcdacomunicacao.com.br\/wp-content\/uploads\/stand-CEPERA-1-750x422.jpg 750w, https:\/\/www.abcdacomunicacao.com.br\/wp-content\/uploads\/stand-CEPERA-1-1140x641.jpg 1140w, https:\/\/www.abcdacomunicacao.com.br\/wp-content\/uploads\/stand-CEPERA-1.jpg 1600w\" alt=\"\" data-pin-no-hover=\"true\" \/><\/figure>\n<p>J\u00e1 o estande da Cep\u00eara, ind\u00fastria de condimentos, molhos, conservas, pimentas e doces, foi planejado para expor as linhas de produtos da marca de uma forma 360\u00b0, onde o visitante possa visualizar todos os produtos de onde ele estiver. Com uma ilumina\u00e7\u00e3o diferenciada, al\u00e9m de traz\u00ea-lo para o ambiente que traz a narrativa do produto exposto. O objetivo \u00e9 proporcionar uma experi\u00eancia completa, por meio de vitrines conceituais, cart\u00f5es aromatizados, sala de reuni\u00e3o tem\u00e1tica e um card\u00e1pio exclusivo, al\u00e9m da distribui\u00e7\u00e3o de brindes Cep\u00eara.<\/p>\n<p>\u201cA presen\u00e7a da BTO+ na APAS 2023 refor\u00e7a nosso posicionamento como uma das principais empresas de marketing promocional e eventos do mercado brasileiro a partir da capacidade demonstrada em promover solu\u00e7\u00f5es criativas e personalizadas para nossos clientes\u201d, avalia Natalia Reia, CEO da BTO +.<\/p>\n","protected":false},"excerpt":{"rendered":"<p>Com o objetivo de multiplicar o n\u00famero de clientes, promover a marca ou produto e aumentar as oportunidades de neg\u00f3cios, a BTO+, empresa especializada em solu\u00e7\u00f5es de marketing promocional e eventos, foi escolhida para criar e produzir os estandes da TOTVS e Cep\u00eara para a APAS, o maior evento de supermercados do mundo, realizado anualmente [&hellip;]<\/p>\n","protected":false},"author":2,"featured_media":8834,"comment_status":"open","ping_status":"open","sticky":false,"template":"","format":"standard","meta":{"_jetpack_memberships_contains_paid_content":false,"footnotes":""},"categories":[51,54,56,57,58,60],"tags":[7142],"featured_image_src":{"landsacpe":["https:\/\/revistaempresarios.net\/web\/wp-content\/uploads\/2023\/05\/Stand-TOTVS-1140x445.jpg",1140,445,true],"list":["https:\/\/revistaempresarios.net\/web\/wp-content\/uploads\/2023\/05\/Stand-TOTVS-463x348.jpg",463,348,true],"medium":["https:\/\/revistaempresarios.net\/web\/wp-content\/uploads\/2023\/05\/Stand-TOTVS-253x300.jpg",253,300,true],"full":["https:\/\/revistaempresarios.net\/web\/wp-content\/uploads\/2023\/05\/Stand-TOTVS.jpg",1200,1423,false]},"jetpack_sharing_enabled":true,"jetpack_featured_media_url":"https:\/\/revistaempresarios.net\/web\/wp-content\/uploads\/2023\/05\/Stand-TOTVS.jpg","jetpack-related-posts":[],"_links":{"self":[{"href":"https:\/\/revistaempresarios.net\/web\/wp-json\/wp\/v2\/posts\/8833"}],"collection":[{"href":"https:\/\/revistaempresarios.net\/web\/wp-json\/wp\/v2\/posts"}],"about":[{"href":"https:\/\/revistaempresarios.net\/web\/wp-json\/wp\/v2\/types\/post"}],"author":[{"embeddable":true,"href":"https:\/\/revistaempresarios.net\/web\/wp-json\/wp\/v2\/users\/2"}],"replies":[{"embeddable":true,"href":"https:\/\/revistaempresarios.net\/web\/wp-json\/wp\/v2\/comments?post=8833"}],"version-history":[{"count":1,"href":"https:\/\/revistaempresarios.net\/web\/wp-json\/wp\/v2\/posts\/8833\/revisions"}],"predecessor-version":[{"id":8835,"href":"https:\/\/revistaempresarios.net\/web\/wp-json\/wp\/v2\/posts\/8833\/revisions\/8835"}],"wp:featuredmedia":[{"embeddable":true,"href":"https:\/\/revistaempresarios.net\/web\/wp-json\/wp\/v2\/media\/8834"}],"wp:attachment":[{"href":"https:\/\/revistaempresarios.net\/web\/wp-json\/wp\/v2\/media?parent=8833"}],"wp:term":[{"taxonomy":"category","embeddable":true,"href":"https:\/\/revistaempresarios.net\/web\/wp-json\/wp\/v2\/categories?post=8833"},{"taxonomy":"post_tag","embeddable":true,"href":"https:\/\/revistaempresarios.net\/web\/wp-json\/wp\/v2\/tags?post=8833"}],"curies":[{"name":"wp","href":"https:\/\/api.w.org\/{rel}","templated":true}]}}