{"id":8755,"date":"2023-05-15T22:01:00","date_gmt":"2023-05-16T01:01:00","guid":{"rendered":"https:\/\/revistaempresarios.net\/web\/?p=8755"},"modified":"2023-05-15T22:01:00","modified_gmt":"2023-05-16T01:01:00","slug":"indice-aponta-queda-no-faturamento-da-industria-de-materiais-em-abril","status":"publish","type":"post","link":"https:\/\/revistaempresarios.net\/web\/2023\/05\/15\/indice-aponta-queda-no-faturamento-da-industria-de-materiais-em-abril\/","title":{"rendered":"\u00cdndice aponta queda no faturamento da ind\u00fastria de materiais em abril"},"content":{"rendered":"<p>A Abramat (Associa\u00e7\u00e3o Brasileira da Ind\u00fastria de Materiais de Constru\u00e7\u00e3o) divulga nessa segunda-feira (15) a nova edi\u00e7\u00e3o da sua pesquisa \u00cdndice, elaborada pela FGV com dados do IBGE, apresentando os dados de faturamento do setor.<\/p>\n<p>O estudo indica que, em abril de 2023, o faturamento deflacionado das ind\u00fastrias de materiais apresentou queda em compara\u00e7\u00e3o com o m\u00eas anterior, com redu\u00e7\u00e3o de 3,7%.<\/p>\n<p>Com os dados atualizados, os quatro primeiros meses do ano acumulam queda de 6,9% e retra\u00e7\u00e3o de 4,1% na compara\u00e7\u00e3o com o mesmo m\u00eas de 2022.<\/p>\n<p>A nova edi\u00e7\u00e3o da pesquisa tamb\u00e9m aponta os dados consolidados de mar\u00e7o de 2023. No per\u00edodo, a ind\u00fastria de materiais de constru\u00e7\u00e3o teve faturamento 0,9% menor que o observado em mar\u00e7o de 2022.<\/p>\n<p>J\u00e1 na compara\u00e7\u00e3o com fevereiro, com ajuste sazonal, houve aumento de 3,6%. Mesmo com a quarta queda seguida, a entidade prev\u00ea crescimento anual de 2% no faturamento total deflacionado dos materiais de constru\u00e7\u00e3o em rela\u00e7\u00e3o a 2022.<\/p>\n","protected":false},"excerpt":{"rendered":"<p>A Abramat (Associa\u00e7\u00e3o Brasileira da Ind\u00fastria de Materiais de Constru\u00e7\u00e3o) divulga nessa segunda-feira (15) a nova edi\u00e7\u00e3o da sua pesquisa \u00cdndice, elaborada pela FGV com dados do IBGE, apresentando os dados de faturamento do setor. O estudo indica que, em abril de 2023, o faturamento deflacionado das ind\u00fastrias de materiais apresentou queda em compara\u00e7\u00e3o com [&hellip;]<\/p>\n","protected":false},"author":2,"featured_media":8756,"comment_status":"open","ping_status":"open","sticky":false,"template":"","format":"standard","meta":{"_jetpack_memberships_contains_paid_content":false,"footnotes":""},"categories":[51,54,56,57,60],"tags":[7111],"featured_image_src":{"landsacpe":["https:\/\/revistaempresarios.net\/web\/wp-content\/uploads\/2023\/05\/Abril-2023A-800x445.jpg",800,445,true],"list":["https:\/\/revistaempresarios.net\/web\/wp-content\/uploads\/2023\/05\/Abril-2023A-463x348.jpg",463,348,true],"medium":["https:\/\/revistaempresarios.net\/web\/wp-content\/uploads\/2023\/05\/Abril-2023A-300x216.jpg",300,216,true],"full":["https:\/\/revistaempresarios.net\/web\/wp-content\/uploads\/2023\/05\/Abril-2023A.jpg",800,577,false]},"jetpack_sharing_enabled":true,"jetpack_featured_media_url":"https:\/\/revistaempresarios.net\/web\/wp-content\/uploads\/2023\/05\/Abril-2023A.jpg","jetpack-related-posts":[],"_links":{"self":[{"href":"https:\/\/revistaempresarios.net\/web\/wp-json\/wp\/v2\/posts\/8755"}],"collection":[{"href":"https:\/\/revistaempresarios.net\/web\/wp-json\/wp\/v2\/posts"}],"about":[{"href":"https:\/\/revistaempresarios.net\/web\/wp-json\/wp\/v2\/types\/post"}],"author":[{"embeddable":true,"href":"https:\/\/revistaempresarios.net\/web\/wp-json\/wp\/v2\/users\/2"}],"replies":[{"embeddable":true,"href":"https:\/\/revistaempresarios.net\/web\/wp-json\/wp\/v2\/comments?post=8755"}],"version-history":[{"count":1,"href":"https:\/\/revistaempresarios.net\/web\/wp-json\/wp\/v2\/posts\/8755\/revisions"}],"predecessor-version":[{"id":8757,"href":"https:\/\/revistaempresarios.net\/web\/wp-json\/wp\/v2\/posts\/8755\/revisions\/8757"}],"wp:featuredmedia":[{"embeddable":true,"href":"https:\/\/revistaempresarios.net\/web\/wp-json\/wp\/v2\/media\/8756"}],"wp:attachment":[{"href":"https:\/\/revistaempresarios.net\/web\/wp-json\/wp\/v2\/media?parent=8755"}],"wp:term":[{"taxonomy":"category","embeddable":true,"href":"https:\/\/revistaempresarios.net\/web\/wp-json\/wp\/v2\/categories?post=8755"},{"taxonomy":"post_tag","embeddable":true,"href":"https:\/\/revistaempresarios.net\/web\/wp-json\/wp\/v2\/tags?post=8755"}],"curies":[{"name":"wp","href":"https:\/\/api.w.org\/{rel}","templated":true}]}}