{"id":8670,"date":"2023-05-12T09:46:50","date_gmt":"2023-05-12T12:46:50","guid":{"rendered":"https:\/\/revistaempresarios.net\/web\/?p=8670"},"modified":"2023-05-12T09:46:50","modified_gmt":"2023-05-12T12:46:50","slug":"geraldo-alckmin-participa-do-fopa-2023","status":"publish","type":"post","link":"https:\/\/revistaempresarios.net\/web\/2023\/05\/12\/geraldo-alckmin-participa-do-fopa-2023\/","title":{"rendered":"Geraldo Alckmin participa do FOPA 2023"},"content":{"rendered":"<p><em>F\u00f3rum aproxima a sociedade do governo<\/em><\/p>\n<p>O Vice-Presidente da Rep\u00fablica e Ministro do Desenvolvimento, Ind\u00fastria e Com\u00e9rcio participa da quinta edi\u00e7\u00e3o do F\u00f3rum Paulista Desenvolvimento \u2013 FOPA que acontece na cidade de S\u00e3o Bernardo no dia 15 de maio em abertura solene \u00e0s 08h30.<\/p>\n<p>Orlando Morando, prefeito da cidade, e Agostinho Turbian, Presidente do GCSM &#8211; GCSM Global Council of Sustainability and Marketing, receber\u00e3o as demais autoridades. O evento ocorrer\u00e1 no sal\u00e3o nobre da AFP- Associa\u00e7\u00e3o dos Funcion\u00e1rios P\u00fablicos de S\u00e3o Bernardo do Campo e ter\u00e1 homenagens \u00e0s autoridades que fizeram trabalho significativo como Jos\u00e9 Roberto Maluf, presidente da Funda\u00e7\u00e3o Padre Anchieta- TV Cultura, Sebasti\u00e3o, presidente da UVESP e Milton Luiz de Melo Santos, presidente da ACCr\u00e9dito.<\/p>\n<p>Para o Presidente do GCSM, Agostinho Turbian, \u201co FOPA &#8211; F\u00f3rum Paulista de Desenvolvimento \u00e9 um instrumento de cidadania que aproxima a sociedade do governo. N\u00e3o \u00e9 simples exercer o poder p\u00fablico em uma Democracia ampla e plural como a nossa. As exig\u00eancias de ambos os lados s\u00e3o enormes, por isso discutimos o copo cheio das rela\u00e7\u00f5es de crescimento, desenvolvimento, gera\u00e7\u00e3o de emprego e renda. Quando a sociedade \u00e9 tratada de forma correta, a contrapartida do outro lado \u00e9 a mesma\u201d, conclui o idealizador e anfitri\u00e3o do FOPA 2023.<\/p>\n<p><strong>Mais informa\u00e7\u00f5es<\/strong><\/p>\n<p>O F\u00f3rum Paulista Desenvolvimento \u2013 FOPA, nasceu com a ideia de fomentar os temas que acercam o \u201cPlano de Desenvolvimento Econ\u00f4mico &#8211; PDE\u201d do governo do Estado de S\u00e3o Paulo.\u00a0 O FOPA2023 ir\u00e1 debater programas de governo em andamento, a\u00e7\u00f5es j\u00e1 empreendidas, resultados, planos e projetos para os pr\u00f3ximos anos. A programa\u00e7\u00e3o, inclui palestras, aulas-magnas, debates, depoimentos, apresenta\u00e7\u00f5es, e entrevistas com grandes nomes da gest\u00e3o p\u00fablica e privada.<\/p>\n<p><strong>Servi\u00e7o<\/strong><\/p>\n<p>F\u00f3rum Paulista Desenvolvimento \u2013 FOPA<\/p>\n<p>Data: 15\/05<\/p>\n<p>Hor\u00e1rio: 08h30<\/p>\n<p>Local: AFP- Associa\u00e7\u00e3o dos Funcion\u00e1rios P\u00fablicos de S\u00e3o Bernardo do Campo<\/p>\n<p>Endere\u00e7o: Rua Vinte e Oito de Outubro, 61- Centro, S\u00e3o Bernardo do Campo- SP<\/p>\n<p>Inscri\u00e7\u00e3o: https:\/\/www.fopa.online\/<\/p>\n","protected":false},"excerpt":{"rendered":"<p>F\u00f3rum aproxima a sociedade do governo O Vice-Presidente da Rep\u00fablica e Ministro do Desenvolvimento, Ind\u00fastria e Com\u00e9rcio participa da quinta edi\u00e7\u00e3o do F\u00f3rum Paulista Desenvolvimento \u2013 FOPA que acontece na cidade de S\u00e3o Bernardo no dia 15 de maio em abertura solene \u00e0s 08h30. Orlando Morando, prefeito da cidade, e Agostinho Turbian, Presidente do GCSM [&hellip;]<\/p>\n","protected":false},"author":2,"featured_media":8671,"comment_status":"open","ping_status":"open","sticky":false,"template":"","format":"standard","meta":{"_jetpack_memberships_contains_paid_content":false,"footnotes":""},"categories":[51,54,56,58,60],"tags":[7074],"featured_image_src":{"landsacpe":["https:\/\/revistaempresarios.net\/web\/wp-content\/uploads\/2023\/05\/4c97886a-8d6a-4cf7-82d3-2e3e2cceafc4-1140x445.jpg",1140,445,true],"list":["https:\/\/revistaempresarios.net\/web\/wp-content\/uploads\/2023\/05\/4c97886a-8d6a-4cf7-82d3-2e3e2cceafc4-463x348.jpg",463,348,true],"medium":["https:\/\/revistaempresarios.net\/web\/wp-content\/uploads\/2023\/05\/4c97886a-8d6a-4cf7-82d3-2e3e2cceafc4-300x255.jpg",300,255,true],"full":["https:\/\/revistaempresarios.net\/web\/wp-content\/uploads\/2023\/05\/4c97886a-8d6a-4cf7-82d3-2e3e2cceafc4.jpg",1600,1359,false]},"jetpack_sharing_enabled":true,"jetpack_featured_media_url":"https:\/\/revistaempresarios.net\/web\/wp-content\/uploads\/2023\/05\/4c97886a-8d6a-4cf7-82d3-2e3e2cceafc4.jpg","jetpack-related-posts":[],"_links":{"self":[{"href":"https:\/\/revistaempresarios.net\/web\/wp-json\/wp\/v2\/posts\/8670"}],"collection":[{"href":"https:\/\/revistaempresarios.net\/web\/wp-json\/wp\/v2\/posts"}],"about":[{"href":"https:\/\/revistaempresarios.net\/web\/wp-json\/wp\/v2\/types\/post"}],"author":[{"embeddable":true,"href":"https:\/\/revistaempresarios.net\/web\/wp-json\/wp\/v2\/users\/2"}],"replies":[{"embeddable":true,"href":"https:\/\/revistaempresarios.net\/web\/wp-json\/wp\/v2\/comments?post=8670"}],"version-history":[{"count":1,"href":"https:\/\/revistaempresarios.net\/web\/wp-json\/wp\/v2\/posts\/8670\/revisions"}],"predecessor-version":[{"id":8672,"href":"https:\/\/revistaempresarios.net\/web\/wp-json\/wp\/v2\/posts\/8670\/revisions\/8672"}],"wp:featuredmedia":[{"embeddable":true,"href":"https:\/\/revistaempresarios.net\/web\/wp-json\/wp\/v2\/media\/8671"}],"wp:attachment":[{"href":"https:\/\/revistaempresarios.net\/web\/wp-json\/wp\/v2\/media?parent=8670"}],"wp:term":[{"taxonomy":"category","embeddable":true,"href":"https:\/\/revistaempresarios.net\/web\/wp-json\/wp\/v2\/categories?post=8670"},{"taxonomy":"post_tag","embeddable":true,"href":"https:\/\/revistaempresarios.net\/web\/wp-json\/wp\/v2\/tags?post=8670"}],"curies":[{"name":"wp","href":"https:\/\/api.w.org\/{rel}","templated":true}]}}