{"id":8661,"date":"2023-05-12T09:34:30","date_gmt":"2023-05-12T12:34:30","guid":{"rendered":"https:\/\/revistaempresarios.net\/web\/?p=8661"},"modified":"2023-05-12T09:34:45","modified_gmt":"2023-05-12T12:34:45","slug":"teoria-e-pratica-contribuem-juntas-para-o-sucesso-de-micro-e-pequenos-empreendedores-porshirlei-camargo-reconhecida-pela-excelencia-academica-e-atuacao-no-mercado-profissional-a-professo","status":"publish","type":"post","link":"https:\/\/revistaempresarios.net\/web\/2023\/05\/12\/teoria-e-pratica-contribuem-juntas-para-o-sucesso-de-micro-e-pequenos-empreendedores-porshirlei-camargo-reconhecida-pela-excelencia-academica-e-atuacao-no-mercado-profissional-a-professo\/","title":{"rendered":"Teoria e pr\u00e1tica contribuem juntas para o sucesso de micro e pequenos empreendedores &#8211; Por:Shirlei Camargo \u2013 Reconhecida pela excel\u00eancia acad\u00eamica e atua\u00e7\u00e3o no mercado profissional, a Professora Shirlei Camargo conta com habilidades que a diferenciam ao aliar conhecimentos da ci\u00eancia do marketing e empreendedorismo. \u00c9 mestre e doutora em Marketing pela UFPR, com forma\u00e7\u00e3o em Design e especializa\u00e7\u00e3o na FAE Business School."},"content":{"rendered":"<p>A taxa de mortalidade das empresas continua muito alta no pa\u00eds, principalmente entre as pequenas. De acordo com o Instituto Brasileiro de Geografia e Estat\u00edstica (IBGE), a taxa \u00e9 de uma morte de pequena e m\u00e9dia empresa a cada cinco neg\u00f3cios criados, contando os primeiros 5 anos de funcionamento. Isso acontece porque, normalmente, essas empresas n\u00e3o possuem o conhecimento necess\u00e1rio para se manter em um mundo cada vez mais competitivo.<\/p>\n<p>Mas existem algumas iniciativas que t\u00eam como objetivo mudar esse cen\u00e1rio. Uma delas \u00e9 o projeto Bom Neg\u00f3cio da Prefeitura de Curitiba, cuja proposta \u00e9 capacitar empreendedores curitibanos. Por meio de parcerias com v\u00e1rias universidades locais, o ente municipal capacita os empreendedores \u2013 ou futuros empreendedores \u2013 por meio de aulas, presenciais ou online, com conte\u00fados essenciais para o crescimento e sobreviv\u00eancia dessas empresas.<\/p>\n<p>Os conte\u00fados abordados nos cursos s\u00e3o divididos em cinco grandes m\u00f3dulos: Finan\u00e7as, Marketing e Vendas, Estrat\u00e9gias para PMEs, Startups e Perfil Empreendedor. A carga hor\u00e1ria de cada m\u00f3dulo varia de 20 a 40 horas cada. E o melhor: o aluno pode fazer m\u00f3dulo a m\u00f3dulo, conforme sua necessidade e disposi\u00e7\u00e3o. Assim, os alunos\/empreendedores s\u00e3o capacitados e colocam em pr\u00e1tica nos seus neg\u00f3cios os conhecimentos adquiridos \u2013 pois a pr\u00e1tica \u00e9 outra caracter\u00edstica marcante do projeto, alicer\u00e7ada nas melhores teorias.<\/p>\n<p>E \u00e9 lindo ver como esses empreendedores crescem, evoluem e voam longe com seus neg\u00f3cios. Por isso, fico muito realizada por fazer parte desse projeto. Tanto como professora e, mais recentemente, como participante do n\u00facleo pedag\u00f3gico estrat\u00e9gico em que tive a oportunidade de participar de toda a reestrutura\u00e7\u00e3o pela qual o projeto passou.<\/p>\n<p>Enfim, o projeto Bom Neg\u00f3cio, apoiado pela Prefeitura de Curitiba e universidades parceiras, \u00e9 um projeto de muita qualidade, que n\u00e3o gera nenhum custo a seus participantes, sendo, portanto, essencial para o desenvolvimento da cidade \u2013 e por isso tenho muito orgulho em fazer parte!<\/p>\n<p>Afinal, \u00e9 uma forma de retribuir \u00e0 sociedade todo conhecimento que adquiri nessas d\u00e9cadas de estudos e ainda ver nossa linda cidade evoluindo cada vez mais.<\/p>\n","protected":false},"excerpt":{"rendered":"<p>A taxa de mortalidade das empresas continua muito alta no pa\u00eds, principalmente entre as pequenas. De acordo com o Instituto Brasileiro de Geografia e Estat\u00edstica (IBGE), a taxa \u00e9 de uma morte de pequena e m\u00e9dia empresa a cada cinco neg\u00f3cios criados, contando os primeiros 5 anos de funcionamento. Isso acontece porque, normalmente, essas empresas [&hellip;]<\/p>\n","protected":false},"author":2,"featured_media":8662,"comment_status":"open","ping_status":"open","sticky":false,"template":"","format":"standard","meta":{"_jetpack_memberships_contains_paid_content":false,"_joinchat":[],"footnotes":""},"categories":[51],"tags":[7070,7071,7069],"featured_image_src":{"landsacpe":["https:\/\/revistaempresarios.net\/web\/wp-content\/uploads\/2023\/05\/46c92ce17cd6895eeaebde89fc426a76_XL-1140x445.jpg",1140,445,true],"list":["https:\/\/revistaempresarios.net\/web\/wp-content\/uploads\/2023\/05\/46c92ce17cd6895eeaebde89fc426a76_XL-463x348.jpg",463,348,true],"medium":["https:\/\/revistaempresarios.net\/web\/wp-content\/uploads\/2023\/05\/46c92ce17cd6895eeaebde89fc426a76_XL-255x300.jpg",255,300,true],"full":["https:\/\/revistaempresarios.net\/web\/wp-content\/uploads\/2023\/05\/46c92ce17cd6895eeaebde89fc426a76_XL.jpg",1220,1438,false]},"jetpack_sharing_enabled":true,"jetpack_featured_media_url":"https:\/\/revistaempresarios.net\/web\/wp-content\/uploads\/2023\/05\/46c92ce17cd6895eeaebde89fc426a76_XL.jpg","jetpack-related-posts":[],"_links":{"self":[{"href":"https:\/\/revistaempresarios.net\/web\/wp-json\/wp\/v2\/posts\/8661"}],"collection":[{"href":"https:\/\/revistaempresarios.net\/web\/wp-json\/wp\/v2\/posts"}],"about":[{"href":"https:\/\/revistaempresarios.net\/web\/wp-json\/wp\/v2\/types\/post"}],"author":[{"embeddable":true,"href":"https:\/\/revistaempresarios.net\/web\/wp-json\/wp\/v2\/users\/2"}],"replies":[{"embeddable":true,"href":"https:\/\/revistaempresarios.net\/web\/wp-json\/wp\/v2\/comments?post=8661"}],"version-history":[{"count":1,"href":"https:\/\/revistaempresarios.net\/web\/wp-json\/wp\/v2\/posts\/8661\/revisions"}],"predecessor-version":[{"id":8663,"href":"https:\/\/revistaempresarios.net\/web\/wp-json\/wp\/v2\/posts\/8661\/revisions\/8663"}],"wp:featuredmedia":[{"embeddable":true,"href":"https:\/\/revistaempresarios.net\/web\/wp-json\/wp\/v2\/media\/8662"}],"wp:attachment":[{"href":"https:\/\/revistaempresarios.net\/web\/wp-json\/wp\/v2\/media?parent=8661"}],"wp:term":[{"taxonomy":"category","embeddable":true,"href":"https:\/\/revistaempresarios.net\/web\/wp-json\/wp\/v2\/categories?post=8661"},{"taxonomy":"post_tag","embeddable":true,"href":"https:\/\/revistaempresarios.net\/web\/wp-json\/wp\/v2\/tags?post=8661"}],"curies":[{"name":"wp","href":"https:\/\/api.w.org\/{rel}","templated":true}]}}