{"id":8608,"date":"2023-05-09T21:28:26","date_gmt":"2023-05-10T00:28:26","guid":{"rendered":"https:\/\/revistaempresarios.net\/web\/?p=8608"},"modified":"2023-05-09T21:28:26","modified_gmt":"2023-05-10T00:28:26","slug":"horas-extras-ficarao-mais-caras-apos-decisao-do-tst","status":"publish","type":"post","link":"https:\/\/revistaempresarios.net\/web\/2023\/05\/09\/horas-extras-ficarao-mais-caras-apos-decisao-do-tst\/","title":{"rendered":"Horas extras ficar\u00e3o mais caras ap\u00f3s decis\u00e3o do TST"},"content":{"rendered":"<p class=\"fst-italic text-center\">Mudan\u00e7a no c\u00e1lculo do descanso semanal remunerado afetar\u00e1 benef\u00edcios como 13\u00ba sal\u00e1rio, f\u00e9rias e FGTS<\/p>\n<div>\n<p>Uma decis\u00e3o do Tribunal Superior do Trabalho (TST) determina que todas as horas extras feitas pelo trabalhador devem entrar no c\u00e1lculo de benef\u00edcios como f\u00e9rias, 13\u00ba sal\u00e1rio, aviso pr\u00e9vio e FGTS. O\u00a0<strong>advogado especialista em Direito do Trabalho Fernando Kede,<\/strong>\u00a0do escrit\u00f3rio Schwartz e Kede Advogados, explica que a mudan\u00e7a ocorre porque a hora extra feita durante a semana deve ser somada ao c\u00e1lculo do Descanso Semanal Remunerado (DSR).\u00a0<strong>\u201cE esse valor (DSR) ser\u00e1 computado no c\u00e1lculo de outros direitos trabalhistas, como o aviso pr\u00e9vio, f\u00e9rias e o 13\u00ba sal\u00e1rio\u201d<\/strong>, completa Kede.<\/p>\n<p>O especialista explica que o novo c\u00e1lculo deve ser feito em todas as horas extras trabalhadas a partir de 20 de mar\u00e7o. Com a mudan\u00e7a, explica o advogado, as horas extras ficar\u00e3o, em m\u00e9dia, 20% mais caras.\u00a0<strong>\u201cAs empresas v\u00e3o ter que atualizar os sistemas de novo para incluir essa mudan\u00e7a no c\u00e1lculo dos direitos trabalhistas. Caso isso n\u00e3o aconte\u00e7a, o colaborador pode acionar a Justi\u00e7a do Trabalho e pleitear essa diferen\u00e7a\u201d<\/strong>, explica.<\/p>\n<p><img loading=\"lazy\" decoding=\"async\" src=\"https:\/\/files.pressmanager.net\/clientes\/56534366ba7ac33505c26a4d2871bf9a\/imagens\/2023\/05\/05\/72fc7e68013b4b675a21ddb88e27d131_medium.jpg\" alt=\"\" width=\"300\" height=\"200\" \/><br \/>\n<em><strong>Mudan\u00e7a na lei deixa valor da hora extra mais alto<\/strong><\/em><\/p>\n<p>Kede lembra que a decis\u00e3o j\u00e1 est\u00e1 vigorando e refor\u00e7a que as empresas s\u00e3o obrigadas a adequarem seus c\u00e1lculos.\u00a0<strong>\u201cA decis\u00e3o n\u00e3o vale para processos em curso, mas sim para aqueles que forem ajuizados a partir da vig\u00eancia da decis\u00e3o do TST\u201d<\/strong>, explica.<\/p>\n<p>O advogado orienta que o trabalhador que n\u00e3o identificar a mudan\u00e7a no valor do pagamento deve solicitar a corre\u00e7\u00e3o de acordo com a nova jurisprud\u00eancia.\u00a0<strong>&#8220;Caso a empresa se negue a aderir \u00e0 norma, o trabalhador pode acionar a Justi\u00e7a do Trabalho para cobrar o pagamento da diferen\u00e7a salarial&#8221;<\/strong>, completa.<\/p>\n<\/div>\n","protected":false},"excerpt":{"rendered":"<p>Mudan\u00e7a no c\u00e1lculo do descanso semanal remunerado afetar\u00e1 benef\u00edcios como 13\u00ba sal\u00e1rio, f\u00e9rias e FGTS Uma decis\u00e3o do Tribunal Superior do Trabalho (TST) determina que todas as horas extras feitas pelo trabalhador devem entrar no c\u00e1lculo de benef\u00edcios como f\u00e9rias, 13\u00ba sal\u00e1rio, aviso pr\u00e9vio e FGTS. O\u00a0advogado especialista em Direito do Trabalho Fernando Kede,\u00a0do escrit\u00f3rio [&hellip;]<\/p>\n","protected":false},"author":2,"featured_media":8609,"comment_status":"open","ping_status":"open","sticky":false,"template":"","format":"standard","meta":{"_jetpack_memberships_contains_paid_content":false,"_joinchat":[],"footnotes":""},"categories":[51,60],"tags":[7043],"featured_image_src":{"landsacpe":["https:\/\/revistaempresarios.net\/web\/wp-content\/uploads\/2023\/05\/Horas-extras-ficarao-mais-caras-apos-decisao-do-TST.jpg",275,183,false],"list":["https:\/\/revistaempresarios.net\/web\/wp-content\/uploads\/2023\/05\/Horas-extras-ficarao-mais-caras-apos-decisao-do-TST.jpg",275,183,false],"medium":["https:\/\/revistaempresarios.net\/web\/wp-content\/uploads\/2023\/05\/Horas-extras-ficarao-mais-caras-apos-decisao-do-TST.jpg",275,183,false],"full":["https:\/\/revistaempresarios.net\/web\/wp-content\/uploads\/2023\/05\/Horas-extras-ficarao-mais-caras-apos-decisao-do-TST.jpg",275,183,false]},"jetpack_sharing_enabled":true,"jetpack_featured_media_url":"https:\/\/revistaempresarios.net\/web\/wp-content\/uploads\/2023\/05\/Horas-extras-ficarao-mais-caras-apos-decisao-do-TST.jpg","jetpack-related-posts":[],"_links":{"self":[{"href":"https:\/\/revistaempresarios.net\/web\/wp-json\/wp\/v2\/posts\/8608"}],"collection":[{"href":"https:\/\/revistaempresarios.net\/web\/wp-json\/wp\/v2\/posts"}],"about":[{"href":"https:\/\/revistaempresarios.net\/web\/wp-json\/wp\/v2\/types\/post"}],"author":[{"embeddable":true,"href":"https:\/\/revistaempresarios.net\/web\/wp-json\/wp\/v2\/users\/2"}],"replies":[{"embeddable":true,"href":"https:\/\/revistaempresarios.net\/web\/wp-json\/wp\/v2\/comments?post=8608"}],"version-history":[{"count":1,"href":"https:\/\/revistaempresarios.net\/web\/wp-json\/wp\/v2\/posts\/8608\/revisions"}],"predecessor-version":[{"id":8610,"href":"https:\/\/revistaempresarios.net\/web\/wp-json\/wp\/v2\/posts\/8608\/revisions\/8610"}],"wp:featuredmedia":[{"embeddable":true,"href":"https:\/\/revistaempresarios.net\/web\/wp-json\/wp\/v2\/media\/8609"}],"wp:attachment":[{"href":"https:\/\/revistaempresarios.net\/web\/wp-json\/wp\/v2\/media?parent=8608"}],"wp:term":[{"taxonomy":"category","embeddable":true,"href":"https:\/\/revistaempresarios.net\/web\/wp-json\/wp\/v2\/categories?post=8608"},{"taxonomy":"post_tag","embeddable":true,"href":"https:\/\/revistaempresarios.net\/web\/wp-json\/wp\/v2\/tags?post=8608"}],"curies":[{"name":"wp","href":"https:\/\/api.w.org\/{rel}","templated":true}]}}