{"id":8513,"date":"2023-05-06T20:01:03","date_gmt":"2023-05-06T23:01:03","guid":{"rendered":"https:\/\/revistaempresarios.net\/web\/?p=8513"},"modified":"2023-05-06T20:01:03","modified_gmt":"2023-05-06T23:01:03","slug":"existe-idade-limite-para-contratacao-de-um-emprestimo-consignado-especialista-esclarece-a-questao","status":"publish","type":"post","link":"https:\/\/revistaempresarios.net\/web\/2023\/05\/06\/existe-idade-limite-para-contratacao-de-um-emprestimo-consignado-especialista-esclarece-a-questao\/","title":{"rendered":"Existe idade limite para contrata\u00e7\u00e3o de um empr\u00e9stimo consignado? Especialista esclarece a quest\u00e3o"},"content":{"rendered":"<div class=\"itemBody\">\n<div class=\"itemIntroText\">\n<p>S\u00e3o comuns d\u00favidas quanto ao limite de idade para adquirir empr\u00e9stimo consignado, principalmente pela modalidade de cr\u00e9dito ser uma das mais contratadas por aposentados e pensionistas do (INSS). \u00c9 de conhecimento que, perante a lei, n\u00e3o h\u00e1 um limite m\u00e1ximo de idade para a contrata\u00e7\u00e3o desse tipo de empr\u00e9stimo. No entanto, as institui\u00e7\u00f5es financeiras podem estabelecer em regulamenta\u00e7\u00f5es internas a faixa et\u00e1ria eleg\u00edvel para a modalidade.<\/p>\n<\/div>\n<div class=\"itemFullText\">\n<p>Segundo Nat\u00e1lia Feitosa, supervisora de Normas e Regulamenta\u00e7\u00f5es da GFT Credmais, empresa de refer\u00eancia no mercado de cr\u00e9dito consignado e seguro, na maioria dos bancos, o limite de idade para contrata\u00e7\u00e3o do empr\u00e9stimo consignado INSS \u00e9 de 80 anos. \u201cAs institui\u00e7\u00f5es banc\u00e1rias estabelecem esse teto de idade devido a alta probabilidade de inadimpl\u00eancia\u201d, complementa a especialista.<\/p>\n<p>Apesar da oferta, s\u00e3o poucos os bancos que autorizam os empr\u00e9stimos consignados para idosos com mais de 80 anos e, devido \u00e0s medidas operacionais e aos seus regulamentos, a modalidade pode sofrer algumas altera\u00e7\u00f5es. \u201cO limite de cr\u00e9dito liberado para o empr\u00e9stimo diminui nesses casos. Isso porque pessoas com mais de 70 anos s\u00e3o inimput\u00e1veis pela lei, ou seja, n\u00e3o podem ser responsabilizadas judicialmente em caso de descumprimento do pagamento\u201d, discorre Nat\u00e1lia.<\/p>\n<p>No entanto, segundo a supervisora, como cada institui\u00e7\u00e3o financeira tem uma pol\u00edtica de neg\u00f3cios, n\u00e3o \u00e9 imposs\u00edvel encontrar bancos que aceitem a realiza\u00e7\u00e3o do empr\u00e9stimo consignado para cidad\u00e3os com mais de 80 anos. \u201cAconselho que seja feita uma pesquisa pr\u00e9via para identificar quais bancos realizam o empr\u00e9stimo para pessoas com mais de 80. No entanto, o contratante deve estar consciente que ter\u00e1 uma margem de cr\u00e9dito e de pagamento menor\u201d, afirma.<\/p>\n<p><strong>Sobre GFT Credmais<\/strong><\/p>\n<p>Com ampla presen\u00e7a nas regi\u00f5es Norte, Nordeste, Sul e Sudeste, a GFT Credmais \u00e9 refer\u00eancia em solu\u00e7\u00f5es financeiras e atua no mercado desde 2000, com foco na \u00e1rea de cr\u00e9dito consignado para aposentados e pensionistas do INSS. Com prioridade na excel\u00eancia em atendimento, al\u00e9m de discri\u00e7\u00e3o em negocia\u00e7\u00f5es claras e transparentes, a GFT conta com uma equipe altamente qualificada para atender todas as demandas.<\/p>\n<\/div>\n<\/div>\n<div class=\"e-mailit_toolbox circular  size48\">\n<div class=\"e-mailit_btn_EMAILiT\"><\/div>\n<\/div>\n","protected":false},"excerpt":{"rendered":"<p>S\u00e3o comuns d\u00favidas quanto ao limite de idade para adquirir empr\u00e9stimo consignado, principalmente pela modalidade de cr\u00e9dito ser uma das mais contratadas por aposentados e pensionistas do (INSS). \u00c9 de conhecimento que, perante a lei, n\u00e3o h\u00e1 um limite m\u00e1ximo de idade para a contrata\u00e7\u00e3o desse tipo de empr\u00e9stimo. No entanto, as institui\u00e7\u00f5es financeiras podem [&hellip;]<\/p>\n","protected":false},"author":2,"featured_media":8514,"comment_status":"open","ping_status":"open","sticky":false,"template":"","format":"standard","meta":{"_jetpack_memberships_contains_paid_content":false,"_joinchat":[],"footnotes":""},"categories":[51,54,60],"tags":[7006],"featured_image_src":{"landsacpe":["https:\/\/revistaempresarios.net\/web\/wp-content\/uploads\/2023\/05\/06fddc09714a4456e5a0fbe61fe0bece_XL-1140x445.jpg",1140,445,true],"list":["https:\/\/revistaempresarios.net\/web\/wp-content\/uploads\/2023\/05\/06fddc09714a4456e5a0fbe61fe0bece_XL-463x348.jpg",463,348,true],"medium":["https:\/\/revistaempresarios.net\/web\/wp-content\/uploads\/2023\/05\/06fddc09714a4456e5a0fbe61fe0bece_XL-300x200.jpg",300,200,true],"full":["https:\/\/revistaempresarios.net\/web\/wp-content\/uploads\/2023\/05\/06fddc09714a4456e5a0fbe61fe0bece_XL.jpg",1220,813,false]},"jetpack_sharing_enabled":true,"jetpack_featured_media_url":"https:\/\/revistaempresarios.net\/web\/wp-content\/uploads\/2023\/05\/06fddc09714a4456e5a0fbe61fe0bece_XL.jpg","jetpack-related-posts":[],"_links":{"self":[{"href":"https:\/\/revistaempresarios.net\/web\/wp-json\/wp\/v2\/posts\/8513"}],"collection":[{"href":"https:\/\/revistaempresarios.net\/web\/wp-json\/wp\/v2\/posts"}],"about":[{"href":"https:\/\/revistaempresarios.net\/web\/wp-json\/wp\/v2\/types\/post"}],"author":[{"embeddable":true,"href":"https:\/\/revistaempresarios.net\/web\/wp-json\/wp\/v2\/users\/2"}],"replies":[{"embeddable":true,"href":"https:\/\/revistaempresarios.net\/web\/wp-json\/wp\/v2\/comments?post=8513"}],"version-history":[{"count":1,"href":"https:\/\/revistaempresarios.net\/web\/wp-json\/wp\/v2\/posts\/8513\/revisions"}],"predecessor-version":[{"id":8515,"href":"https:\/\/revistaempresarios.net\/web\/wp-json\/wp\/v2\/posts\/8513\/revisions\/8515"}],"wp:featuredmedia":[{"embeddable":true,"href":"https:\/\/revistaempresarios.net\/web\/wp-json\/wp\/v2\/media\/8514"}],"wp:attachment":[{"href":"https:\/\/revistaempresarios.net\/web\/wp-json\/wp\/v2\/media?parent=8513"}],"wp:term":[{"taxonomy":"category","embeddable":true,"href":"https:\/\/revistaempresarios.net\/web\/wp-json\/wp\/v2\/categories?post=8513"},{"taxonomy":"post_tag","embeddable":true,"href":"https:\/\/revistaempresarios.net\/web\/wp-json\/wp\/v2\/tags?post=8513"}],"curies":[{"name":"wp","href":"https:\/\/api.w.org\/{rel}","templated":true}]}}