{"id":8443,"date":"2023-05-05T07:23:29","date_gmt":"2023-05-05T10:23:29","guid":{"rendered":"https:\/\/revistaempresarios.net\/web\/?p=8443"},"modified":"2023-05-05T07:23:29","modified_gmt":"2023-05-05T10:23:29","slug":"assai-elege-novos-integrantes-para-conselho-de-administracao","status":"publish","type":"post","link":"https:\/\/revistaempresarios.net\/web\/2023\/05\/05\/assai-elege-novos-integrantes-para-conselho-de-administracao\/","title":{"rendered":"Assa\u00ed elege novos integrantes para Conselho de Administra\u00e7\u00e3o"},"content":{"rendered":"<div class=\"entry-content clearfix single-post-content\">\n<p>O Assa\u00ed informou, no dia 27 de abril, que elegeu em Assembleia Geral Ordin\u00e1ria e Extraordin\u00e1ria os novos integrantes de seu Conselho de Administra\u00e7\u00e3o da Companhia. Os eleitos ter\u00e3o um mandato de 2 anos ap\u00f3s tomarem posse no prazo legal.<\/p>\n<p>Segundo o comunicado, a chapa \u00e9 composta por 9 candidatos que trazem experi\u00eancias relevantes e complementares ao Conselho de Administra\u00e7\u00e3o e combina membros da administra\u00e7\u00e3o da companhia com 7 novos membros.<\/p>\n<p>Os membros independentes s\u00e3o Andiara Pedroso Petterle, Jos\u00e9 Guimar\u00e3es Monforte, Julio Cesar de Queiroz Campos, Leila Abraham Loria, Leonardo Gomes Porci\u00fancula Pereira, Luiz Nelson Guedes de Carvalho e Oscar de Paula Bernardes Neto. J\u00e1 os membros n\u00e3o independentes s\u00e3o Belmiro de Figueiredo Gomes e Philippe Alarcon<\/p>\n<p>Na assembleia, tamb\u00e9m foram eleitos Oscar de Paula Bernardes Neto, como presidente do Conselho, e Jos\u00e9 Guimar\u00e3es Monforte, como vice-presidente do Conselho.<\/p>\n<p>Fonte: Monitor do Mercado<\/p>\n<\/div>\n<div class=\"entry-terms post-tags clearfix \"><\/div>\n","protected":false},"excerpt":{"rendered":"<p>O Assa\u00ed informou, no dia 27 de abril, que elegeu em Assembleia Geral Ordin\u00e1ria e Extraordin\u00e1ria os novos integrantes de seu Conselho de Administra\u00e7\u00e3o da Companhia. Os eleitos ter\u00e3o um mandato de 2 anos ap\u00f3s tomarem posse no prazo legal. Segundo o comunicado, a chapa \u00e9 composta por 9 candidatos que trazem experi\u00eancias relevantes e [&hellip;]<\/p>\n","protected":false},"author":2,"featured_media":8444,"comment_status":"open","ping_status":"open","sticky":false,"template":"","format":"standard","meta":{"_jetpack_memberships_contains_paid_content":false,"footnotes":""},"categories":[51,54,60],"tags":[6978],"featured_image_src":{"landsacpe":["https:\/\/revistaempresarios.net\/web\/wp-content\/uploads\/2023\/05\/assai-tapioqueiras-divulgacao.jpg",750,445,false],"list":["https:\/\/revistaempresarios.net\/web\/wp-content\/uploads\/2023\/05\/assai-tapioqueiras-divulgacao-463x348.jpg",463,348,true],"medium":["https:\/\/revistaempresarios.net\/web\/wp-content\/uploads\/2023\/05\/assai-tapioqueiras-divulgacao-300x178.jpg",300,178,true],"full":["https:\/\/revistaempresarios.net\/web\/wp-content\/uploads\/2023\/05\/assai-tapioqueiras-divulgacao.jpg",750,445,false]},"jetpack_sharing_enabled":true,"jetpack_featured_media_url":"https:\/\/revistaempresarios.net\/web\/wp-content\/uploads\/2023\/05\/assai-tapioqueiras-divulgacao.jpg","jetpack-related-posts":[],"_links":{"self":[{"href":"https:\/\/revistaempresarios.net\/web\/wp-json\/wp\/v2\/posts\/8443"}],"collection":[{"href":"https:\/\/revistaempresarios.net\/web\/wp-json\/wp\/v2\/posts"}],"about":[{"href":"https:\/\/revistaempresarios.net\/web\/wp-json\/wp\/v2\/types\/post"}],"author":[{"embeddable":true,"href":"https:\/\/revistaempresarios.net\/web\/wp-json\/wp\/v2\/users\/2"}],"replies":[{"embeddable":true,"href":"https:\/\/revistaempresarios.net\/web\/wp-json\/wp\/v2\/comments?post=8443"}],"version-history":[{"count":1,"href":"https:\/\/revistaempresarios.net\/web\/wp-json\/wp\/v2\/posts\/8443\/revisions"}],"predecessor-version":[{"id":8445,"href":"https:\/\/revistaempresarios.net\/web\/wp-json\/wp\/v2\/posts\/8443\/revisions\/8445"}],"wp:featuredmedia":[{"embeddable":true,"href":"https:\/\/revistaempresarios.net\/web\/wp-json\/wp\/v2\/media\/8444"}],"wp:attachment":[{"href":"https:\/\/revistaempresarios.net\/web\/wp-json\/wp\/v2\/media?parent=8443"}],"wp:term":[{"taxonomy":"category","embeddable":true,"href":"https:\/\/revistaempresarios.net\/web\/wp-json\/wp\/v2\/categories?post=8443"},{"taxonomy":"post_tag","embeddable":true,"href":"https:\/\/revistaempresarios.net\/web\/wp-json\/wp\/v2\/tags?post=8443"}],"curies":[{"name":"wp","href":"https:\/\/api.w.org\/{rel}","templated":true}]}}