{"id":8434,"date":"2023-05-03T19:06:30","date_gmt":"2023-05-03T22:06:30","guid":{"rendered":"https:\/\/revistaempresarios.net\/web\/?p=8434"},"modified":"2023-05-03T19:06:30","modified_gmt":"2023-05-03T22:06:30","slug":"o-instituto-minetoo-promove-a-integracao-ao-mundo-do-trabalho-aperfeicoando-as-suas-praticas-de-esg-com-programas-ligados-ao-s","status":"publish","type":"post","link":"https:\/\/revistaempresarios.net\/web\/2023\/05\/03\/o-instituto-minetoo-promove-a-integracao-ao-mundo-do-trabalho-aperfeicoando-as-suas-praticas-de-esg-com-programas-ligados-ao-s\/","title":{"rendered":"O Instituto MineToo, promove a integra\u00e7\u00e3o ao mundo do trabalho, aperfei\u00e7oando as suas pr\u00e1ticas de ESG com programas ligados ao S,"},"content":{"rendered":"<p>A organiza\u00e7\u00e3o intensifica seus Programas de Impacto Social Positivo, al\u00e9m de apresentar ao mundo, uma proposta de solu\u00e7\u00f5es tecnol\u00f3gicas de mobilidade urbana, que conecta propriet\u00e1rios de aeronaves, pilotos e viajantes, com foco no deslocamento a\u00e9reo.<\/p>\n<p>A Institui\u00e7\u00e3o faz parte do grupo de entidades assessoradas, no \u00e2mbito da Assist\u00eancia Social, pelo Instituto S Company e a partir do trabalho conjunto, desenhou um programa que oferece acesso \u00e0s pessoas em situa\u00e7\u00e3o de vulnerabilidade social em capacita\u00e7\u00f5es voltadas \u00e0 toda a cadeia de suprimentos da avia\u00e7\u00e3o. Tudo isso acontece atrav\u00e9s do servi\u00e7o de conviv\u00eancia, fortalecimento dos v\u00ednculos, orienta\u00e7\u00e3o que circunda todo o entorno do participante e abrange abordagens diversas como \u00e9tica, lideran\u00e7a, trabalho em equipe, controle financeiro e todos os conceitos presentes no mundo do trabalho. Boni, CEO da marca, diz que a MineToo nasceu deste conceito: &#8220;A era tecnol\u00f3gica chegou e como todas as revolu\u00e7\u00f5es, faz parte do Desenvolvimento Humano. N\u00e3o basta olhar para o problema causado pela falta de profissionais para lidar com a tecnologia, \u00e9 preciso movimentar o mundo para que a t\u00e9cnica seja incorporada no cotidiano das pessoas, sem desconsiderar o contexto em que estas pessoas vivem. \u00c9 preciso olhar o desenho atual do mercado, mas acima disso, \u00e9 preciso olhar para quem constr\u00f3i esse mercado diariamente&#8221;.<\/p>\n<p>A assistente social Daniely Sousa, respons\u00e1vel pelo projeto, explica: quando a Mine chega ao territ\u00f3rio, identifica as especificidades e busca implementar estrat\u00e9gias que fa\u00e7am a revolu\u00e7\u00e3o social acontecer por meio do acesso ao trabalho digno. A \u00faltima forma\u00e7\u00e3o ocorreu na zona norte de S\u00e3o Paulo, em um bairro com muitos imigrantes, a maioria da \u00c1frica. Neste contexto, assistimos aos benefici\u00e1rios de forma cont\u00ednua e pensando em sua trajet\u00f3ria, desde quando ele sai de casa ou mesmo quando ainda est\u00e1 em sua resid\u00eancia, com a sua fam\u00edlia. A ideia \u00e9 um atendimento que olhe para o meio, para as barreiras e desafios, sem esquecer as transforma\u00e7\u00f5es tecnol\u00f3gicas que envolvem o trabalho, como ferramenta de transforma\u00e7\u00e3o social.<\/p>\n<p>A MineToo conta com apoiadores e parceiros, entre eles o Sebrae, a Google, a USP e Arnone Advogados Associados, por meio dos quais tem sido poss\u00edvel expandir cada vez mais os trabalhos. Com esse apoio, a Mine criou uma sala de inclus\u00e3o digital, onde s\u00e3o ministradas algumas atividades de capacita\u00e7\u00e3o profissional, e orienta\u00e7\u00e3o social desenvolvida pelo t\u00e9cnico respons\u00e1vel.<\/p>\n<p>Outro programa que faz parte do escopo de atua\u00e7\u00e3o da Mine, busca integrar e capacitar pilotos, aviadores, bem como, profissionais relacionados. O ingresso no mercado da avia\u00e7\u00e3o \u00e9 desafiador.\u00a0 Para se tornar piloto de avi\u00e3o, por exemplo, \u00e9 necess\u00e1rio, em m\u00e9dia, R$ 140 mil. O investimento tamb\u00e9m inclui a dedica\u00e7\u00e3o de tempo no curso te\u00f3rico-pr\u00e1tico, com provas, exames m\u00e9dicos e horas de voo. Ou seja, superar as dificuldades da economia, do tempo e firmar-se como piloto ainda \u00e9 para poucos.<\/p>\n<p>Vale destacar que a MineToo tem investido cada vez mais em sua pr\u00e1tica ESG. No pilar ambiental, a Mine calcula cuidadosamente a pegada de carbono de cada opera\u00e7\u00e3o a\u00e9rea, e a empresa reduz sua pegada de carbono em 15-20% no mercado, especialmente em opera\u00e7\u00f5es locais onde grandes deslocamentos de carros s\u00e3o evitados. Na governan\u00e7a a organiza\u00e7\u00e3o trabalha com o padr\u00e3o CVM. A meta \u00e9 um relat\u00f3rio de sustentabilidade certificado com balan\u00e7o socioambiental, que atende aos padr\u00f5es nacionais ao t\u00e9rmino deste ano.<\/p>\n","protected":false},"excerpt":{"rendered":"<p>A organiza\u00e7\u00e3o intensifica seus Programas de Impacto Social Positivo, al\u00e9m de apresentar ao mundo, uma proposta de solu\u00e7\u00f5es tecnol\u00f3gicas de mobilidade urbana, que conecta propriet\u00e1rios de aeronaves, pilotos e viajantes, com foco no deslocamento a\u00e9reo. A Institui\u00e7\u00e3o faz parte do grupo de entidades assessoradas, no \u00e2mbito da Assist\u00eancia Social, pelo Instituto S Company e a [&hellip;]<\/p>\n","protected":false},"author":2,"featured_media":8435,"comment_status":"open","ping_status":"open","sticky":false,"template":"","format":"standard","meta":{"_jetpack_memberships_contains_paid_content":false,"footnotes":""},"categories":[51,60],"tags":[6974,6972,6973],"featured_image_src":{"landsacpe":["https:\/\/revistaempresarios.net\/web\/wp-content\/uploads\/2023\/05\/0e7e301d-b94e-4587-98e8-8a34fe4d404a-1140x445.jpg",1140,445,true],"list":["https:\/\/revistaempresarios.net\/web\/wp-content\/uploads\/2023\/05\/0e7e301d-b94e-4587-98e8-8a34fe4d404a-463x348.jpg",463,348,true],"medium":["https:\/\/revistaempresarios.net\/web\/wp-content\/uploads\/2023\/05\/0e7e301d-b94e-4587-98e8-8a34fe4d404a-300x200.jpg",300,200,true],"full":["https:\/\/revistaempresarios.net\/web\/wp-content\/uploads\/2023\/05\/0e7e301d-b94e-4587-98e8-8a34fe4d404a.jpg",1600,1067,false]},"jetpack_sharing_enabled":true,"jetpack_featured_media_url":"https:\/\/revistaempresarios.net\/web\/wp-content\/uploads\/2023\/05\/0e7e301d-b94e-4587-98e8-8a34fe4d404a.jpg","jetpack-related-posts":[],"_links":{"self":[{"href":"https:\/\/revistaempresarios.net\/web\/wp-json\/wp\/v2\/posts\/8434"}],"collection":[{"href":"https:\/\/revistaempresarios.net\/web\/wp-json\/wp\/v2\/posts"}],"about":[{"href":"https:\/\/revistaempresarios.net\/web\/wp-json\/wp\/v2\/types\/post"}],"author":[{"embeddable":true,"href":"https:\/\/revistaempresarios.net\/web\/wp-json\/wp\/v2\/users\/2"}],"replies":[{"embeddable":true,"href":"https:\/\/revistaempresarios.net\/web\/wp-json\/wp\/v2\/comments?post=8434"}],"version-history":[{"count":1,"href":"https:\/\/revistaempresarios.net\/web\/wp-json\/wp\/v2\/posts\/8434\/revisions"}],"predecessor-version":[{"id":8436,"href":"https:\/\/revistaempresarios.net\/web\/wp-json\/wp\/v2\/posts\/8434\/revisions\/8436"}],"wp:featuredmedia":[{"embeddable":true,"href":"https:\/\/revistaempresarios.net\/web\/wp-json\/wp\/v2\/media\/8435"}],"wp:attachment":[{"href":"https:\/\/revistaempresarios.net\/web\/wp-json\/wp\/v2\/media?parent=8434"}],"wp:term":[{"taxonomy":"category","embeddable":true,"href":"https:\/\/revistaempresarios.net\/web\/wp-json\/wp\/v2\/categories?post=8434"},{"taxonomy":"post_tag","embeddable":true,"href":"https:\/\/revistaempresarios.net\/web\/wp-json\/wp\/v2\/tags?post=8434"}],"curies":[{"name":"wp","href":"https:\/\/api.w.org\/{rel}","templated":true}]}}