{"id":8413,"date":"2023-05-03T10:29:26","date_gmt":"2023-05-03T13:29:26","guid":{"rendered":"https:\/\/revistaempresarios.net\/web\/?p=8413"},"modified":"2023-05-03T10:29:56","modified_gmt":"2023-05-03T13:29:56","slug":"cade-abre-investigacao-sobre-google-e-meta-por-campanha-contra-pl-das-fake-news","status":"publish","type":"post","link":"https:\/\/revistaempresarios.net\/web\/2023\/05\/03\/cade-abre-investigacao-sobre-google-e-meta-por-campanha-contra-pl-das-fake-news\/","title":{"rendered":"Cade abre investiga\u00e7\u00e3o sobre Google e Meta por campanha contra PL das Fake News"},"content":{"rendered":"<h4 class=\"jeg_post_subtitle\">O \u00f3rg\u00e3o foi acionado pelo senador Randolfe Rodrigues (Rede-AP) ap\u00f3s o Google publicar frase tendenciosa em seu buscador<\/h4>\n<div class=\"jeg_meta_container\">\n<div class=\"jeg_post_meta jeg_post_meta_1\">\n<div class=\"row\">\n<div class=\"col-md-12\">\n<div class=\"entry-header\">\n<div class=\"jeg_meta_container\">\n<div class=\"jeg_post_meta jeg_post_meta_1\">\n<div class=\"meta_left\">\n<div class=\"jeg_meta_category\">O Conselho Administrativo de Defesa Econ\u00f4mica (Cade) abriu nesta ter\u00e7a-feira, 2, uma investiga\u00e7\u00e3o para apurar suposto abuso de posi\u00e7\u00e3o dominante por parte do Google e da Meta por terem feito campanha contra o PL das Fake News.<\/div>\n<\/div>\n<\/div>\n<\/div>\n<\/div>\n<\/div>\n<\/div>\n<div class=\"row\">\n<div class=\"jeg_main_content col-md-9\">\n<div class=\"jeg_inner_content\">\n<div class=\"entry-content no-share\">\n<div class=\"content-inner \">\n<p>O \u00f3rg\u00e3o foi acionado na segunda-feira, 2, pelo senador Randolfe Rodrigues (Rede-AP) ap\u00f3s o Google publicar, na p\u00e1gina inicial do buscador, a mensagem \u201cO PL das fake news pode aumentar a confus\u00e3o sobre o que \u00e9 verdade ou mentira no Brasil.\u201d<\/p>\n<p>A mensagem foi removida no per\u00edodo da tarde desta ter\u00e7a, depois de uma decis\u00e3o do Minist\u00e9rio da Justi\u00e7a que amea\u00e7ou a plataforma com multa de R$ 1 milh\u00e3o.<\/p>\n<div class=\"jeg_ad jeg_ad_article jnews_content_inline_ads \">\n<div class=\"ads-wrapper align-center \"><\/div>\n<\/div>\n<p>Um estudo tamb\u00e9m apontou que a Meta, dona do Facebook, Instagram e WhatsApp, disseminou not\u00edcias falsas a respeito do PL das fake news sem taxar o conte\u00fado como \u201cpol\u00edtico\u201d ou \u201csens\u00edvel\u201d.<\/p>\n<h4><strong>Adiamento<\/strong><\/h4>\n<p>O presidente da C\u00e2mara, Arthur Lira, decidiu, nesta ter\u00e7a-feira (2), retirar de pauta a vota\u00e7\u00e3o do Projeto de Lei (PL) 2630, conhecido como PL das Fake News. Lira atendeu um pedido do relator do projeto, deputado Orlando Silva (PCdoB -RJ). A proposta estava prevista para ter seu m\u00e9rito analisado nessa sess\u00e3o. O pedido do relator acontece ap\u00f3s uma sequ\u00eancia de pol\u00eamicas envolvendo o texto da proposta.<\/p>\n<div id=\"merca-1484303172\" class=\"merca-home-e-meio-materias\">\n<div id=\"merca-1353511475\" class=\"merca-target\" data-merca-trackid=\"109847\" data-merca-trackbid=\"1\">Segundo o relator, a principal dificuldade de consenso entre os congressistas est\u00e1 na defini\u00e7\u00e3o sobre a quem caber\u00e1 fiscalizar o cumprimento e as san\u00e7\u00f5es impostas pela lei. \u201cGanhou muita for\u00e7a hoje a ideia da Anatel [Ag\u00eancia Nacional de Telecomunica\u00e7\u00f5es], mas, ainda assim, muitos parlamentares resistem \u00e0 hip\u00f3tese. Esse \u00e9 um tema em que \u00e9 necess\u00e1rio um di\u00e1logo com o governo, pois da parte do governo h\u00e1 cr\u00edticas com a possibilidade de a Anatel ser esse \u00f3rg\u00e3o respons\u00e1vel. O que era um impasse na semana passada, segue sendo um impasse\u201d.<\/div>\n<\/div>\n<p>De acordo com o deputado, ainda n\u00e3o h\u00e1 prazo para que o projeto retorne para an\u00e1lise do plen\u00e1rio. Silva destacou que ser\u00e3o necess\u00e1rias, pelo menos, duas semanas para que o projeto esteja pronto para ser submetido \u00e0 aprecia\u00e7\u00e3o.<\/p>\n<p>O\u00a0<a href=\"https:\/\/www.camara.leg.br\/proposicoesWeb\/prop_mostrarintegra?codteor=1909983\">PL 2630\/20<\/a>\u00a0institui a Lei Brasileira de Liberdade, Responsabilidade e Transpar\u00eancia na Internet, com normas e mecanismos de transpar\u00eancia para provedores de redes sociais, ferramentas de busca e de mensagens instant\u00e2neas, bem como as diretrizes para seu uso.<\/p>\n<p><strong>Com informa\u00e7\u00f5es de Estad\u00e3o Conte\u00fado (Lav\u00ednia Kaucz) e Ag\u00eancia Brasil<\/strong><\/p>\n<p><em>Imagem: Shutterstock<\/em><\/p>\n<div class=\"jeg_ad jeg_ad_article jnews_content_inline_2_ads \">\n<div class=\"ads-wrapper align-center \"><\/div>\n<\/div>\n<div class=\"sharedaddy sd-sharing-enabled\"><\/div>\n<\/div>\n<\/div>\n<\/div>\n<\/div>\n<\/div>\n<\/div>\n<\/div>\n","protected":false},"excerpt":{"rendered":"<p>O \u00f3rg\u00e3o foi acionado pelo senador Randolfe Rodrigues (Rede-AP) ap\u00f3s o Google publicar frase tendenciosa em seu buscador O Conselho Administrativo de Defesa Econ\u00f4mica (Cade) abriu nesta ter\u00e7a-feira, 2, uma investiga\u00e7\u00e3o para apurar suposto abuso de posi\u00e7\u00e3o dominante por parte do Google e da Meta por terem feito campanha contra o PL das Fake News. [&hellip;]<\/p>\n","protected":false},"author":2,"featured_media":8414,"comment_status":"open","ping_status":"open","sticky":false,"template":"","format":"standard","meta":{"_jetpack_memberships_contains_paid_content":false,"footnotes":""},"categories":[51,60],"tags":[6963],"featured_image_src":{"landsacpe":["https:\/\/revistaempresarios.net\/web\/wp-content\/uploads\/2023\/05\/shutterstock_2270942655-1000x445.jpg",1000,445,true],"list":["https:\/\/revistaempresarios.net\/web\/wp-content\/uploads\/2023\/05\/shutterstock_2270942655-463x348.jpg",463,348,true],"medium":["https:\/\/revistaempresarios.net\/web\/wp-content\/uploads\/2023\/05\/shutterstock_2270942655-300x200.jpg",300,200,true],"full":["https:\/\/revistaempresarios.net\/web\/wp-content\/uploads\/2023\/05\/shutterstock_2270942655.jpg",1000,667,false]},"jetpack_sharing_enabled":true,"jetpack_featured_media_url":"https:\/\/revistaempresarios.net\/web\/wp-content\/uploads\/2023\/05\/shutterstock_2270942655.jpg","jetpack-related-posts":[],"_links":{"self":[{"href":"https:\/\/revistaempresarios.net\/web\/wp-json\/wp\/v2\/posts\/8413"}],"collection":[{"href":"https:\/\/revistaempresarios.net\/web\/wp-json\/wp\/v2\/posts"}],"about":[{"href":"https:\/\/revistaempresarios.net\/web\/wp-json\/wp\/v2\/types\/post"}],"author":[{"embeddable":true,"href":"https:\/\/revistaempresarios.net\/web\/wp-json\/wp\/v2\/users\/2"}],"replies":[{"embeddable":true,"href":"https:\/\/revistaempresarios.net\/web\/wp-json\/wp\/v2\/comments?post=8413"}],"version-history":[{"count":2,"href":"https:\/\/revistaempresarios.net\/web\/wp-json\/wp\/v2\/posts\/8413\/revisions"}],"predecessor-version":[{"id":8416,"href":"https:\/\/revistaempresarios.net\/web\/wp-json\/wp\/v2\/posts\/8413\/revisions\/8416"}],"wp:featuredmedia":[{"embeddable":true,"href":"https:\/\/revistaempresarios.net\/web\/wp-json\/wp\/v2\/media\/8414"}],"wp:attachment":[{"href":"https:\/\/revistaempresarios.net\/web\/wp-json\/wp\/v2\/media?parent=8413"}],"wp:term":[{"taxonomy":"category","embeddable":true,"href":"https:\/\/revistaempresarios.net\/web\/wp-json\/wp\/v2\/categories?post=8413"},{"taxonomy":"post_tag","embeddable":true,"href":"https:\/\/revistaempresarios.net\/web\/wp-json\/wp\/v2\/tags?post=8413"}],"curies":[{"name":"wp","href":"https:\/\/api.w.org\/{rel}","templated":true}]}}