{"id":8403,"date":"2023-05-03T10:07:39","date_gmt":"2023-05-03T13:07:39","guid":{"rendered":"https:\/\/revistaempresarios.net\/web\/?p=8403"},"modified":"2023-05-03T10:07:39","modified_gmt":"2023-05-03T13:07:39","slug":"web-summit-rio-criatividade-e-inteligencia-artificial-dominam-2o-dia-do-evento","status":"publish","type":"post","link":"https:\/\/revistaempresarios.net\/web\/2023\/05\/03\/web-summit-rio-criatividade-e-inteligencia-artificial-dominam-2o-dia-do-evento\/","title":{"rendered":"Web Summit Rio: Criatividade e Intelig\u00eancia Artificial dominam 2\u00ba dia do evento"},"content":{"rendered":"<h2 class=\"jeg_post_subtitle\">Outro assunto bastante abordado nessa ter\u00e7a-feira foram as redes sociais<\/h2>\n<div class=\"jeg_meta_container\">\n<div class=\"jeg_post_meta jeg_post_meta_1\">\n<p>O segundo dia do Web Summit Rio, realizado nesta semana na capital fluminense, teve de tudo um pouco: superlota\u00e7\u00e3o em algumas salas, problemas de som em outras e muito conte\u00fado de qualidade tamb\u00e9m.<\/p>\n<p>Assim como foi no\u00a0<a href=\"https:\/\/mercadoeconsumo.com.br\/23\/03\/2023\/artigos\/sxsw-a-revolucao-digital-vai-acelerar-a-evolucao-dos-shoppings-e-suas-lojas\/\">SXSW<\/a>, que aconteceu em mar\u00e7o, em Austin, Texas, a Intelig\u00eancia Artificial teve lugar de destaque na programa\u00e7\u00e3o. Um painel de debates discutiu, sem chegar a uma conclus\u00e3o final, a quest\u00e3o dos direitos autorais, em imagens e textos, em tempos de IA. Participaram Daniela Braga, da Defined.ai, e Fernando Machado, da NotCo, com media\u00e7\u00e3o de Brad Haynes, da Reuters.<\/p>\n<p>Fernando destacou ainda que antes a IA servia para proporcionar curadoria de conte\u00fado, recomendando livros na Amazon ou m\u00fasicas no Spotify, por exemplo. Hoje ela \u00e9 ferramenta de produ\u00e7\u00e3o de conte\u00fado. Daniela pontuou que mais de US$ 93,5 bilh\u00f5es j\u00e1 foram investidos em IA, um valor sem precedentes em tecnologia, o que garante que n\u00e3o se trata de uma moda passageira e sim algo que veio para ficar.<\/p>\n<div class=\"jeg_ad jeg_ad_article jnews_content_inline_ads  \">\n<div class=\"ads-wrapper align-center \">\n<div class=\"ads_shortcode\"><\/div>\n<\/div>\n<\/div>\n<figure id=\"attachment_110836\" class=\"wp-caption alignleft\" style=\"width: 225px;\" aria-describedby=\"caption-attachment-110836\"><img loading=\"lazy\" decoding=\"async\" class=\"wp-image-110836  entered lazyloaded\" src=\"https:\/\/mercadoeconsumo.com.br\/wp-content\/uploads\/2023\/05\/WhatsApp-Image-2023-05-02-at-14.30.58-225x300.jpeg\" sizes=\"(max-width: 225px) 100vw, 225px\" srcset=\"https:\/\/mercadoeconsumo.com.br\/wp-content\/uploads\/2023\/05\/WhatsApp-Image-2023-05-02-at-14.30.58-225x300.jpeg 225w, https:\/\/mercadoeconsumo.com.br\/wp-content\/uploads\/2023\/05\/WhatsApp-Image-2023-05-02-at-14.30.58-768x1024.jpeg 768w, https:\/\/mercadoeconsumo.com.br\/wp-content\/uploads\/2023\/05\/WhatsApp-Image-2023-05-02-at-14.30.58-750x1000.jpeg 750w, https:\/\/mercadoeconsumo.com.br\/wp-content\/uploads\/2023\/05\/WhatsApp-Image-2023-05-02-at-14.30.58.jpeg 960w\" alt=\"Web Summit Rio 2023 - Imagem: Luiz Alberto Marinho\" width=\"225\" height=\"300\" data-lazy-srcset=\"https:\/\/mercadoeconsumo.com.br\/wp-content\/uploads\/2023\/05\/WhatsApp-Image-2023-05-02-at-14.30.58-225x300.jpeg 225w, https:\/\/mercadoeconsumo.com.br\/wp-content\/uploads\/2023\/05\/WhatsApp-Image-2023-05-02-at-14.30.58-768x1024.jpeg 768w, https:\/\/mercadoeconsumo.com.br\/wp-content\/uploads\/2023\/05\/WhatsApp-Image-2023-05-02-at-14.30.58-750x1000.jpeg 750w, https:\/\/mercadoeconsumo.com.br\/wp-content\/uploads\/2023\/05\/WhatsApp-Image-2023-05-02-at-14.30.58.jpeg 960w\" data-lazy-sizes=\"(max-width: 225px) 100vw, 225px\" data-lazy-src=\"https:\/\/mercadoeconsumo.com.br\/wp-content\/uploads\/2023\/05\/WhatsApp-Image-2023-05-02-at-14.30.58-225x300.jpeg\" data-pin-no-hover=\"true\" data-ll-status=\"loaded\" \/><figcaption id=\"caption-attachment-110836\" class=\"wp-caption-text\">Debate com a modelo Fiorella Mattheis,, a jornalista e influencer portuguesa Cristina Ferreira e a jornalista da Bloomberg Ana Carolina Siedschlag<\/figcaption><\/figure>\n<p>Outro assunto bastante abordado nessa ter\u00e7a-feira no Web Summit Rio foram as redes sociais. Influenciadores famosos, como Fiorella Mattheis, Bianca Andrade, a Boca Rosa, e a portuguesa Cristina Ferreira, discutiram os limites entre suas vidas pessoais e profissionais. E Graham McDonnell listou 10 erros que as marcas cometem frequentemente nas suas estrat\u00e9gias nas redes sociais. Entre elas, destacam-se tornar a marca, e n\u00e3o a audi\u00eancia, a hero\u00edna; esquecer-se de contar hist\u00f3rias; tratar o post como an\u00fancio; e come\u00e7ar a criar sem definir os objetivos.<\/p>\n<p>Gail Heimann, CEO da Weber Shandwick, apresentou um resumo do interessante estudo produzido pela sua ag\u00eancia, que mostra que as marcas precisam cuidar das pessoas para merecer sua reciprocidade. Gail fez uma retrospectiva hist\u00f3rica, que come\u00e7ou com a Lei de Tali\u00e3o (\u201colho por olho\u201d) e terminou com uma cita\u00e7\u00e3o \u00e0 serie \u201cThe Last of Us\u201d, da HBO, para explicar que o conceito da reciprocidade est\u00e1 enraizado na sociedade. Assim, as marcas que quiserem obter a prefer\u00eancia dos consumidores precisar\u00e3o dar algo em troca que seja mais do que simplesmente um bom produto por um pre\u00e7o justo. Na mesma linha, Nancy Villanueva, da Interbrand, defendeu a ideia de que as marcas desfrutam de alta credibilidade com os consumidores e devem assumir com responsabilidade o papel de contribuir para um mundo melhor.<\/p>\n<div id=\"merca-1551478888\" class=\"merca-home-e-meio-materias\">\n<div id=\"merca-1035182956\" class=\"merca-target\" data-merca-trackid=\"109730\" data-merca-trackbid=\"1\">O tema da omnicanalidade foi abordado por Neil Patel, que usou frases de impacto para provocar a plateia. \u201cAs pessoas mudaram a maneira como compram. Voc\u00eas mudaram a maneira como vendem?\u201d, desafiou ele. Patel disse ainda que a omnicanalidade n\u00e3o \u00e9 opcional.<\/div>\n<\/div>\n<p>Quem tamb\u00e9m trouxe um pensamento provocador foi Alain Sylvain, que afirmou que criatividade n\u00e3o \u00e9 mais importante do que o timing. Porque, segundo Sylvain, mesmo as melhores ideias, se forem lan\u00e7adas antes ou depois do momento certo, dificilmente ter\u00e3o sucesso. Para Sylvain, s\u00e3o tr\u00eas os fatores que definem o momento certo para uma ideia: o contexto cultural, o desejo dos indiv\u00edduos por aquele produto ou servi\u00e7o e a infraestrutura tecnol\u00f3gica para viabiliz\u00e1-los.<\/p>\n<p>Criatividade tamb\u00e9m foi o tema abordado pelo publicit\u00e1rio David Droga, que garantiu que, se tivesse que come\u00e7ar uma nova ag\u00eancia de publicidade hoje, provavelmente o faria utilizando intensamente novas tecnologias, como a Intelig\u00eancia Artificial. Nesse ponto os dois assuntos principais do dia se reencontram: criatividade e IA parecem caminhar de m\u00e3os dadas na forma\u00e7\u00e3o de uma nova din\u00e2mica de marketing para as marcas.<\/p>\n<p><strong><a href=\"https:\/\/www.linkedin.com\/in\/luiz-alberto-marinho-078367\/\" target=\"_blank\" rel=\"noopener\">Luiz Alberto Marinho<\/a>\u00a0\u00e9 s\u00f3cio-diretor da\u00a0<a href=\"https:\/\/gouveaecosystem.com\/consultoria-para-shopping-centers\/\" target=\"_blank\" rel=\"noopener\">Gouv\u00eaa Malls\u00a0<\/a><\/strong>e colunista da\u00a0<strong>Mercado&amp;Consumo<\/strong>\u00a0e faz uma cobertura especial do Web Summit Rio.<br \/>\n<i>Imagens: Reprodu\u00e7\u00e3o\/YouTube e Luiz Alberto Marinho<\/i><\/p>\n<div class=\"jeg_ad jeg_ad_article jnews_content_inline_2_ads  \">\n<div class=\"ads-wrapper align-center \">\n<div class=\"ads_shortcode\"><\/div>\n<\/div>\n<\/div>\n<div class=\"sharedaddy sd-sharing-enabled\"><\/div>\n<\/div>\n<\/div>\n","protected":false},"excerpt":{"rendered":"<p>Outro assunto bastante abordado nessa ter\u00e7a-feira foram as redes sociais O segundo dia do Web Summit Rio, realizado nesta semana na capital fluminense, teve de tudo um pouco: superlota\u00e7\u00e3o em algumas salas, problemas de som em outras e muito conte\u00fado de qualidade tamb\u00e9m. Assim como foi no\u00a0SXSW, que aconteceu em mar\u00e7o, em Austin, Texas, a [&hellip;]<\/p>\n","protected":false},"author":2,"featured_media":8404,"comment_status":"open","ping_status":"open","sticky":false,"template":"","format":"standard","meta":{"_jetpack_memberships_contains_paid_content":false,"footnotes":""},"categories":[51,56,58,60,62],"tags":[6960],"featured_image_src":{"landsacpe":["https:\/\/revistaempresarios.net\/web\/wp-content\/uploads\/2023\/05\/web-summit-rio-youtube-996x445.jpg",996,445,true],"list":["https:\/\/revistaempresarios.net\/web\/wp-content\/uploads\/2023\/05\/web-summit-rio-youtube-463x348.jpg",463,348,true],"medium":["https:\/\/revistaempresarios.net\/web\/wp-content\/uploads\/2023\/05\/web-summit-rio-youtube-300x140.jpg",300,140,true],"full":["https:\/\/revistaempresarios.net\/web\/wp-content\/uploads\/2023\/05\/web-summit-rio-youtube.jpg",996,466,false]},"jetpack_sharing_enabled":true,"jetpack_featured_media_url":"https:\/\/revistaempresarios.net\/web\/wp-content\/uploads\/2023\/05\/web-summit-rio-youtube.jpg","jetpack-related-posts":[],"_links":{"self":[{"href":"https:\/\/revistaempresarios.net\/web\/wp-json\/wp\/v2\/posts\/8403"}],"collection":[{"href":"https:\/\/revistaempresarios.net\/web\/wp-json\/wp\/v2\/posts"}],"about":[{"href":"https:\/\/revistaempresarios.net\/web\/wp-json\/wp\/v2\/types\/post"}],"author":[{"embeddable":true,"href":"https:\/\/revistaempresarios.net\/web\/wp-json\/wp\/v2\/users\/2"}],"replies":[{"embeddable":true,"href":"https:\/\/revistaempresarios.net\/web\/wp-json\/wp\/v2\/comments?post=8403"}],"version-history":[{"count":1,"href":"https:\/\/revistaempresarios.net\/web\/wp-json\/wp\/v2\/posts\/8403\/revisions"}],"predecessor-version":[{"id":8405,"href":"https:\/\/revistaempresarios.net\/web\/wp-json\/wp\/v2\/posts\/8403\/revisions\/8405"}],"wp:featuredmedia":[{"embeddable":true,"href":"https:\/\/revistaempresarios.net\/web\/wp-json\/wp\/v2\/media\/8404"}],"wp:attachment":[{"href":"https:\/\/revistaempresarios.net\/web\/wp-json\/wp\/v2\/media?parent=8403"}],"wp:term":[{"taxonomy":"category","embeddable":true,"href":"https:\/\/revistaempresarios.net\/web\/wp-json\/wp\/v2\/categories?post=8403"},{"taxonomy":"post_tag","embeddable":true,"href":"https:\/\/revistaempresarios.net\/web\/wp-json\/wp\/v2\/tags?post=8403"}],"curies":[{"name":"wp","href":"https:\/\/api.w.org\/{rel}","templated":true}]}}