{"id":8316,"date":"2023-04-27T20:06:31","date_gmt":"2023-04-27T23:06:31","guid":{"rendered":"https:\/\/revistaempresarios.net\/web\/?p=8316"},"modified":"2023-04-27T20:06:31","modified_gmt":"2023-04-27T23:06:31","slug":"yolk-agencia-digital-conquista-tres-contas-e-anuncia-novo-escritorio-em-higienopolis","status":"publish","type":"post","link":"https:\/\/revistaempresarios.net\/web\/2023\/04\/27\/yolk-agencia-digital-conquista-tres-contas-e-anuncia-novo-escritorio-em-higienopolis\/","title":{"rendered":"Yolk Ag\u00eancia Digital conquista tr\u00eas contas e anuncia novo escrit\u00f3rio em Higien\u00f3polis"},"content":{"rendered":"<p class=\"v1MsoNormal\">Fundada e dirigida pela jornalista e especialista em comunica\u00e7\u00e3o digital,\u00a0<b>Ana Paula Feitosa<\/b>, a\u00a0<b>Yolk Ag\u00eancia Digital<\/b>\u00a0est\u00e1 em novo endere\u00e7o, na rua Maranh\u00e3o, em Higien\u00f3polis, e anuncia a conquista de tr\u00eas novas contas. Passam a integrar o time de clientes da ag\u00eancia\u00a0<i>full service<\/i>, as marcas\u00a0<b>Dona Nuvem<\/b>,\u00a0<b>Garage Eventos e Reuni\u00f5es<\/b>\u00a0e\u00a0<b>P2 Consultoria<\/b>,<\/p>\n<p class=\"v1MsoNormal\">\n<p class=\"v1MsoNormal\">Sobre as novas contas:<\/p>\n<p class=\"v1MsoNormal\"><b>Dona Nuvem<\/b>\u00a0\u2013 sorveteria e doceria &#8211;\u00a0<a href=\"https:\/\/www.instagram.com\/donanuvemoficial\/\" target=\"_blank\" rel=\"noopener noreferrer\">@donanuvemoficial<\/a><\/p>\n<p class=\"v1MsoNormal\"><b>Garage Eventos e Reuni\u00f5es<\/b>\u00a0\u2013 espa\u00e7o de eventos &#8211;\u00a0<a href=\"https:\/\/www.instagram.com\/casagaragebr\/\" target=\"_blank\" rel=\"noopener noreferrer\">@casagaragebr<\/a><\/p>\n<p class=\"v1MsoNormal\"><b>P2 Consultoria<\/b>\u00a0\u2013 consultoria de diversidade, inclus\u00e3o e ESG &#8211;\u00a0<a href=\"https:\/\/www.instagram.com\/p2interdiversidade\/\" target=\"_blank\" rel=\"noopener noreferrer\">@p2interdiversidade<\/a><\/p>\n<p class=\"v1MsoNormal\">\n<p class=\"v1MsoNormal\"><b>Sobre Yolk + Ana Paula Feitosa<\/b><\/p>\n<p class=\"v1MsoNormal\"><b><img decoding=\"async\" src=\"https:\/\/webmail.revistaempresarios.net\/cpsess9345268163\/3rdparty\/roundcube\/index.php?_task=mail&amp;_action=get&amp;_mbox=INBOX&amp;_uid=30542&amp;_token=QUXDXMCQwFboOcMtxdaVIYg8NcCK086m&amp;_part=1.3&amp;_embed=1&amp;_mimeclass=image\" alt=\"image002.jpg\" \/><\/b><b><\/b><\/p>\n<p class=\"v1MsoNormal\"><a href=\"https:\/\/www.instagram.com\/apfeitosa\/\" target=\"_blank\" rel=\"noopener noreferrer\"><b>@apfeitosa<\/b><\/a><b><\/b><\/p>\n<p class=\"v1MsoNormal\">Digital \u00e9 como a vida est\u00e1 acontecendo e a Yolk \u00e9 uma ag\u00eancia de comunica\u00e7\u00e3o que j\u00e1 nasceu digital. O objetivo do trabalho \u00e9 criar solu\u00e7\u00f5es assertivas e de muita qualidade, incluindo todo conte\u00fado digital, as rela\u00e7\u00f5es com influenciadores e com a imprensa, garantindo assim uma presen\u00e7a eficaz para cada marca\/empresa.<\/p>\n<p class=\"v1MsoNormal\">Yolk nasceu da certeza de que \u00e9 poss\u00edvel, por meio de uma comunica\u00e7\u00e3o coerente, estabelecer rela\u00e7\u00f5es e v\u00ednculos verdadeiros entre marcas e seus consumidores.<\/p>\n<p class=\"v1MsoNormal\">Ana Paula Feitosa \u00e9 formada em jornalismo pela PUC-SP, com especializa\u00e7\u00e3o em marketing pela ESPM, \u00e9 coapresentadora do podcast &#8220;N\u00f3s da Comunica\u00e7\u00e3o&#8221;, ministra palestras sobre Vida Digital Saud\u00e1vel e presta consultorias e mentorias para empresas e profissionais liberais, que buscam encontrar caminhos de posicionamento nas redes sociais.<\/p>\n<p class=\"v1MsoNormal\"><b><i>Cr\u00e9dito da foto: Larissa Felsen @larissafelsen<\/i><\/b><\/p>\n<p class=\"v1MsoNormal\"><b>Yolk Ag\u00eancia Digital\u00a0<\/b><\/p>\n<p class=\"v1MsoNormal\"><a href=\"http:\/\/www.agenciayolk.com.br\/\" target=\"_blank\" rel=\"noopener noreferrer\">www.agenciayolk.com.br<\/a><\/p>\n<p class=\"v1MsoNormal\"><span dir=\"ltr\">Rua Maranh\u00e3o, 554<\/span>, conjunto 32, Higien\u00f3polis, S\u00e3o Paulo, SP.<\/p>\n<p class=\"v1MsoNormal\">Telefone:\u00a0<span dir=\"ltr\">(11) 3571-2055<\/span><\/p>\n<p class=\"v1MsoNormal\">WhatsApp:\u00a0<span dir=\"ltr\">(11) 94570-5577<\/span><\/p>\n<p class=\"v1MsoNormal\">Hor\u00e1rio de funcionamento: de segunda a sexta, das 10h\u00a0<span dir=\"ltr\">\u00e0s 19h<\/span><\/p>\n<p class=\"v1MsoNormal\"><a href=\"https:\/\/www.facebook.com\/agenciayolk\/\" target=\"_blank\" rel=\"noopener noreferrer\">Facebook.com\/agenciayolk<\/a><\/p>\n<p class=\"v1MsoNormal\"><a href=\"https:\/\/www.instagram.com\/agenciayolk\/\" target=\"_blank\" rel=\"noopener noreferrer\">Instagram.com\/agenciayolk<\/a><\/p>\n<p class=\"v1MsoNormal\"><a href=\"https:\/\/www.linkedin.com\/company\/yolk-ag%C3%AAncia-digital\/?original_referer=https%3A%2F%2Fwww%2Egoogle%2Ecom%2F&amp;originalSubdomain=br\" target=\"_blank\" rel=\"noopener noreferrer\">Linkedin.com\/agenciayolk<\/a><\/p>\n","protected":false},"excerpt":{"rendered":"<p>Fundada e dirigida pela jornalista e especialista em comunica\u00e7\u00e3o digital,\u00a0Ana Paula Feitosa, a\u00a0Yolk Ag\u00eancia Digital\u00a0est\u00e1 em novo endere\u00e7o, na rua Maranh\u00e3o, em Higien\u00f3polis, e anuncia a conquista de tr\u00eas novas contas. Passam a integrar o time de clientes da ag\u00eancia\u00a0full service, as marcas\u00a0Dona Nuvem,\u00a0Garage Eventos e Reuni\u00f5es\u00a0e\u00a0P2 Consultoria, Sobre as novas contas: Dona Nuvem\u00a0\u2013 sorveteria [&hellip;]<\/p>\n","protected":false},"author":2,"featured_media":8317,"comment_status":"open","ping_status":"open","sticky":false,"template":"","format":"standard","meta":{"_jetpack_memberships_contains_paid_content":false,"_joinchat":[],"footnotes":""},"categories":[49,51,60],"tags":[6926],"featured_image_src":{"landsacpe":["https:\/\/revistaempresarios.net\/web\/wp-content\/uploads\/2023\/04\/image002-315x445.jpg",315,445,true],"list":["https:\/\/revistaempresarios.net\/web\/wp-content\/uploads\/2023\/04\/image002-315x348.jpg",315,348,true],"medium":["https:\/\/revistaempresarios.net\/web\/wp-content\/uploads\/2023\/04\/image002-200x300.jpg",200,300,true],"full":["https:\/\/revistaempresarios.net\/web\/wp-content\/uploads\/2023\/04\/image002.jpg",315,472,false]},"jetpack_sharing_enabled":true,"jetpack_featured_media_url":"https:\/\/revistaempresarios.net\/web\/wp-content\/uploads\/2023\/04\/image002.jpg","jetpack-related-posts":[],"_links":{"self":[{"href":"https:\/\/revistaempresarios.net\/web\/wp-json\/wp\/v2\/posts\/8316"}],"collection":[{"href":"https:\/\/revistaempresarios.net\/web\/wp-json\/wp\/v2\/posts"}],"about":[{"href":"https:\/\/revistaempresarios.net\/web\/wp-json\/wp\/v2\/types\/post"}],"author":[{"embeddable":true,"href":"https:\/\/revistaempresarios.net\/web\/wp-json\/wp\/v2\/users\/2"}],"replies":[{"embeddable":true,"href":"https:\/\/revistaempresarios.net\/web\/wp-json\/wp\/v2\/comments?post=8316"}],"version-history":[{"count":1,"href":"https:\/\/revistaempresarios.net\/web\/wp-json\/wp\/v2\/posts\/8316\/revisions"}],"predecessor-version":[{"id":8318,"href":"https:\/\/revistaempresarios.net\/web\/wp-json\/wp\/v2\/posts\/8316\/revisions\/8318"}],"wp:featuredmedia":[{"embeddable":true,"href":"https:\/\/revistaempresarios.net\/web\/wp-json\/wp\/v2\/media\/8317"}],"wp:attachment":[{"href":"https:\/\/revistaempresarios.net\/web\/wp-json\/wp\/v2\/media?parent=8316"}],"wp:term":[{"taxonomy":"category","embeddable":true,"href":"https:\/\/revistaempresarios.net\/web\/wp-json\/wp\/v2\/categories?post=8316"},{"taxonomy":"post_tag","embeddable":true,"href":"https:\/\/revistaempresarios.net\/web\/wp-json\/wp\/v2\/tags?post=8316"}],"curies":[{"name":"wp","href":"https:\/\/api.w.org\/{rel}","templated":true}]}}