{"id":8084,"date":"2023-04-21T12:20:26","date_gmt":"2023-04-21T15:20:26","guid":{"rendered":"https:\/\/revistaempresarios.net\/web\/?p=8084"},"modified":"2023-04-21T12:20:26","modified_gmt":"2023-04-21T15:20:26","slug":"shein-anuncia-investimento-de-r-750-milhoes-e-criacao-de-100-mil-empregos-no-brasil","status":"publish","type":"post","link":"https:\/\/revistaempresarios.net\/web\/2023\/04\/21\/shein-anuncia-investimento-de-r-750-milhoes-e-criacao-de-100-mil-empregos-no-brasil\/","title":{"rendered":"Shein anuncia investimento de R$ 750 milh\u00f5es e cria\u00e7\u00e3o de 100 mil empregos no Brasil"},"content":{"rendered":"<div class=\"entry-content__excerpt\">\n<h2>An\u00fancio acontece depois de reuni\u00e3o com o ministro da Fazenda, Fernando Haddad<\/h2>\n<\/div>\n<div class=\"sub-header\">\n<div class=\"sub-header__author\">\n<div class=\"article__author\">\n<p>A Shein confirmou, na tarde desta quinta-feira (20), que vai aderir ao \u201cplano de conformidade\u201d da Receita Federal para se adequar \u00e0s exig\u00eancias de tributa\u00e7\u00e3o e fiscaliza\u00e7\u00e3o brasileiras. O an\u00fancio vem depois de uma reuni\u00e3o da empresa com o ministro da Fazenda, Fernando Haddad, que\u00a0<a href=\"https:\/\/inteligenciafinanceira.com.br\/saiba\/empresas\/shein-plano-fazenda-fabrica-brasil\/\" target=\"_blank\" rel=\"noreferrer noopener\">adiantou as medidas mais cedo<\/a>.<\/p>\n<p>A empresa chinesa disse que far\u00e1 \u201cum grande investimento no Brasil\u201d e prometeu estabelecer parceria com dois mil fabricantes locais. A medida vai gerar \u201caproximadamente\u201d 100 mil empregos nos pr\u00f3ximos tr\u00eas anos no Brasil para produzir pe\u00e7as com a marca Shein.<\/p>\n<div class=\"content-area-styles\">\n<p>O investimento inicial ser\u00e1 de R$ 750 milh\u00f5es para capacitar fabricantes, que precisam se adequar ao modelo de produ\u00e7\u00e3o da varejista chinesa. A empresa afirma, inclusive, que um dos benef\u00edcios do investimento \u00e9 criar potencial aumento das exporta\u00e7\u00f5es com o onshoring (produ\u00e7\u00e3o no mercado onde o bem ser\u00e1 consumido).<\/p>\n<p>Em encontro hoje pela manh\u00e3 com Fernando Haddad, representantes da Shein tamb\u00e9m se comprometeram, em quatro anos, a nacionalizar 85% das suas vendas. Depois da reuni\u00e3o, o ministro disse que \u00c9 importante que eles (executivos da Shein) vejam o Brasil n\u00e3o apenas como mercado consumidor, mas tamb\u00e9m como produtor\u201d. Ele completou: \u201cqueremos investimentos estrangeiros. Apreciamos o com\u00e9rcio eletr\u00f4nico, mas queremos condi\u00e7\u00f5es competitivas para n\u00e3o prejudicar empregos no Brasil, as lojas do varejo brasileiro.\u201d<\/p>\n<p>O ministro da Fazenda ainda disse que outras plataformas, que concorrem com a Shein, devem seguir os passos da varejista chinesa. Ele disse estar em contato com AliExpress e Shopee.<\/p>\n<p>O an\u00fancio acontece ap\u00f3s o governo federal voltar atr\u00e1s no plano de taxar as transa\u00e7\u00f5es at\u00e9 US$ 50 entre pessoas f\u00edsicas, que gerou grande repercuss\u00e3o negativa. A proposta originou na Fazenda e fazia parte do plano de fontes de receita para aumentar o teto do novo Arcabou\u00e7o fiscal apresentado pelo governo. Mas a pedido do presidente Luiz In\u00e1cio Lula da Silva (PT),\u00a0<a href=\"https:\/\/inteligenciafinanceira.com.br\/web-stories\/shopee-shein-aliexpress-governo-imposto-china-compras\/\" target=\"_blank\" rel=\"noreferrer noopener\">Haddad vetou a ideia<\/a>.<\/p>\n<div id=\"croct-text\" class=\"croct\"><\/div>\n<\/div>\n<div class=\"likes-dislikes\">\n<div class=\"like_to_you2\"><\/div>\n<\/div>\n<aside id=\"newsletter-post\" class=\"aside-newsletter\"><\/aside>\n<\/div>\n<\/div>\n<\/div>\n","protected":false},"excerpt":{"rendered":"<p>An\u00fancio acontece depois de reuni\u00e3o com o ministro da Fazenda, Fernando Haddad A Shein confirmou, na tarde desta quinta-feira (20), que vai aderir ao \u201cplano de conformidade\u201d da Receita Federal para se adequar \u00e0s exig\u00eancias de tributa\u00e7\u00e3o e fiscaliza\u00e7\u00e3o brasileiras. O an\u00fancio vem depois de uma reuni\u00e3o da empresa com o ministro da Fazenda, Fernando [&hellip;]<\/p>\n","protected":false},"author":2,"featured_media":8085,"comment_status":"open","ping_status":"open","sticky":false,"template":"","format":"standard","meta":{"_jetpack_memberships_contains_paid_content":false,"footnotes":""},"categories":[51,54,57,60],"tags":[6851],"featured_image_src":{"landsacpe":["https:\/\/revistaempresarios.net\/web\/wp-content\/uploads\/2023\/04\/shein-compras-china-varejo-ecommerce-833x445.webp",833,445,true],"list":["https:\/\/revistaempresarios.net\/web\/wp-content\/uploads\/2023\/04\/shein-compras-china-varejo-ecommerce-463x348.webp",463,348,true],"medium":["https:\/\/revistaempresarios.net\/web\/wp-content\/uploads\/2023\/04\/shein-compras-china-varejo-ecommerce-300x169.webp",300,169,true],"full":["https:\/\/revistaempresarios.net\/web\/wp-content\/uploads\/2023\/04\/shein-compras-china-varejo-ecommerce.webp",833,469,false]},"jetpack_sharing_enabled":true,"jetpack_featured_media_url":"https:\/\/revistaempresarios.net\/web\/wp-content\/uploads\/2023\/04\/shein-compras-china-varejo-ecommerce.webp","jetpack-related-posts":[],"_links":{"self":[{"href":"https:\/\/revistaempresarios.net\/web\/wp-json\/wp\/v2\/posts\/8084"}],"collection":[{"href":"https:\/\/revistaempresarios.net\/web\/wp-json\/wp\/v2\/posts"}],"about":[{"href":"https:\/\/revistaempresarios.net\/web\/wp-json\/wp\/v2\/types\/post"}],"author":[{"embeddable":true,"href":"https:\/\/revistaempresarios.net\/web\/wp-json\/wp\/v2\/users\/2"}],"replies":[{"embeddable":true,"href":"https:\/\/revistaempresarios.net\/web\/wp-json\/wp\/v2\/comments?post=8084"}],"version-history":[{"count":1,"href":"https:\/\/revistaempresarios.net\/web\/wp-json\/wp\/v2\/posts\/8084\/revisions"}],"predecessor-version":[{"id":8086,"href":"https:\/\/revistaempresarios.net\/web\/wp-json\/wp\/v2\/posts\/8084\/revisions\/8086"}],"wp:featuredmedia":[{"embeddable":true,"href":"https:\/\/revistaempresarios.net\/web\/wp-json\/wp\/v2\/media\/8085"}],"wp:attachment":[{"href":"https:\/\/revistaempresarios.net\/web\/wp-json\/wp\/v2\/media?parent=8084"}],"wp:term":[{"taxonomy":"category","embeddable":true,"href":"https:\/\/revistaempresarios.net\/web\/wp-json\/wp\/v2\/categories?post=8084"},{"taxonomy":"post_tag","embeddable":true,"href":"https:\/\/revistaempresarios.net\/web\/wp-json\/wp\/v2\/tags?post=8084"}],"curies":[{"name":"wp","href":"https:\/\/api.w.org\/{rel}","templated":true}]}}