{"id":7916,"date":"2023-04-11T22:09:30","date_gmt":"2023-04-12T01:09:30","guid":{"rendered":"https:\/\/revistaempresarios.net\/web\/?p=7916"},"modified":"2023-04-11T22:09:51","modified_gmt":"2023-04-12T01:09:51","slug":"feicon-2023-abre-credenciamento-com-aumento-de-50-no-numero-de-marcas-expositoras","status":"publish","type":"post","link":"https:\/\/revistaempresarios.net\/web\/2023\/04\/11\/feicon-2023-abre-credenciamento-com-aumento-de-50-no-numero-de-marcas-expositoras\/","title":{"rendered":"FEICON 2023 abre credenciamento com aumento de 50% no n\u00famero de marcas expositoras"},"content":{"rendered":"<div class=\"blog-article-grid responsive-content-grid responsivegrid aem-GridColumn--default--none aem-GridColumn aem-GridColumn--default--8 aem-GridColumn--offset--default--0\">\n<div id=\"grid-a2360e95\" class=\"aem-Grid aem-Grid--8 aem-Grid--default--8 \">\n<div class=\"text aem-GridColumn aem-GridColumn--default--8\">\n<div id=\"text-47053ee074\" class=\"cmp-text\" data-rxtag-multiple=\"text\">\n<p>Organizadores apostam em edi\u00e7\u00e3o maior, em compara\u00e7\u00e3o com o ano passado, com atra\u00e7\u00f5es in\u00e9ditas na programa\u00e7\u00e3o; inscri\u00e7\u00f5es s\u00e3o on-line e gratuitas<\/p>\n<\/div>\n<\/div>\n<div class=\"text aem-GridColumn aem-GridColumn--default--8\">A FEICON, o maior evento de constru\u00e7\u00e3o civil da Am\u00e9rica Latina, anuncia que, a partir desta segunda-feira (16), estar\u00e1 aberto o credenciamento de visitantes para a sua 27\u00aa edi\u00e7\u00e3o, que acontece entre os dias 11 e 14 de abril, no S\u00e3o Paulo Expo (SP), em S\u00e3o Paulo capital. As inscri\u00e7\u00f5es devem ser feitas pelo site oficial do evento e s\u00e3o gratuitas para profissionais do setor.<\/div>\n<\/div>\n<\/div>\n<div class=\"blog-article-grid responsive-content-grid responsivegrid aem-GridColumn--default--none aem-GridColumn aem-GridColumn--default--8 aem-GridColumn--offset--default--0\">\n<div id=\"grid-495cc40e\" class=\"aem-Grid aem-Grid--8 aem-Grid--default--8 \">\n<div class=\"author-profile-metadata aem-GridColumn--default--none aem-GridColumn aem-GridColumn--offset--default--0 aem-GridColumn--default--4\">\n<div class=\"text aem-GridColumn aem-GridColumn--default--8\">\n<div id=\"text-7616a5461d\" class=\"cmp-text\" data-rxtag-multiple=\"text\">\n<p>Considerada uma das principais plataformas de gera\u00e7\u00e3o de neg\u00f3cios, atualiza\u00e7\u00e3o profissional e networking do setor, a feira trar\u00e1 uma s\u00e9rie de novidades e um n\u00famero 50% maior de marcas neste ano. A expectativa \u00e9 surpreender tanto os expositores quanto profissionais do varejo, distribui\u00e7\u00e3o,\u00a0 engenharia, arquitetura e de toda a ind\u00fastria, al\u00e9m de refor\u00e7ar o movimento positivo do setor, que fechou 2022 com crescimento de 10,9% no \u00cdndice Nacional da Constru\u00e7\u00e3o Civil (Sinapi), segundo informa\u00e7\u00f5es do IBGE divulgadas na ter\u00e7a-feira (10).<\/p>\n<p>Neste sentido, a RX \u2013 promotora e organizadora do evento &#8211; destaca algumas das atra\u00e7\u00f5es in\u00e9ditas deste ano, como a Rota de Tecnologia, patrocinada pela\u00a0<a href=\"https:\/\/www.mutua.com.br\/conheca-a-mutua\/\" data-dtm=\"text_body\" data-dtm-attributes=\"{&quot;href&quot;:&quot;https:\/\/www.mutua.com.br\/conheca-a-mutua\/&quot;,&quot;label&quot;:&quot;m\u00fatua&quot;}\">M\u00daTUA<\/a>\u00a0(Caixa de Assist\u00eancia dos Profissionais do Crea), com solu\u00e7\u00f5es e tecnologias construtivas inovadoras, selecionados por um comit\u00ea de especialistas na \u00e1rea. Outra atra\u00e7\u00e3o estreante ser\u00e1 o Lounge dos influenciadores, que refor\u00e7ar\u00e1 a participa\u00e7\u00e3o de formadores de opini\u00e3o do mercado no evento, al\u00e9m de oferecer uma programa\u00e7\u00e3o de conte\u00fados com os maiores especialistas no setor de constru\u00e7\u00e3o civil, arquitetura e tend\u00eancias dessa ind\u00fastria.<\/p>\n<p>A perspectiva \u00e9 superar o sucesso e os n\u00fameros recordes do evento de 2022. \u201cComo principal evento do setor e importante palco para lan\u00e7amento de tend\u00eancias e gera\u00e7\u00e3o de neg\u00f3cios dessa ind\u00fastria, queremos movimentar ainda mais o mercado e destacar todo o processo de inova\u00e7\u00e3o da constru\u00e7\u00e3o civil, trazendo um panorama amplo de estudos, debates, solu\u00e7\u00f5es, produtos e tecnologias que est\u00e3o transformando a \u00e1rea\u201d, ressalta L\u00facia Mourad, Gerente da FEICON.<\/p>\n<p><b>Outros destaques<\/b><\/p>\n<p>Al\u00e9m das novidades, atra\u00e7\u00f5es consideradas tradicionais tamb\u00e9m ter\u00e3o espa\u00e7o na edi\u00e7\u00e3o 2023. Uma delas, a Casa Cer\u00e2mica, modelo de projeto eficiente para conjuntos habitacionais, voltar\u00e1 a expor uma casa em tamanho real, com produtos modernos e que ao mesmo tempo trazem redu\u00e7\u00e3o de custo para construtores e p\u00fablico final.<\/p>\n<p>Outro destaque \u00e9 a Rota da Sustentabilidade, com marcas e produtos que atendem aos crit\u00e9rios de ESG selecionados por especialistas da Funda\u00e7\u00e3o Vanzolini em parceria com a Inovatech Engenharia.<\/p>\n<p>A grade de programa\u00e7\u00e3o contar\u00e1 com o N\u00facleo de Conte\u00fado \u2013 Atacado, Varejo e Distribui\u00e7\u00e3o, com curadoria da Grau 10 Editora e do Sincomavi, e do N\u00facleo de Conte\u00fado \u2013 Constru\u00e7\u00e3o, organizado pela Inovatech Engenharia.<\/p>\n<p>O retorno de expositores que s\u00e3o refer\u00eancia no mercado tamb\u00e9m ser\u00e1 um dos diferenciais. Lorenzetti, Astra e Stam s\u00e3o algumas das marcas que estar\u00e3o ao lado de players como Vonder, Juntos Somos Mais, Grupo Saint Gobain, Ferragens Negr\u00e3o e muitos outros.<\/p>\n<p>Vale destacar que o setor da constru\u00e7\u00e3o civil espera um crescimento de 2,5% em 2023, de acordo com a C\u00e2mara Brasileira da Ind\u00fastria da Constru\u00e7\u00e3o (CBIC). A proje\u00e7\u00e3o considera o ritmo de expans\u00e3o dos \u00faltimos tr\u00eas anos do segmento, acima da economia nacional, al\u00e9m do ciclo de neg\u00f3cios do mercado imobili\u00e1rio em andamento e da demanda habitacional s\u00f3lida. Ainda sobre essas tend\u00eancias e proje\u00e7\u00f5es, a CBIC, em parceria in\u00e9dita com a RX, apresentar\u00e1 a 96\u00aa edi\u00e7\u00e3o do ENIC durante a feira em abril.<\/p>\n<p>\u201cSabemos que essa ind\u00fastria tem um papel estrat\u00e9gico e essencial para o\u00a0 desenvolvimento do pa\u00eds, com gera\u00e7\u00e3o de neg\u00f3cios, emprego e renda, e o PIB do setor tem superado a m\u00e9dia nacional nos \u00faltimos anos. Por isso, a cada edi\u00e7\u00e3o buscamos surpreender os participantes, elevando o n\u00edvel das experi\u00eancias e atra\u00e7\u00f5es, impactando\u00a0 a gera\u00e7\u00e3o de neg\u00f3cios durante o ano\u201d, refor\u00e7a L\u00facia Mourad, Gerente da FEICON.<\/p>\n<p>Para participar do evento, as inscri\u00e7\u00f5es est\u00e3o dispon\u00edveis e devem ser feitas de acordo com as categorias:<\/p>\n<p>Para visitantes, em\u00a0<a href=\"https:\/\/bit.ly\/visitantefeicon2023\" data-dtm=\"text_body\" data-dtm-attributes=\"{&quot;href&quot;:&quot;https:\/\/bit.ly\/visitantefeicon2023&quot;,&quot;label&quot;:&quot;https:\/\/bit.ly\/visitantefeicon2023&quot;}\">https:\/\/bit.ly\/visitantefeicon2023<\/a><\/p>\n<p>Para jornalistas, em\u00a0<a href=\"https:\/\/bit.ly\/jornalistasimprensafeicon2023\" data-dtm=\"text_body\" data-dtm-attributes=\"{&quot;href&quot;:&quot;https:\/\/bit.ly\/jornalistasimprensafeicon2023&quot;,&quot;label&quot;:&quot;https:\/\/bit.ly\/jornalistasimprensafeicon2023&quot;}\">https:\/\/bit.ly\/jornalistasimprensafeicon2023<\/a>. A entrada de profissionais de imprensa ser\u00e1 liberada e organizada pela assessoria do evento.<\/p>\n<p><b>Sobre a FEICON<\/b><\/p>\n<p>Com 26 edi\u00e7\u00f5es, a FEICON \u00e9 o principal evento voltado para os mercados de constru\u00e7\u00e3o civil e arquitetura na Am\u00e9rica Latina, reconhecido como o ambiente perfeito para atualiza\u00e7\u00e3o, vis\u00e3o estrat\u00e9gica, inova\u00e7\u00e3o e contato direto com os principais players da constru\u00e7\u00e3o civil e arquitetura. Para mais informa\u00e7\u00f5es acesse:\u00a0<a href=\"https:\/\/www.feicon.com.br\/\" data-dtm=\"text_body\" data-dtm-attributes=\"{&quot;href&quot;:&quot;https:\/\/www.feicon.com.br\/&quot;,&quot;label&quot;:&quot;https:\/\/www.feicon.com.br&quot;}\">https:\/\/www.feicon.com.br<\/a>\u00a0.<\/p>\n<p><b>Sobre a RX<\/b><\/p>\n<p>A RX constr\u00f3i neg\u00f3cios para indiv\u00edduos, comunidades e organiza\u00e7\u00f5es. Usamos o poder dos eventos presenciais, combinando dados e produtos digitais para conectar pessoas oferecendo experi\u00eancias e oportunidades de neg\u00f3cios por meio de mais de 400 eventos realizados em 22 pa\u00edses e 43 diferentes setores da economia. \u00c9 apaixonada por causar impactos positivos na sociedade e est\u00e1 comprometida em criar um ambiente de trabalho inclusivo para todos. A RX faz parte da RELX, um provedor global de an\u00e1lises baseadas em informa\u00e7\u00f5es e ferramentas de decis\u00e3o para profissionais e clientes corporativos.\u00a0<a href=\"http:\/\/www.rxglobal.com\/\" data-dtm=\"text_body\" data-dtm-attributes=\"{&quot;href&quot;:&quot;http:\/\/www.rxglobal.com\/&quot;,&quot;label&quot;:&quot;www.rxglobal.com&quot;}\">www.rxglobal.com<\/a><\/p>\n<\/div>\n<\/div>\n<\/div>\n<div class=\"shareit aem-GridColumn--default--none aem-GridColumn aem-GridColumn--offset--default--0 aem-GridColumn--default--4\">\n<div class=\"shareit__base \" data-rx=\"shareIt\" data-rx-params-shareit=\"{ 'postTitle': 'FEICON 2023 abre credenciamento com aumento de 50% no n\u00famero de marcas em rela\u00e7\u00e3o \u00e0 sua \u00faltima edi\u00e7\u00e3o ' }\">\n<div class=\"shareit__container shareit__container--button-flat\">\n<div class=\"shareit__buttons shareit__buttons--icons-only\"><\/div>\n<\/div>\n<\/div>\n<\/div>\n<\/div>\n<\/div>\n","protected":false},"excerpt":{"rendered":"<p>Organizadores apostam em edi\u00e7\u00e3o maior, em compara\u00e7\u00e3o com o ano passado, com atra\u00e7\u00f5es in\u00e9ditas na programa\u00e7\u00e3o; inscri\u00e7\u00f5es s\u00e3o on-line e gratuitas A FEICON, o maior evento de constru\u00e7\u00e3o civil da Am\u00e9rica Latina, anuncia que, a partir desta segunda-feira (16), estar\u00e1 aberto o credenciamento de visitantes para a sua 27\u00aa edi\u00e7\u00e3o, que acontece entre os dias [&hellip;]<\/p>\n","protected":false},"author":2,"featured_media":7917,"comment_status":"open","ping_status":"open","sticky":false,"template":"","format":"standard","meta":{"_jetpack_memberships_contains_paid_content":false,"footnotes":""},"categories":[51,54,56,57,58,60],"tags":[6798],"featured_image_src":{"landsacpe":["https:\/\/revistaempresarios.net\/web\/wp-content\/uploads\/2023\/04\/310322-FEICON_WTF11101-1140x445.jpg",1140,445,true],"list":["https:\/\/revistaempresarios.net\/web\/wp-content\/uploads\/2023\/04\/310322-FEICON_WTF11101-463x348.jpg",463,348,true],"medium":["https:\/\/revistaempresarios.net\/web\/wp-content\/uploads\/2023\/04\/310322-FEICON_WTF11101-300x200.jpg",300,200,true],"full":["https:\/\/revistaempresarios.net\/web\/wp-content\/uploads\/2023\/04\/310322-FEICON_WTF11101.jpg",1488,992,false]},"jetpack_sharing_enabled":true,"jetpack_featured_media_url":"https:\/\/revistaempresarios.net\/web\/wp-content\/uploads\/2023\/04\/310322-FEICON_WTF11101.jpg","jetpack-related-posts":[],"_links":{"self":[{"href":"https:\/\/revistaempresarios.net\/web\/wp-json\/wp\/v2\/posts\/7916"}],"collection":[{"href":"https:\/\/revistaempresarios.net\/web\/wp-json\/wp\/v2\/posts"}],"about":[{"href":"https:\/\/revistaempresarios.net\/web\/wp-json\/wp\/v2\/types\/post"}],"author":[{"embeddable":true,"href":"https:\/\/revistaempresarios.net\/web\/wp-json\/wp\/v2\/users\/2"}],"replies":[{"embeddable":true,"href":"https:\/\/revistaempresarios.net\/web\/wp-json\/wp\/v2\/comments?post=7916"}],"version-history":[{"count":2,"href":"https:\/\/revistaempresarios.net\/web\/wp-json\/wp\/v2\/posts\/7916\/revisions"}],"predecessor-version":[{"id":7919,"href":"https:\/\/revistaempresarios.net\/web\/wp-json\/wp\/v2\/posts\/7916\/revisions\/7919"}],"wp:featuredmedia":[{"embeddable":true,"href":"https:\/\/revistaempresarios.net\/web\/wp-json\/wp\/v2\/media\/7917"}],"wp:attachment":[{"href":"https:\/\/revistaempresarios.net\/web\/wp-json\/wp\/v2\/media?parent=7916"}],"wp:term":[{"taxonomy":"category","embeddable":true,"href":"https:\/\/revistaempresarios.net\/web\/wp-json\/wp\/v2\/categories?post=7916"},{"taxonomy":"post_tag","embeddable":true,"href":"https:\/\/revistaempresarios.net\/web\/wp-json\/wp\/v2\/tags?post=7916"}],"curies":[{"name":"wp","href":"https:\/\/api.w.org\/{rel}","templated":true}]}}