{"id":7733,"date":"2023-03-27T21:42:55","date_gmt":"2023-03-28T00:42:55","guid":{"rendered":"https:\/\/revistaempresarios.net\/web\/?p=7733"},"modified":"2023-03-27T21:43:28","modified_gmt":"2023-03-28T00:43:28","slug":"amanha-28-de-marco-santos-recebera-um-dos-principais-eventos-voltados-a-inovacao-e-negocios-do-brasil-o-bu-connect","status":"publish","type":"post","link":"https:\/\/revistaempresarios.net\/web\/2023\/03\/27\/amanha-28-de-marco-santos-recebera-um-dos-principais-eventos-voltados-a-inovacao-e-negocios-do-brasil-o-bu-connect\/","title":{"rendered":"Amanh\u00e3 28 de mar\u00e7o, Santos receber\u00e1  um dos principais eventos voltados a inova\u00e7\u00e3o e neg\u00f3cios do Brasil, o B\u00dc Connect"},"content":{"rendered":"<p>Amanh\u00e3 28 de mar\u00e7o, Santos receber\u00e1 \u00a0um dos principais eventos voltados a inova\u00e7\u00e3o e neg\u00f3cios do Brasil, o B\u00dc Connect, que contar\u00e1 com a \u00b4presen\u00e7a de empreendedores, pequenas e m\u00e9dias empresas e statups (empresas com potencial de crescimento). A atividade \u00e9 gratuita, e ser\u00e1 realizada das 17h \u00e0s 21h, no Centro de Cultura Patr\u00edcia Galv\u00e3o (Av. Pinheiro Machado, 48, Vila Mathias \u2013 Teatro Municipal).<\/p>\n<p>A organiza\u00e7\u00e3o solicita aos participantes a doa\u00e7\u00e3o volunt\u00e1ria de um ovo de P\u00e1scoa de 150g, que ser\u00e1 destinado \u00e0 campanha do Fundo Social de Solidariedade (FSS) de Santos.<\/p>\n<p><strong>O evento conta com o apoio do Grupo Empres\u00e1rios<\/strong><\/p>\n<p>Jamir Silva, Jornalista e Ceo do Grupo Empres\u00e1rios composto pela \u00a0<strong>Revista Empres\u00e1rios e Portal de Noticias,<\/strong> realizou uma entrevista com \u00a0Ricardo de Souza, conhecido como Souza, que \u00a0foi um dos executivos chefes do Grupo Movile, empresa que impulsionou v\u00e1rias famosas, como Wavy, PlayKids, Leiturinha, Maplink, IngressoR\u00e1pido, Sympla, iFood e outras.<\/p>\n<p>Souza criou um m\u00e9todo para empresas e starups que est\u00e3o querendo atingir todo o seu potencial, trazendo o conhecimento necess\u00e1rio, com base nos mais de 15 anos impulsionando empresas no Brasil e no mundo. Tamb\u00e9m, incluindo as startups no networking que ele formou neste mercado, trazendo investimentos e mentores.<\/p>\n<p>Segundo Silva, em breve a entrevista estar\u00e1 dispon\u00edvel no Canal da Revista Empres\u00e1rios https:\/\/revistaempresarios.net\/web\/category\/video\/<\/p>\n","protected":false},"excerpt":{"rendered":"<p>Amanh\u00e3 28 de mar\u00e7o, Santos receber\u00e1 \u00a0um dos principais eventos voltados a inova\u00e7\u00e3o e neg\u00f3cios do Brasil, o B\u00dc Connect, que contar\u00e1 com a \u00b4presen\u00e7a de empreendedores, pequenas e m\u00e9dias empresas e statups (empresas com potencial de crescimento). A atividade \u00e9 gratuita, e ser\u00e1 realizada das 17h \u00e0s 21h, no Centro de Cultura Patr\u00edcia Galv\u00e3o [&hellip;]<\/p>\n","protected":false},"author":2,"featured_media":7734,"comment_status":"open","ping_status":"open","sticky":false,"template":"","format":"standard","meta":{"_jetpack_memberships_contains_paid_content":false,"footnotes":""},"categories":[51,56,57,60,62],"tags":[6721,6723,6722],"featured_image_src":{"landsacpe":["https:\/\/revistaempresarios.net\/web\/wp-content\/uploads\/2023\/03\/a1bd94d7-77d8-4307-8fa6-998a0932e190-1140x445.jpg",1140,445,true],"list":["https:\/\/revistaempresarios.net\/web\/wp-content\/uploads\/2023\/03\/a1bd94d7-77d8-4307-8fa6-998a0932e190-463x348.jpg",463,348,true],"medium":["https:\/\/revistaempresarios.net\/web\/wp-content\/uploads\/2023\/03\/a1bd94d7-77d8-4307-8fa6-998a0932e190-300x225.jpg",300,225,true],"full":["https:\/\/revistaempresarios.net\/web\/wp-content\/uploads\/2023\/03\/a1bd94d7-77d8-4307-8fa6-998a0932e190.jpg",1600,1200,false]},"jetpack_sharing_enabled":true,"jetpack_featured_media_url":"https:\/\/revistaempresarios.net\/web\/wp-content\/uploads\/2023\/03\/a1bd94d7-77d8-4307-8fa6-998a0932e190.jpg","jetpack-related-posts":[],"_links":{"self":[{"href":"https:\/\/revistaempresarios.net\/web\/wp-json\/wp\/v2\/posts\/7733"}],"collection":[{"href":"https:\/\/revistaempresarios.net\/web\/wp-json\/wp\/v2\/posts"}],"about":[{"href":"https:\/\/revistaempresarios.net\/web\/wp-json\/wp\/v2\/types\/post"}],"author":[{"embeddable":true,"href":"https:\/\/revistaempresarios.net\/web\/wp-json\/wp\/v2\/users\/2"}],"replies":[{"embeddable":true,"href":"https:\/\/revistaempresarios.net\/web\/wp-json\/wp\/v2\/comments?post=7733"}],"version-history":[{"count":2,"href":"https:\/\/revistaempresarios.net\/web\/wp-json\/wp\/v2\/posts\/7733\/revisions"}],"predecessor-version":[{"id":7736,"href":"https:\/\/revistaempresarios.net\/web\/wp-json\/wp\/v2\/posts\/7733\/revisions\/7736"}],"wp:featuredmedia":[{"embeddable":true,"href":"https:\/\/revistaempresarios.net\/web\/wp-json\/wp\/v2\/media\/7734"}],"wp:attachment":[{"href":"https:\/\/revistaempresarios.net\/web\/wp-json\/wp\/v2\/media?parent=7733"}],"wp:term":[{"taxonomy":"category","embeddable":true,"href":"https:\/\/revistaempresarios.net\/web\/wp-json\/wp\/v2\/categories?post=7733"},{"taxonomy":"post_tag","embeddable":true,"href":"https:\/\/revistaempresarios.net\/web\/wp-json\/wp\/v2\/tags?post=7733"}],"curies":[{"name":"wp","href":"https:\/\/api.w.org\/{rel}","templated":true}]}}