{"id":7730,"date":"2023-03-27T16:28:58","date_gmt":"2023-03-27T19:28:58","guid":{"rendered":"https:\/\/revistaempresarios.net\/web\/?p=7730"},"modified":"2023-03-27T16:28:58","modified_gmt":"2023-03-27T19:28:58","slug":"land-rover-planeja-transformar-fabrica-no-brasil-em-polo-de-producao-de-eletricos-ate-2030","status":"publish","type":"post","link":"https:\/\/revistaempresarios.net\/web\/2023\/03\/27\/land-rover-planeja-transformar-fabrica-no-brasil-em-polo-de-producao-de-eletricos-ate-2030\/","title":{"rendered":"Land Rover planeja transformar f\u00e1brica no Brasil em polo de produ\u00e7\u00e3o de el\u00e9tricos at\u00e9 2030"},"content":{"rendered":"<p>A Land Rover planeja suspender a produ\u00e7\u00e3o de ve\u00edculos a combust\u00e3o em todo o mundo a partir de 2030,<em>\u00a0conforme publicado no Valor Econ\u00f4mico<\/em>. Isso implica que a f\u00e1brica em Itatiaia (RJ), atualmente respons\u00e1vel apenas pela produ\u00e7\u00e3o de ve\u00edculos a combust\u00e3o, ter\u00e1 que ser fechada caso n\u00e3o ocorra uma mudan\u00e7a na linha de modelos. Entretanto, a empresa pretende incluir o Brasil na produ\u00e7\u00e3o de el\u00e9tricos e at\u00e9 export\u00e1-los para os Estados Unidos, segundo Fran\u00e7ois Dossa, diretor global de estrat\u00e9gia e sustentabilidade do grupo Jaguar Land Rover.<\/p>\n<p>A f\u00e1brica brasileira da Land Rover, inaugurada em 2016, \u00e9 uma estrutura menor em compara\u00e7\u00e3o \u00e0s grandes montadoras, com menos de 500 funcion\u00e1rios e foco no segmento de utilit\u00e1rios de luxo. A produ\u00e7\u00e3o local respondeu por 30% dos cerca de 700 ve\u00edculos<\/p>\n<div class=\"td-a-rec td-a-rec-id-content_inline  tdi_2 td_block_template_1\">\n<div class=\"n2-section-smartslider fitvidsignore\" tabindex=\"0\" role=\"region\" data-ssid=\"6\" aria-label=\"Slider\">\n<div id=\"n2-ss-6-align\" class=\"n2-ss-align n2-ss-align-visible\">\n<div class=\"n2-padding\">\n<div id=\"n2-ss-6\" class=\"n2-ss-slider n2-ow n2-has-hover n2-ss-desktopPortrait n2-ss-loaded\" data-creator=\"Smart Slider 3\" data-responsive=\"auto\" data-device-mode=\"desktopPortrait\">\n<div class=\"n2-ss-slider-1 n2_ss__touch_element n2-ow\">\n<div class=\"n2-ss-slider-2 n2-ow\">\n<div class=\"n2-ss-slider-3 n2-ow\">\n<div class=\"n2-ss-slide-backgrounds n2-ow-all\">\n<div class=\"n2-ss-slide-background\" data-public-id=\"1\" data-mode=\"center\">\n<div class=\"n2-ss-slide-background-color\" data-color=\"RGBA(255,255,255,0)\"><\/div>\n<\/div>\n<\/div>\n<\/div>\n<\/div>\n<\/div>\n<\/div>\n<\/div>\n<\/div>\n<\/div>\n<\/div>\n","protected":false},"excerpt":{"rendered":"<p>A Land Rover planeja suspender a produ\u00e7\u00e3o de ve\u00edculos a combust\u00e3o em todo o mundo a partir de 2030,\u00a0conforme publicado no Valor Econ\u00f4mico. Isso implica que a f\u00e1brica em Itatiaia (RJ), atualmente respons\u00e1vel apenas pela produ\u00e7\u00e3o de ve\u00edculos a combust\u00e3o, ter\u00e1 que ser fechada caso n\u00e3o ocorra uma mudan\u00e7a na linha de modelos. Entretanto, a [&hellip;]<\/p>\n","protected":false},"author":2,"featured_media":7731,"comment_status":"open","ping_status":"open","sticky":false,"template":"","format":"standard","meta":{"_jetpack_memberships_contains_paid_content":false,"_joinchat":[],"footnotes":""},"categories":[51,52,54,57,60],"tags":[6720],"featured_image_src":{"landsacpe":["https:\/\/revistaempresarios.net\/web\/wp-content\/uploads\/2023\/03\/Range-Rover-Sport-1140x445.webp",1140,445,true],"list":["https:\/\/revistaempresarios.net\/web\/wp-content\/uploads\/2023\/03\/Range-Rover-Sport-463x348.webp",463,348,true],"medium":["https:\/\/revistaempresarios.net\/web\/wp-content\/uploads\/2023\/03\/Range-Rover-Sport-300x169.webp",300,169,true],"full":["https:\/\/revistaempresarios.net\/web\/wp-content\/uploads\/2023\/03\/Range-Rover-Sport.webp",1280,720,false]},"jetpack_sharing_enabled":true,"jetpack_featured_media_url":"https:\/\/revistaempresarios.net\/web\/wp-content\/uploads\/2023\/03\/Range-Rover-Sport.webp","jetpack-related-posts":[],"_links":{"self":[{"href":"https:\/\/revistaempresarios.net\/web\/wp-json\/wp\/v2\/posts\/7730"}],"collection":[{"href":"https:\/\/revistaempresarios.net\/web\/wp-json\/wp\/v2\/posts"}],"about":[{"href":"https:\/\/revistaempresarios.net\/web\/wp-json\/wp\/v2\/types\/post"}],"author":[{"embeddable":true,"href":"https:\/\/revistaempresarios.net\/web\/wp-json\/wp\/v2\/users\/2"}],"replies":[{"embeddable":true,"href":"https:\/\/revistaempresarios.net\/web\/wp-json\/wp\/v2\/comments?post=7730"}],"version-history":[{"count":1,"href":"https:\/\/revistaempresarios.net\/web\/wp-json\/wp\/v2\/posts\/7730\/revisions"}],"predecessor-version":[{"id":7732,"href":"https:\/\/revistaempresarios.net\/web\/wp-json\/wp\/v2\/posts\/7730\/revisions\/7732"}],"wp:featuredmedia":[{"embeddable":true,"href":"https:\/\/revistaempresarios.net\/web\/wp-json\/wp\/v2\/media\/7731"}],"wp:attachment":[{"href":"https:\/\/revistaempresarios.net\/web\/wp-json\/wp\/v2\/media?parent=7730"}],"wp:term":[{"taxonomy":"category","embeddable":true,"href":"https:\/\/revistaempresarios.net\/web\/wp-json\/wp\/v2\/categories?post=7730"},{"taxonomy":"post_tag","embeddable":true,"href":"https:\/\/revistaempresarios.net\/web\/wp-json\/wp\/v2\/tags?post=7730"}],"curies":[{"name":"wp","href":"https:\/\/api.w.org\/{rel}","templated":true}]}}