{"id":7651,"date":"2023-03-24T14:54:56","date_gmt":"2023-03-24T17:54:56","guid":{"rendered":"https:\/\/revistaempresarios.net\/web\/?p=7651"},"modified":"2023-03-24T14:54:56","modified_gmt":"2023-03-24T17:54:56","slug":"apenas-em-janeiro-previdencia-privada-cresceu-331-sobre-2022","status":"publish","type":"post","link":"https:\/\/revistaempresarios.net\/web\/2023\/03\/24\/apenas-em-janeiro-previdencia-privada-cresceu-331-sobre-2022\/","title":{"rendered":"Apenas em janeiro, previd\u00eancia privada cresceu 33,1% sobre 2022"},"content":{"rendered":"<div class=\"itemBody\">\n<div class=\"itemIntroText\">\n<p>Resultado se refere \u00e0 capta\u00e7\u00e3o l\u00edquida do m\u00eas (contribui\u00e7\u00f5es menos os resgates), em compara\u00e7\u00e3o ao mesmo m\u00eas do ano anterior<\/p>\n<\/div>\n<div class=\"itemFullText\">\n<p>Enquanto a poupan\u00e7a bate recorde de saques em janeiro de 2023 e o Tesouro Direto tem emiss\u00e3o l\u00edquida de t\u00edtulos, negativa, a capta\u00e7\u00e3o l\u00edquida dos planos de previd\u00eancia privada no m\u00eas de janeiro de 2023 cresceu 33,1% em rela\u00e7\u00e3o ao mesmo m\u00eas do ano anterior, totalizando R$ 1,7 bilh\u00e3o.<\/p>\n<p>Esse resultado foi fortemente impactado pelo crescimento de 20% na capta\u00e7\u00e3o bruta, quando comparada a janeiro do ano passado, totalizando R$ 13,9 bilh\u00f5es, o maior resultado para o m\u00eas de janeiro desde o in\u00edcio da s\u00e9rie hist\u00f3rica (de quando a quando?). Desse montante, 91% foram realizadas em planos individuais, 8% em planos coletivos e 2% em planos para menores de idade.<\/p>\n<p>Os resgates cresceram 18,4%, na mesma base de compara\u00e7\u00e3o, totalizando R$ 12,3 bilh\u00f5es no m\u00eas, sendo54% resgates parciais e o demais resgates totais. Ademais, o total de ativos do setor ultrapassa os R$ 1,2 trilh\u00e3o, correspondendo a, aproximadamente, 12,5% do PIB nacional e registrando alta de 13,2% em rela\u00e7\u00e3o ao valor de janeiro de 2022.<\/p>\n<p><strong>Resultado por produto<\/strong><\/p>\n<p>O levantamento permite, ainda, segmentar as informa\u00e7\u00f5es conforme o produto contratado. Dos 13,8 milh\u00f5es de planos comercializados no pa\u00eds at\u00e9 janeiro de 2023, 61% foram do tipo VGBL (Vida Gerador de Benef\u00edcio Livre), 21% em PGBL (Plano Gerador de Benef\u00edcio Livre) e os demais 18% nos planos Tradicionais ou FAPI.<\/p>\n<p>Quanto \u00e0 capta\u00e7\u00e3o bruta especificamente por plano, 93% s\u00e3o em VGBL; 6% em PGBL e 1% nos planos tradicionais. Em aportes foram mais de R$ 12,9 bilh\u00f5es em pr\u00eamios no VGBL, R$ 788 milh\u00f5es em contribui\u00e7\u00f5es no PGBL e de R$ 234 milh\u00f5es nos planos tradicionais. Ao mesmo tempo, 83% dos resgates foram em VGBL, 15% no PGBL e 2% nos demais.<\/p>\n<p><strong>Compara\u00e7\u00e3o Internacional<\/strong><\/p>\n<p>Recentemente a Organiza\u00e7\u00e3o para a Coopera\u00e7\u00e3o e Desenvolvimento Econ\u00f4mico &#8211; OCDE divulgou um levantamento que permite comparar o n\u00edvel de reservas previdenci\u00e1rias em rela\u00e7\u00e3o ao PIB de 71 pa\u00edses para 2021. O Brasil ocupa a 26\u00aa posi\u00e7\u00e3o nesse ranking, atr\u00e1s de Nova Zelandia, Jamaica, Cro\u00e1cia, Singapura, Estados Unidos e Dinamarca, que liderou o estudo. Ao mesmo tempo, o pa\u00eds estava \u00e0 frente do Paquist\u00e3o, \u00faltimo colocado, Portugal, Espanha, China, Angola e Mal\u00e1sia.<\/p>\n<p>Para a Am\u00e9rica Latina, Para a Am\u00e9rica Latina, o estudo abarca dez pa\u00edses, entre os quais o Brasil ocupa a sexta posi\u00e7\u00e3o. O Chile foi o primeiro colocado na regi\u00e3o, e outros como Col\u00f4mbia e Uruguai possuem um maior volume de ativos previdenci\u00e1rios em rela\u00e7\u00e3o ao PIB do que aqui. Por outro lado, o pa\u00eds superou o resultado do Panam\u00e1, \u00faltimo colocado na regi\u00e3o, Guiana, Suriname e Peru.<\/p>\n<\/div>\n<\/div>\n<div class=\"e-mailit_toolbox circular  size48\">\n<div class=\"e-mailit_btn_EMAILiT\"><\/div>\n<\/div>\n","protected":false},"excerpt":{"rendered":"<p>Resultado se refere \u00e0 capta\u00e7\u00e3o l\u00edquida do m\u00eas (contribui\u00e7\u00f5es menos os resgates), em compara\u00e7\u00e3o ao mesmo m\u00eas do ano anterior Enquanto a poupan\u00e7a bate recorde de saques em janeiro de 2023 e o Tesouro Direto tem emiss\u00e3o l\u00edquida de t\u00edtulos, negativa, a capta\u00e7\u00e3o l\u00edquida dos planos de previd\u00eancia privada no m\u00eas de janeiro de 2023 [&hellip;]<\/p>\n","protected":false},"author":2,"featured_media":7652,"comment_status":"open","ping_status":"open","sticky":false,"template":"","format":"standard","meta":{"_jetpack_memberships_contains_paid_content":false,"footnotes":""},"categories":[51,53,54,60],"tags":[6695,6693,6694],"featured_image_src":{"landsacpe":["https:\/\/revistaempresarios.net\/web\/wp-content\/uploads\/2023\/03\/78baf18d10235b1f2c62603b45469761_XL-1140x445.jpg",1140,445,true],"list":["https:\/\/revistaempresarios.net\/web\/wp-content\/uploads\/2023\/03\/78baf18d10235b1f2c62603b45469761_XL-463x348.jpg",463,348,true],"medium":["https:\/\/revistaempresarios.net\/web\/wp-content\/uploads\/2023\/03\/78baf18d10235b1f2c62603b45469761_XL-300x200.jpg",300,200,true],"full":["https:\/\/revistaempresarios.net\/web\/wp-content\/uploads\/2023\/03\/78baf18d10235b1f2c62603b45469761_XL.jpg",1220,815,false]},"jetpack_sharing_enabled":true,"jetpack_featured_media_url":"https:\/\/revistaempresarios.net\/web\/wp-content\/uploads\/2023\/03\/78baf18d10235b1f2c62603b45469761_XL.jpg","jetpack-related-posts":[],"_links":{"self":[{"href":"https:\/\/revistaempresarios.net\/web\/wp-json\/wp\/v2\/posts\/7651"}],"collection":[{"href":"https:\/\/revistaempresarios.net\/web\/wp-json\/wp\/v2\/posts"}],"about":[{"href":"https:\/\/revistaempresarios.net\/web\/wp-json\/wp\/v2\/types\/post"}],"author":[{"embeddable":true,"href":"https:\/\/revistaempresarios.net\/web\/wp-json\/wp\/v2\/users\/2"}],"replies":[{"embeddable":true,"href":"https:\/\/revistaempresarios.net\/web\/wp-json\/wp\/v2\/comments?post=7651"}],"version-history":[{"count":1,"href":"https:\/\/revistaempresarios.net\/web\/wp-json\/wp\/v2\/posts\/7651\/revisions"}],"predecessor-version":[{"id":7653,"href":"https:\/\/revistaempresarios.net\/web\/wp-json\/wp\/v2\/posts\/7651\/revisions\/7653"}],"wp:featuredmedia":[{"embeddable":true,"href":"https:\/\/revistaempresarios.net\/web\/wp-json\/wp\/v2\/media\/7652"}],"wp:attachment":[{"href":"https:\/\/revistaempresarios.net\/web\/wp-json\/wp\/v2\/media?parent=7651"}],"wp:term":[{"taxonomy":"category","embeddable":true,"href":"https:\/\/revistaempresarios.net\/web\/wp-json\/wp\/v2\/categories?post=7651"},{"taxonomy":"post_tag","embeddable":true,"href":"https:\/\/revistaempresarios.net\/web\/wp-json\/wp\/v2\/tags?post=7651"}],"curies":[{"name":"wp","href":"https:\/\/api.w.org\/{rel}","templated":true}]}}