{"id":7574,"date":"2023-03-21T15:53:53","date_gmt":"2023-03-21T18:53:53","guid":{"rendered":"https:\/\/revistaempresarios.net\/web\/?p=7574"},"modified":"2023-03-21T16:07:44","modified_gmt":"2023-03-21T19:07:44","slug":"evento-de-inovacao-e-negocios-quer-inspirar-pequenas-e-medias-empresas-no-desenvolvimento-de-santos","status":"publish","type":"post","link":"https:\/\/revistaempresarios.net\/web\/2023\/03\/21\/evento-de-inovacao-e-negocios-quer-inspirar-pequenas-e-medias-empresas-no-desenvolvimento-de-santos\/","title":{"rendered":"Evento de inova\u00e7\u00e3o e neg\u00f3cios quer inspirar pequenas e medias empresas no desenvolvimento de Santos"},"content":{"rendered":"<p>Santos receber\u00e1 neste m\u00eas um dos principais eventos voltados a inova\u00e7\u00e3o e neg\u00f3cios do Brasil, o B\u00dc Connect, voltado para empreendedores, pequenas e m\u00e9dias empresas e statups (empresas com potencial de crescimento). A atividade \u00e9 gratuita, mediante inscri\u00e7\u00e3o pr\u00e9via pelo site https:\/\/santos.buconnect.com.br\/ , e ser\u00e1 realizada dia 28, das 17h \u00e0s 21h, no Centro de Cultura Patr\u00edcia Galv\u00e3o (Av. Pinheiro Machado, 48, Vila Mathias \u2013 Teatro Municipal).<\/p>\n<p>A organiza\u00e7\u00e3o solicita aos participantes a doa\u00e7\u00e3o volunt\u00e1ria de um ovo de P\u00e1scoa de 150g, que ser\u00e1 destinado \u00e0 campanha do Fundo Social de Solidariedade (FSS) de Santos (https:\/\/www.santos.sp.gov.br\/?q=noticia\/fundo-de-solidariedade-de-santos-aceita-doacoes-para-campanha-de-pascoa . O item deve ser entregue no dia do evento.<br \/>\nO B\u00dc Connect \u00e9 uma realiza\u00e7\u00e3o da aceleradora de startups Be You Education (https:\/\/beyoueducation.com.br\/) com apoio de empresas do ramo de tecnologia: Amazon, Mercado Livre, Nvidia, DHL, Genesis, InovBra habitat e Bradesco. A edi\u00e7\u00e3o de Santos tamb\u00e9m conta com o apoio institucional da Prefeitura, por meio da Secretaria de Governo (Segov), e da Funda\u00e7\u00e3o Parque Tecnol\u00f3gico de Santos.<\/p>\n<p><strong>CASES DE SUCESSO<\/strong><\/p>\n<p>O evento \u00e9 no formato tipo \u2018TED Talk\u2019 empresarial, com palestras de curta dura\u00e7\u00e3o (cerca de 15 minutos) e pain\u00e9is de perguntas e debates. As exposi\u00e7\u00f5es s\u00e3o de l\u00edderes das maiores empresas do mundo, que apresentam seus cases de sucesso \u2013 confira a programa\u00e7\u00e3o abaixo.<\/p>\n<p>\u201cEste \u00e9 um evento de inova\u00e7\u00e3o e intelig\u00eancia estrat\u00e9gica para empreendedores e startups que buscam transformar seus neg\u00f3cios em empresas de sucesso. Acreditamos e incentivamos a economia colaborativa, trazendo pessoas que as empresas locais n\u00e3o teriam f\u00e1cil acesso\u201d, explica Ricardo Souza, CEO da Be You Education, que ajudou a impulsionar empresas como iFood, Sympla e IngressoR\u00e1pido.<\/p>\n<p>\u201cSantos tem ampla estrutura\u00e7\u00e3o na \u00e1rea de tecnologia, com uma rede de fibra \u00f3ptica de mais de 400km e o Centro de Controle Operacional (CCO), e voca\u00e7\u00e3o para ser um dos principais centros de inova\u00e7\u00e3o do Pa\u00eds, principalmente por causa dos segmentos portu\u00e1rio e tur\u00edstico. Eventos como esse s\u00e3o fundamentais para engajar os diversos atores e contribuir nesta constru\u00e7\u00e3o\u201d, destaca o secret\u00e1rio municipal de Governo, F\u00e1bio Ferraz.<\/p>\n<p>O mesmo \u00e9 ressaltado pelo diretor t\u00e9cnico do Parque Tecnol\u00f3gico de Santos, Gabriel Miceli. &#8220;A reuni\u00e3o de empreendedores, investidores e especialistas \u00e9 essencial para a troca de conhecimentos e de experi\u00eancias e propicia oportunidades para o desenvolvimento de novos neg\u00f3cios e a acelera\u00e7\u00e3o dos j\u00e1 existentes em nossa regi\u00e3o\u201d.<\/p>\n<p><strong>Confira a programa\u00e7\u00e3o do evento:<\/strong><\/p>\n<p>Dia 28 (Ter\u00e7a-feira)<\/p>\n<p>17h30 &#8211; \u2018Trazendo milhares de leads gr\u00e1tis por m\u00eas\u2019<br \/>\nFernanda Carmo \u2013 CMO da Be You Education, vice-Presidente da associa\u00e7\u00e3o AnaMid-MG, business relationship executive da IN8 e CEO da ag\u00eancia GRUP.<\/p>\n<p>18h \u2013 Cerim\u00f4nia de abertura<\/p>\n<p>18h30 \u2013 \u2018Como ter dinheiro, conhecimento e mentoria em seus neg\u00f3cios\u2019<br \/>\nRicardo Souza &#8211; CEO da Be You Connect, foi um dos executivos-chave da Movile, empresa que acelerou grandes nomes do mercado como PlayKids, Leiturinha, Sympla, Wavy e iFood.<\/p>\n<p>19h- \u2018Intelig\u00eancia artificial na pr\u00e1tica\u2019<br \/>\nJo\u00e3o Galdino &#8211; CEO da Genesys, especialista em sistemas de manuten\u00e7\u00e3o, engenharia cl\u00ednica, hospitalar, calibra\u00e7\u00e3o RBC, BI e intelig\u00eancia artificial voltada a empresas e institui\u00e7\u00f5es de sa\u00fade.<\/p>\n<p>19h30 \u2013 \u2018Inova\u00e7\u00f5es de 1\u00ba Mundo\u2019<br \/>\nLilio Neto &#8211; Head de Inova\u00e7\u00e3o da DHL e criador do instituto Inova em A\u00e7\u00e3o, incentiva startups a crescerem por meio de grandes corpora\u00e7\u00f5es.<\/p>\n<p>20h \u2013 \u2018Investimentos para Empresas\u2019<br \/>\nConvidado surpresa<\/p>\n<p>20h30 \u2013 \u2018Como a Nvidia acelera empresas do zero ao bilh\u00e3o\u2019<br \/>\nGuilherme Fuhrken &#8211; Manager da NVIDIA LATAM, especialista em processamento, intelig\u00eancia artificial e redes neurais.<\/p>\n","protected":false},"excerpt":{"rendered":"<p>Santos receber\u00e1 neste m\u00eas um dos principais eventos voltados a inova\u00e7\u00e3o e neg\u00f3cios do Brasil, o B\u00dc Connect, voltado para empreendedores, pequenas e m\u00e9dias empresas e statups (empresas com potencial de crescimento). A atividade \u00e9 gratuita, mediante inscri\u00e7\u00e3o pr\u00e9via pelo site https:\/\/santos.buconnect.com.br\/ , e ser\u00e1 realizada dia 28, das 17h \u00e0s 21h, no Centro de [&hellip;]<\/p>\n","protected":false},"author":2,"featured_media":7580,"comment_status":"open","ping_status":"open","sticky":false,"template":"","format":"standard","meta":{"_jetpack_memberships_contains_paid_content":false,"footnotes":""},"categories":[51,56,57,58,60,62],"tags":[6649],"featured_image_src":{"landsacpe":["https:\/\/revistaempresarios.net\/web\/wp-content\/uploads\/2023\/03\/a60b3881-e9a3-4c69-8f80-39deb0813b67-1140x445.jpg",1140,445,true],"list":["https:\/\/revistaempresarios.net\/web\/wp-content\/uploads\/2023\/03\/a60b3881-e9a3-4c69-8f80-39deb0813b67-463x348.jpg",463,348,true],"medium":["https:\/\/revistaempresarios.net\/web\/wp-content\/uploads\/2023\/03\/a60b3881-e9a3-4c69-8f80-39deb0813b67-300x114.jpg",300,114,true],"full":["https:\/\/revistaempresarios.net\/web\/wp-content\/uploads\/2023\/03\/a60b3881-e9a3-4c69-8f80-39deb0813b67.jpg",1600,608,false]},"jetpack_sharing_enabled":true,"jetpack_featured_media_url":"https:\/\/revistaempresarios.net\/web\/wp-content\/uploads\/2023\/03\/a60b3881-e9a3-4c69-8f80-39deb0813b67.jpg","jetpack-related-posts":[],"_links":{"self":[{"href":"https:\/\/revistaempresarios.net\/web\/wp-json\/wp\/v2\/posts\/7574"}],"collection":[{"href":"https:\/\/revistaempresarios.net\/web\/wp-json\/wp\/v2\/posts"}],"about":[{"href":"https:\/\/revistaempresarios.net\/web\/wp-json\/wp\/v2\/types\/post"}],"author":[{"embeddable":true,"href":"https:\/\/revistaempresarios.net\/web\/wp-json\/wp\/v2\/users\/2"}],"replies":[{"embeddable":true,"href":"https:\/\/revistaempresarios.net\/web\/wp-json\/wp\/v2\/comments?post=7574"}],"version-history":[{"count":1,"href":"https:\/\/revistaempresarios.net\/web\/wp-json\/wp\/v2\/posts\/7574\/revisions"}],"predecessor-version":[{"id":7579,"href":"https:\/\/revistaempresarios.net\/web\/wp-json\/wp\/v2\/posts\/7574\/revisions\/7579"}],"wp:featuredmedia":[{"embeddable":true,"href":"https:\/\/revistaempresarios.net\/web\/wp-json\/wp\/v2\/media\/7580"}],"wp:attachment":[{"href":"https:\/\/revistaempresarios.net\/web\/wp-json\/wp\/v2\/media?parent=7574"}],"wp:term":[{"taxonomy":"category","embeddable":true,"href":"https:\/\/revistaempresarios.net\/web\/wp-json\/wp\/v2\/categories?post=7574"},{"taxonomy":"post_tag","embeddable":true,"href":"https:\/\/revistaempresarios.net\/web\/wp-json\/wp\/v2\/tags?post=7574"}],"curies":[{"name":"wp","href":"https:\/\/api.w.org\/{rel}","templated":true}]}}