{"id":7522,"date":"2023-03-20T15:14:10","date_gmt":"2023-03-20T18:14:10","guid":{"rendered":"https:\/\/revistaempresarios.net\/web\/?p=7522"},"modified":"2023-03-20T15:14:23","modified_gmt":"2023-03-20T18:14:23","slug":"humana-e-acessivel-primeira-seguradora-completa-de-santa-catarina-e-inaugurada","status":"publish","type":"post","link":"https:\/\/revistaempresarios.net\/web\/2023\/03\/20\/humana-e-acessivel-primeira-seguradora-completa-de-santa-catarina-e-inaugurada\/","title":{"rendered":"Humana e acess\u00edvel: primeira seguradora completa de Santa Catarina \u00e9 inaugurada"},"content":{"rendered":"<div class=\"itemBody\">\n<div class=\"itemIntroText\">\n<p>Su\u00ed\u00e7a Seguradora se insere em mercado tradicional com diferenciais inovadores<\/p>\n<\/div>\n<div class=\"itemFullText\">\n<p>A Su\u00ed\u00e7a Seguradora, a primeira de Santa Catarina a atuar nos principais ramos do mercado segurador, foi inaugurada na noite desta quinta-feira, dia 16. A cerim\u00f4nia realizada em Orleans, cidade sede da empresa, visou apresentar a nova marca, que tem o prop\u00f3sito de ser humana, descomplicada e acess\u00edvel aos corretores e aos segurados.<\/p>\n<p>O evento de inaugura\u00e7\u00e3o foi voltado aos corretores, que s\u00e3o considerados os parceiros mais importantes da empresa, sendo o \u00fanico canal de venda. &#8220;N\u00f3s estudamos este mercado, analisamos o que precisa ser melhorado e focamos em trazer solu\u00e7\u00f5es para os problemas existentes. \u00c9 por isso que nosso posicionamento \u00e9 de ser uma seguradora descomplicada em todos os processos envolvidos e de estarmos presentes no dia a dia de nossos corretores, nas visitas e negocia\u00e7\u00f5es peri\u00f3dicas\u201d, ressalta o diretor-presidente Rafael Carboni.<\/p>\n<p>A iniciativa \u00e9 de um grupo de investidores do Sul de Santa Catarina, do segmento de assist\u00eancia e monitoramento veicular, que observou a necessidade de contar com uma seguradora pr\u00f3pria. Por conta disso, de acordo com o empres\u00e1rio, a Su\u00ed\u00e7a se insere neste segmento com muita seguran\u00e7a. &#8220;Nossa seguradora j\u00e1 vem com uma sa\u00fade financeira muito boa, com recursos pr\u00f3prios, sem necessidade de investidores do exterior\u201d, comenta.<\/p>\n<p>\u201cGanhamos espa\u00e7o e a confian\u00e7a do mercado por meio da Infinity System, fundada h\u00e1 nove anos. Durante nossa atua\u00e7\u00e3o, percebemos uma grande demanda, principalmente no que diz respeito \u00e0 assist\u00eancia 24 horas. Ent\u00e3o a Su\u00ed\u00e7a entra tamb\u00e9m com este diferencial muito bem estruturado\u201d, celebra Carboni. A seguradora tem atua\u00e7\u00e3o em 12 estados, com expans\u00e3o j\u00e1 prevista para todo o Brasil.<\/p>\n<p>A assist\u00eancia 24 horas, por sua vez, contempla a cobertura em todo o territ\u00f3rio nacional, por meio de uma rede completa de parceiros credenciados. A empresa conta com seguro de vida, veicular, residencial e de responsabilidade civil. \u201cSomos uma seguradora feita por quem tamb\u00e9m usa seguro. Assim como nossos clientes, n\u00e3o gostamos de burocracia. Ent\u00e3o somos a op\u00e7\u00e3o ideal para quem deseja reduzir ao m\u00e1ximo as complica\u00e7\u00f5es e tornar tudo mais simples\u201d, conclui o diretor-presidente.<\/p>\n<p>O especialista do mercado financeiro e de seguros e executivo s\u00eanior da KRL Consultoria, Carlos Borges, que soma 35 anos de experi\u00eancia neste setor, se fez presente no evento e parabenizou a empresa pelos valores que carrega. \u201cDesde o in\u00edcio, eles refor\u00e7aram que a ess\u00eancia estava na humaniza\u00e7\u00e3o e na proximidade com os corretores. Isso, somado ao crescimento do mercado de seguros, me d\u00e1 a certeza de que essa jornada que se inicia hoje ser\u00e1 de muito sucesso\u201d.<\/p>\n<\/div>\n<\/div>\n<div class=\"e-mailit_toolbox circular size48\">\n<div class=\"e-mailit_btn_EMAILiT\"><\/div>\n<\/div>\n","protected":false},"excerpt":{"rendered":"<p>Su\u00ed\u00e7a Seguradora se insere em mercado tradicional com diferenciais inovadores A Su\u00ed\u00e7a Seguradora, a primeira de Santa Catarina a atuar nos principais ramos do mercado segurador, foi inaugurada na noite desta quinta-feira, dia 16. A cerim\u00f4nia realizada em Orleans, cidade sede da empresa, visou apresentar a nova marca, que tem o prop\u00f3sito de ser humana, [&hellip;]<\/p>\n","protected":false},"author":2,"featured_media":7523,"comment_status":"open","ping_status":"open","sticky":false,"template":"","format":"standard","meta":{"_jetpack_memberships_contains_paid_content":false,"footnotes":""},"categories":[51,60],"tags":[6626],"featured_image_src":{"landsacpe":["https:\/\/revistaempresarios.net\/web\/wp-content\/uploads\/2023\/03\/e4dc6c6b00a2fbaf86184535e7896b5d_XL-1140x445.jpg",1140,445,true],"list":["https:\/\/revistaempresarios.net\/web\/wp-content\/uploads\/2023\/03\/e4dc6c6b00a2fbaf86184535e7896b5d_XL-463x348.jpg",463,348,true],"medium":["https:\/\/revistaempresarios.net\/web\/wp-content\/uploads\/2023\/03\/e4dc6c6b00a2fbaf86184535e7896b5d_XL-300x207.jpg",300,207,true],"full":["https:\/\/revistaempresarios.net\/web\/wp-content\/uploads\/2023\/03\/e4dc6c6b00a2fbaf86184535e7896b5d_XL.jpg",1220,840,false]},"jetpack_sharing_enabled":true,"jetpack_featured_media_url":"https:\/\/revistaempresarios.net\/web\/wp-content\/uploads\/2023\/03\/e4dc6c6b00a2fbaf86184535e7896b5d_XL.jpg","jetpack-related-posts":[],"_links":{"self":[{"href":"https:\/\/revistaempresarios.net\/web\/wp-json\/wp\/v2\/posts\/7522"}],"collection":[{"href":"https:\/\/revistaempresarios.net\/web\/wp-json\/wp\/v2\/posts"}],"about":[{"href":"https:\/\/revistaempresarios.net\/web\/wp-json\/wp\/v2\/types\/post"}],"author":[{"embeddable":true,"href":"https:\/\/revistaempresarios.net\/web\/wp-json\/wp\/v2\/users\/2"}],"replies":[{"embeddable":true,"href":"https:\/\/revistaempresarios.net\/web\/wp-json\/wp\/v2\/comments?post=7522"}],"version-history":[{"count":2,"href":"https:\/\/revistaempresarios.net\/web\/wp-json\/wp\/v2\/posts\/7522\/revisions"}],"predecessor-version":[{"id":7525,"href":"https:\/\/revistaempresarios.net\/web\/wp-json\/wp\/v2\/posts\/7522\/revisions\/7525"}],"wp:featuredmedia":[{"embeddable":true,"href":"https:\/\/revistaempresarios.net\/web\/wp-json\/wp\/v2\/media\/7523"}],"wp:attachment":[{"href":"https:\/\/revistaempresarios.net\/web\/wp-json\/wp\/v2\/media?parent=7522"}],"wp:term":[{"taxonomy":"category","embeddable":true,"href":"https:\/\/revistaempresarios.net\/web\/wp-json\/wp\/v2\/categories?post=7522"},{"taxonomy":"post_tag","embeddable":true,"href":"https:\/\/revistaempresarios.net\/web\/wp-json\/wp\/v2\/tags?post=7522"}],"curies":[{"name":"wp","href":"https:\/\/api.w.org\/{rel}","templated":true}]}}