{"id":7476,"date":"2023-03-20T09:28:50","date_gmt":"2023-03-20T12:28:50","guid":{"rendered":"https:\/\/revistaempresarios.net\/web\/?p=7476"},"modified":"2023-03-20T09:28:50","modified_gmt":"2023-03-20T12:28:50","slug":"arezzo-arzz3-compra-grife-italiana-paris-texas","status":"publish","type":"post","link":"https:\/\/revistaempresarios.net\/web\/2023\/03\/20\/arezzo-arzz3-compra-grife-italiana-paris-texas\/","title":{"rendered":"Arezzo (ARZZ3) compra grife italiana Paris Texas"},"content":{"rendered":"<p>A Arezzo (ARZZ3) divulgou no dia 03 de mar\u00e7o, atrav\u00e9s de um comunicado ao mercado, a celebra\u00e7\u00e3o entre sua subsidi\u00e1ria italiana ARZZ It\u00e1lia e a Baltimora Studio, juntamente com seus s\u00f3cios fundadores, do acordo de aquisi\u00e7\u00e3o de participa\u00e7\u00e3o na Paris Texas, uma grife italiana de cal\u00e7ados femininos. <strong>A empresa ser\u00e1 adquirida por 25 milh\u00f5es de euros.<\/strong><\/p>\n<p>A ARZZ It\u00e1lia ir\u00e1 comprar 65% da Paris Texas, sendo 26% da participa\u00e7\u00e3o advinda de compras diretas do capital social da empresa via subscri\u00e7\u00e3o de novas cotas representativas, e outros 39% da companhia ser\u00e3o adquiridos via compra e venda de cotas de titularidade da Baltimora Studio.<\/p>\n<p><strong>O movimento da Arezzo, que realiza ent\u00e3o sua primeira compra de uma empresa em \u00e2mbito internacional, reflete a estrat\u00e9gia da companhia em angariar mais presen\u00e7a fora do Brasil.<\/strong><\/p>\n<p><strong><picture><source srcset=\"https:\/\/hubdoinvestidor.com.br\/wp-content\/webp-express\/webp-images\/uploads\/2023\/03\/arezzo-canais-756x366px-300x145.png.webp 300w, https:\/\/hubdoinvestidor.com.br\/wp-content\/webp-express\/webp-images\/uploads\/2023\/03\/arezzo-canais-756x366px-600x290.png.webp 600w\" type=\"image\/webp\" sizes=\"(max-width: 756px) 100vw, 756px\" \/><img loading=\"lazy\" decoding=\"async\" class=\"aligncenter wp-image-33104 size-full webpexpress-processed\" src=\"https:\/\/hubdoinvestidor.com.br\/wp-content\/uploads\/2023\/03\/arezzo-canais-756x366px.png\" sizes=\"(max-width: 756px) 100vw, 756px\" srcset=\"https:\/\/hubdoinvestidor.com.br\/wp-content\/uploads\/2023\/03\/arezzo-canais-756x366px.png 756w, https:\/\/hubdoinvestidor.com.br\/wp-content\/uploads\/2023\/03\/arezzo-canais-756x366px-300x145.png 300w, https:\/\/hubdoinvestidor.com.br\/wp-content\/uploads\/2023\/03\/arezzo-canais-756x366px-600x290.png 600w\" alt=\"arezzo (ARZZ3) e sua primeira compra internacional\" width=\"756\" height=\"366\" \/><\/picture><\/strong><\/p>\n<h6><strong><em>Fonte: RI Arezzo<\/em><\/strong><\/h6>\n<p><strong><em>\u00a0<\/em><\/strong><\/p>\n<p><strong>A empresa j\u00e1 possui uma consist\u00eancia na evolu\u00e7\u00e3o de suas vendas via\u00a0<em>Web Commerce<\/em>, o que somado com a estrat\u00e9gia internacional pode gerar bons resultados comerciais.<\/strong><\/p>\n<p>Estrategicamente, a Arezzo (ARZZ3) almeja, al\u00e9m de possuir uma marca europeia que auxilia no processo da companhia de aprimorar seu relacionamento no continente (visto que tem interesses em pequenas f\u00e1bricas italianas para dar suporte \u00e0 atividade produtiva), conseguir tamb\u00e9m instrumentalizar a Paris Texas para realizar uma melhor atua\u00e7\u00e3o comercial nos Estados Unidos, mercado que representa 10% das vendas da Paris Texas.<\/p>\n<p>No 3T22, as opera\u00e7\u00f5es norte-americanas da Arezzo (ARZZ3) registraram um crescimento de 28,2% quando comparado com o mesmo per\u00edodo de 2021, al\u00e9m de um crescimento de receita bruta de exporta\u00e7\u00f5es de 91,6% comparando este mesmo per\u00edodo.\u00a0<strong>\u00c9 evidente que a dimens\u00e3o internacional se mostra forte e crescente dentro das opera\u00e7\u00f5es da Arezzo (ARZZ3)<\/strong>, o que reitera os planos de internacionaliza\u00e7\u00e3o.<\/p>\n<p>Alexandre Birman, CEO da Arezzo, menciona que a Paris Texas \u00e9 a primeira etapa de uma s\u00e9rie de outras poss\u00edveis aquisi\u00e7\u00f5es que a companhia planeja para os pr\u00f3ximos anos. Os projetos de aquisi\u00e7\u00f5es est\u00e3o em linha com o foco da Arezzo em se desenvolver, como mencionado em seu comunicado, \u201csua plataforma global de cal\u00e7ados de luxo\u201d.<\/p>\n","protected":false},"excerpt":{"rendered":"<p>A Arezzo (ARZZ3) divulgou no dia 03 de mar\u00e7o, atrav\u00e9s de um comunicado ao mercado, a celebra\u00e7\u00e3o entre sua subsidi\u00e1ria italiana ARZZ It\u00e1lia e a Baltimora Studio, juntamente com seus s\u00f3cios fundadores, do acordo de aquisi\u00e7\u00e3o de participa\u00e7\u00e3o na Paris Texas, uma grife italiana de cal\u00e7ados femininos. A empresa ser\u00e1 adquirida por 25 milh\u00f5es de [&hellip;]<\/p>\n","protected":false},"author":2,"featured_media":7477,"comment_status":"open","ping_status":"open","sticky":false,"template":"","format":"standard","meta":{"_jetpack_memberships_contains_paid_content":false,"footnotes":""},"categories":[51,54,57,60],"tags":[6608],"featured_image_src":{"landsacpe":["https:\/\/revistaempresarios.net\/web\/wp-content\/uploads\/2023\/03\/insight-arezzo-850x540px.png-850x445.webp",850,445,true],"list":["https:\/\/revistaempresarios.net\/web\/wp-content\/uploads\/2023\/03\/insight-arezzo-850x540px.png-463x348.webp",463,348,true],"medium":["https:\/\/revistaempresarios.net\/web\/wp-content\/uploads\/2023\/03\/insight-arezzo-850x540px.png-300x191.webp",300,191,true],"full":["https:\/\/revistaempresarios.net\/web\/wp-content\/uploads\/2023\/03\/insight-arezzo-850x540px.png.webp",850,540,false]},"jetpack_sharing_enabled":true,"jetpack_featured_media_url":"https:\/\/revistaempresarios.net\/web\/wp-content\/uploads\/2023\/03\/insight-arezzo-850x540px.png.webp","jetpack-related-posts":[],"_links":{"self":[{"href":"https:\/\/revistaempresarios.net\/web\/wp-json\/wp\/v2\/posts\/7476"}],"collection":[{"href":"https:\/\/revistaempresarios.net\/web\/wp-json\/wp\/v2\/posts"}],"about":[{"href":"https:\/\/revistaempresarios.net\/web\/wp-json\/wp\/v2\/types\/post"}],"author":[{"embeddable":true,"href":"https:\/\/revistaempresarios.net\/web\/wp-json\/wp\/v2\/users\/2"}],"replies":[{"embeddable":true,"href":"https:\/\/revistaempresarios.net\/web\/wp-json\/wp\/v2\/comments?post=7476"}],"version-history":[{"count":1,"href":"https:\/\/revistaempresarios.net\/web\/wp-json\/wp\/v2\/posts\/7476\/revisions"}],"predecessor-version":[{"id":7478,"href":"https:\/\/revistaempresarios.net\/web\/wp-json\/wp\/v2\/posts\/7476\/revisions\/7478"}],"wp:featuredmedia":[{"embeddable":true,"href":"https:\/\/revistaempresarios.net\/web\/wp-json\/wp\/v2\/media\/7477"}],"wp:attachment":[{"href":"https:\/\/revistaempresarios.net\/web\/wp-json\/wp\/v2\/media?parent=7476"}],"wp:term":[{"taxonomy":"category","embeddable":true,"href":"https:\/\/revistaempresarios.net\/web\/wp-json\/wp\/v2\/categories?post=7476"},{"taxonomy":"post_tag","embeddable":true,"href":"https:\/\/revistaempresarios.net\/web\/wp-json\/wp\/v2\/tags?post=7476"}],"curies":[{"name":"wp","href":"https:\/\/api.w.org\/{rel}","templated":true}]}}