{"id":7348,"date":"2023-03-16T16:39:30","date_gmt":"2023-03-16T19:39:30","guid":{"rendered":"https:\/\/revistaempresarios.net\/web\/?p=7348"},"modified":"2023-03-16T16:39:30","modified_gmt":"2023-03-16T19:39:30","slug":"brasilprev-anuncia-novo-superintendente-de-pricing-estudos-e-fornecedores","status":"publish","type":"post","link":"https:\/\/revistaempresarios.net\/web\/2023\/03\/16\/brasilprev-anuncia-novo-superintendente-de-pricing-estudos-e-fornecedores\/","title":{"rendered":"Brasilprev anuncia novo superintendente de Pricing, Estudos e Fornecedores"},"content":{"rendered":"<div class=\"itemBody\">\n<div class=\"itemIntroText\">\n<p>A Brasilprev, l\u00edder de mercado e refer\u00eancia em previd\u00eancia privada, anuncia Marcelo Augusto Silvestre Rodrigues (foto) como novo superintendente de Pricing, Estudos e Fornecedores da companhia. O executivo ser\u00e1 respons\u00e1vel pelo planejamento or\u00e7ament\u00e1rio e acompanhamento dos resultados, proje\u00e7\u00e3o do Plano de Capital, elabora\u00e7\u00e3o de estudos de Pricing para novos produtos e iniciativas, e pela gest\u00e3o dos fornecedores da companhia. Com 25 anos de atua\u00e7\u00e3o na \u00e1rea financeira, Rodrigues possui gradua\u00e7\u00e3o em Ci\u00eancias Econ\u00f4micas pela Pontif\u00edcia Universidade Cat\u00f3lica (PUC), MBA em Finan\u00e7as Corporativas pelo Ibmec Business School e MBA em Mercado de Capitais pela Universidade de S\u00e3o Paulo (USP). Possui ainda Certifica\u00e7\u00e3o Profissional CPA 20 \u2013 Anbid.<\/p>\n<\/div>\n<div class=\"itemFullText\">\n<p><strong>Sobre a Brasilprev<\/strong><\/p>\n<p>Com 29 anos de atua\u00e7\u00e3o, a Brasilprev Seguros e Previd\u00eancia S.A tem como acionistas a BB Seguros, bra\u00e7o de seguros, capitaliza\u00e7\u00e3o e previd\u00eancia privada do Banco do Brasil, e a Principal Financial Group, uma das principais institui\u00e7\u00f5es financeiras dos Estados Unidos. L\u00edder do setor, a companhia conta com mais de R$ 349,3 bilh\u00f5es em ativos sob gest\u00e3o e uma carteira de 2,5 milh\u00f5es de clientes. Especialista no neg\u00f3cio de previd\u00eancia privada, com produtos acess\u00edveis e servi\u00e7os diferenciados, a Brasilprev conta com a rede de ag\u00eancias do Banco do Brasil como seu principal canal de distribui\u00e7\u00e3o.<\/p>\n<\/div>\n<\/div>\n<div class=\"e-mailit_toolbox circular  size48\">\n<div class=\"e-mailit_btn_EMAILiT\"><\/div>\n<\/div>\n","protected":false},"excerpt":{"rendered":"<p>A Brasilprev, l\u00edder de mercado e refer\u00eancia em previd\u00eancia privada, anuncia Marcelo Augusto Silvestre Rodrigues (foto) como novo superintendente de Pricing, Estudos e Fornecedores da companhia. O executivo ser\u00e1 respons\u00e1vel pelo planejamento or\u00e7ament\u00e1rio e acompanhamento dos resultados, proje\u00e7\u00e3o do Plano de Capital, elabora\u00e7\u00e3o de estudos de Pricing para novos produtos e iniciativas, e pela gest\u00e3o [&hellip;]<\/p>\n","protected":false},"author":2,"featured_media":7349,"comment_status":"open","ping_status":"open","sticky":false,"template":"","format":"standard","meta":{"_jetpack_memberships_contains_paid_content":false,"footnotes":""},"categories":[51,60],"tags":[6570,6571],"featured_image_src":{"landsacpe":["https:\/\/revistaempresarios.net\/web\/wp-content\/uploads\/2023\/03\/7099686e44bca7c8fba33565043a68ec_XL-1140x445.jpg",1140,445,true],"list":["https:\/\/revistaempresarios.net\/web\/wp-content\/uploads\/2023\/03\/7099686e44bca7c8fba33565043a68ec_XL-463x348.jpg",463,348,true],"medium":["https:\/\/revistaempresarios.net\/web\/wp-content\/uploads\/2023\/03\/7099686e44bca7c8fba33565043a68ec_XL-300x200.jpg",300,200,true],"full":["https:\/\/revistaempresarios.net\/web\/wp-content\/uploads\/2023\/03\/7099686e44bca7c8fba33565043a68ec_XL.jpg",1220,813,false]},"jetpack_sharing_enabled":true,"jetpack_featured_media_url":"https:\/\/revistaempresarios.net\/web\/wp-content\/uploads\/2023\/03\/7099686e44bca7c8fba33565043a68ec_XL.jpg","jetpack-related-posts":[],"_links":{"self":[{"href":"https:\/\/revistaempresarios.net\/web\/wp-json\/wp\/v2\/posts\/7348"}],"collection":[{"href":"https:\/\/revistaempresarios.net\/web\/wp-json\/wp\/v2\/posts"}],"about":[{"href":"https:\/\/revistaempresarios.net\/web\/wp-json\/wp\/v2\/types\/post"}],"author":[{"embeddable":true,"href":"https:\/\/revistaempresarios.net\/web\/wp-json\/wp\/v2\/users\/2"}],"replies":[{"embeddable":true,"href":"https:\/\/revistaempresarios.net\/web\/wp-json\/wp\/v2\/comments?post=7348"}],"version-history":[{"count":1,"href":"https:\/\/revistaempresarios.net\/web\/wp-json\/wp\/v2\/posts\/7348\/revisions"}],"predecessor-version":[{"id":7350,"href":"https:\/\/revistaempresarios.net\/web\/wp-json\/wp\/v2\/posts\/7348\/revisions\/7350"}],"wp:featuredmedia":[{"embeddable":true,"href":"https:\/\/revistaempresarios.net\/web\/wp-json\/wp\/v2\/media\/7349"}],"wp:attachment":[{"href":"https:\/\/revistaempresarios.net\/web\/wp-json\/wp\/v2\/media?parent=7348"}],"wp:term":[{"taxonomy":"category","embeddable":true,"href":"https:\/\/revistaempresarios.net\/web\/wp-json\/wp\/v2\/categories?post=7348"},{"taxonomy":"post_tag","embeddable":true,"href":"https:\/\/revistaempresarios.net\/web\/wp-json\/wp\/v2\/tags?post=7348"}],"curies":[{"name":"wp","href":"https:\/\/api.w.org\/{rel}","templated":true}]}}