{"id":7237,"date":"2023-03-14T17:02:28","date_gmt":"2023-03-14T20:02:28","guid":{"rendered":"https:\/\/revistaempresarios.net\/web\/?p=7237"},"modified":"2023-03-14T17:02:28","modified_gmt":"2023-03-14T20:02:28","slug":"affinity-contrata-andre-ferreira-para-gerenciar-area-comercial-no-rio-de-janeiro","status":"publish","type":"post","link":"https:\/\/revistaempresarios.net\/web\/2023\/03\/14\/affinity-contrata-andre-ferreira-para-gerenciar-area-comercial-no-rio-de-janeiro\/","title":{"rendered":"Affinity contrata Andr\u00e9 Ferreira para gerenciar \u00e1rea Comercial no Rio de Janeiro"},"content":{"rendered":"<div class=\"itemBody\">\n<div class=\"itemIntroText\">\n<p>Empresa tamb\u00e9m ampliou equipe do Departamento de Marketing com contrata\u00e7\u00e3o de F\u00e1bio Martins<\/p>\n<\/div>\n<div class=\"itemFullText\">\n<p>O ano de 2023 come\u00e7ou a todo o vapor na Affinity Seguro Viagem, com a contrata\u00e7\u00e3o de novos colaboradores. &#8220;Em 2022 ultrapassamos os n\u00fameros da pr\u00e9-pandemia em 42% e as nossas expectativas para 2023 s\u00e3o as melhores. Queremos superar os resultados do \u00faltimo ano em 30% e, para isso, ter uma equipe cada vez mais completa \u00e9 essencial. Estamos o tempo todo atentos ao mercado e buscando ter um time sempre melhor. Temos orgulho do nosso quadro de funcion\u00e1rios e do atendimento de qualidade que prestamos a todos os nossos clientes e parceiros&#8221;, explica Marilberto Fran\u00e7a, CEO da Affinity.<\/p>\n<p>Com mais de 24 anos de experi\u00eancia no turismo, Andr\u00e9 Ferreira chega para comandar a \u00e1rea Comercial no Rio de Janeiro. &#8220;Fui muito bem recebido na Affinity, uma empresa jovem, em ascens\u00e3o, com par\u00e2metros claros e que atua com muita transpar\u00eancia&#8221;, afirma Ferreira, que possui no curr\u00edculo passagens pela TAM, MK Travel, Best Destination e Coris. &#8220;Meu desafio agora \u00e9 gerir uma equipe engajada, com profissionais experientes e bons produtos. Quero identificar os pontos fortes do Affinity e oferecer condi\u00e7\u00f5es comerciais diferenciadas. Vamos gerar consultoria para as empresas, mostrando sempre o que \u00e9 melhor operacionalmente para cada cliente&#8221;, revela.<\/p>\n<p>J\u00e1 o Departamento de Marketing, liderado por Alexandre Lan\u00e7a, ganha um novo refor\u00e7o com a chegada de F\u00e1bio Martins, profissional com mais de 22 anos de viv\u00eancia no setor, tendo no curr\u00edculo empresas como Electra C\u00e2mbio e Nice Via \u00c1pia. &#8220;Aceitei essa nova miss\u00e3o buscando adquirir novos conhecimentos, novas habilidades e, acima de tudo, no intuito de crescer junto com a empresa. Ao participar de um trabalho desafiador sinto que evolu\u00edmos tanto no quesito pessoal quanto profissional. Tenho orgulho em fazer parte do Affinity e estou pronto para desenvolver meu trabalho da melhor forma poss\u00edvel&#8221;, salienta Martins.<\/p>\n<p><strong><em>ANOTE OS CONTATOS DOS NOVOS CONTRATADOS:<\/em><\/strong><\/p>\n<p><strong>Andr\u00e9 Ferreira<\/strong><br \/>\n<strong>Gerente Comercial do RJ<\/strong><br \/>\n<strong>(21) 99682-4308 \/ andre.affinityseguro.com.br<\/strong><\/p>\n<p><strong>F\u00e1bio Martins<\/strong><br \/>\n<strong>Executivo de Marketing e Eventos<\/strong><br \/>\n<strong>(21) 99447-7700 \/\u00a0<span class=\"cloaked_email\">mkt.fabio@affinityseguro.com.br<\/span><\/strong><\/p>\n<p>Sobre a Affinity Seguro Viagem<\/p>\n<p>A empresa \u00e9 formada por profissionais com mais de 30 anos de experi\u00eancia em seguro viagem, com know-how para desenvolver planos que atendam \u00e0s principais necessidades dos viajantes sempre ao lado de seus parceiros comerciais em todo Brasil, inovando e disponibilizando ferramentas para suas atividades. O objetivo principal \u00e9 levar ao viajante a certeza do melhor produto, totalmente adequado \u00e0s exig\u00eancias da Susep. Seja a lazer, estudos ou neg\u00f3cios, o Affinity Seguro garante a tranquilidade 24 horas por dia.<\/p>\n<\/div>\n<\/div>\n<div class=\"e-mailit_toolbox circular  size48\">\n<div class=\"e-mailit_btn_EMAILiT\"><\/div>\n<\/div>\n","protected":false},"excerpt":{"rendered":"<p>Empresa tamb\u00e9m ampliou equipe do Departamento de Marketing com contrata\u00e7\u00e3o de F\u00e1bio Martins O ano de 2023 come\u00e7ou a todo o vapor na Affinity Seguro Viagem, com a contrata\u00e7\u00e3o de novos colaboradores. &#8220;Em 2022 ultrapassamos os n\u00fameros da pr\u00e9-pandemia em 42% e as nossas expectativas para 2023 s\u00e3o as melhores. Queremos superar os resultados do [&hellip;]<\/p>\n","protected":false},"author":2,"featured_media":7238,"comment_status":"open","ping_status":"open","sticky":false,"template":"","format":"standard","meta":{"_jetpack_memberships_contains_paid_content":false,"_joinchat":[],"footnotes":""},"categories":[51,54,58,60],"tags":[6519],"featured_image_src":{"landsacpe":["https:\/\/revistaempresarios.net\/web\/wp-content\/uploads\/2023\/03\/09cc4bd50fb2815599577ea2bcd7cc35_medium.jpg",300,200,false],"list":["https:\/\/revistaempresarios.net\/web\/wp-content\/uploads\/2023\/03\/09cc4bd50fb2815599577ea2bcd7cc35_medium.jpg",300,200,false],"medium":["https:\/\/revistaempresarios.net\/web\/wp-content\/uploads\/2023\/03\/09cc4bd50fb2815599577ea2bcd7cc35_medium.jpg",300,200,false],"full":["https:\/\/revistaempresarios.net\/web\/wp-content\/uploads\/2023\/03\/09cc4bd50fb2815599577ea2bcd7cc35_medium.jpg",300,200,false]},"jetpack_sharing_enabled":true,"jetpack_featured_media_url":"https:\/\/revistaempresarios.net\/web\/wp-content\/uploads\/2023\/03\/09cc4bd50fb2815599577ea2bcd7cc35_medium.jpg","jetpack-related-posts":[],"_links":{"self":[{"href":"https:\/\/revistaempresarios.net\/web\/wp-json\/wp\/v2\/posts\/7237"}],"collection":[{"href":"https:\/\/revistaempresarios.net\/web\/wp-json\/wp\/v2\/posts"}],"about":[{"href":"https:\/\/revistaempresarios.net\/web\/wp-json\/wp\/v2\/types\/post"}],"author":[{"embeddable":true,"href":"https:\/\/revistaempresarios.net\/web\/wp-json\/wp\/v2\/users\/2"}],"replies":[{"embeddable":true,"href":"https:\/\/revistaempresarios.net\/web\/wp-json\/wp\/v2\/comments?post=7237"}],"version-history":[{"count":1,"href":"https:\/\/revistaempresarios.net\/web\/wp-json\/wp\/v2\/posts\/7237\/revisions"}],"predecessor-version":[{"id":7239,"href":"https:\/\/revistaempresarios.net\/web\/wp-json\/wp\/v2\/posts\/7237\/revisions\/7239"}],"wp:featuredmedia":[{"embeddable":true,"href":"https:\/\/revistaempresarios.net\/web\/wp-json\/wp\/v2\/media\/7238"}],"wp:attachment":[{"href":"https:\/\/revistaempresarios.net\/web\/wp-json\/wp\/v2\/media?parent=7237"}],"wp:term":[{"taxonomy":"category","embeddable":true,"href":"https:\/\/revistaempresarios.net\/web\/wp-json\/wp\/v2\/categories?post=7237"},{"taxonomy":"post_tag","embeddable":true,"href":"https:\/\/revistaempresarios.net\/web\/wp-json\/wp\/v2\/tags?post=7237"}],"curies":[{"name":"wp","href":"https:\/\/api.w.org\/{rel}","templated":true}]}}