{"id":7139,"date":"2023-03-13T10:10:15","date_gmt":"2023-03-13T13:10:15","guid":{"rendered":"https:\/\/revistaempresarios.net\/web\/?p=7139"},"modified":"2023-03-13T10:10:22","modified_gmt":"2023-03-13T13:10:22","slug":"com-crescimento-11-acima-do-e-commerce-brasileiro-grao-de-gente-registra-faturamento-de-mais-de-r-220-milhoes-em-2022","status":"publish","type":"post","link":"https:\/\/revistaempresarios.net\/web\/2023\/03\/13\/com-crescimento-11-acima-do-e-commerce-brasileiro-grao-de-gente-registra-faturamento-de-mais-de-r-220-milhoes-em-2022\/","title":{"rendered":"Com crescimento 11% acima do e-commerce brasileiro, Gr\u00e3o de Gente registra faturamento de mais de R$ 220 milh\u00f5es em 2022"},"content":{"rendered":"<p class=\"fst-italic text-center\">Empresa, que j\u00e1 tem dez anos no mercado, registrou um aumento de 13% nas vendas on-line<\/p>\n<div>\n<p>Na contram\u00e3o do e-commerce brasileiro, que cresceu apenas 2% em 2022, quando comparado ao ano anterior, segundo relat\u00f3rio produzido pela Nielsen|Ebit, a Gr\u00e3o de Gente, e-commerce especializado em enxoval para beb\u00eas e primeira inf\u00e2ncia, teve um aumento de 13% nas vendas e um faturamento de mais de R$ 220 milh\u00f5es no ano passado. Para Gustavo Ferro, CEO da empresa, os\u00a0<em>brand lovers<\/em>, pessoas apaixonadas pela marca, s\u00e3o a explica\u00e7\u00e3o para o crescimento da companhia acima do segmento.<\/p>\n<p>\u201cContamos com uma comunidade de seguidores engajados nas nossas redes sociais, que amplificam o alcance da marca, o velho e bom boca-boca, que, juntamente com o nosso maior diferencial, que s\u00e3o as cole\u00e7\u00f5es exclusivas da Gr\u00e3o de Gente, fazem com que sejamos destaque no mercado. Al\u00e9m disso, trabalhamos diariamente para estarmos sempre conectados com nosso p\u00fablico, n\u00e3o apenas com a venda de produtos, mas oferecendo conte\u00fado relevante e de qualidade para os consumidores. A a\u00e7\u00e3o mais recente foi a cria\u00e7\u00e3o da webs\u00e9rie \u201cDi\u00e1rio de uma m\u00e3e na Noruega\u201d, uma parceria com a atriz Shirley Cruz\u201d, explica o empreendedor.<\/p>\n<p>Com o bom desempenho diante do mercado, os planos do CEO s\u00e3o ainda mais audaciosos para 2023. A Gr\u00e3o de Gente, que est\u00e1 a mais de uma d\u00e9cada atuando e investindo constantemente, ter\u00e1, ainda neste trimestre, a primeira unidade f\u00edsica, que ser\u00e1 inaugurada na cidade de Santos. A expectativa com isso \u00e9 um faturamento mais expressivo, entre 20% e 30%. \u201cNossos f\u00e3s em breve v\u00e3o poder contar com uma experi\u00eancia omnichannel, j\u00e1 que nossa loja no\u00a0Praiamar Shopping, em Santos,\u00a0ser\u00e1 totalmente conectada e, por ela, vai ser poss\u00edvel comprar por autoatendimento ou com os vendedores\u201d, celebra entusiasmado Gustavo Ferro.<\/p>\n<p>Atualmente a marca conta com uma presen\u00e7a massiva nas redes sociais, somando mais de 4,6 milh\u00f5es de seguidores e \u00e9 a empresa mais acessada entre as op\u00e7\u00f5es de sites de vestu\u00e1rio infantil e brinquedos, com um total de 22% SoT (Share of Trafic), tr\u00e1fego total dentro da categoria infantil, ficando a frente de outras marcas j\u00e1 consolidadas como Tricae (17,9%) e Ri Happy (16,9%).<\/p>\n<p><strong>Sobre Gr\u00e3o de Gente<\/strong><\/p>\n<p>Criada em 2012, a marca \u00e9 um e-commerce especializado em produtos para beb\u00eas e primeira inf\u00e2ncia. S\u00e3o mais de 50 mil itens no portf\u00f3lio, com cole\u00e7\u00f5es capazes de solucionar as necessidades de m\u00e3es e pais. Diariamente s\u00e3o enviados cinco mil produtos para todo o Brasil e mais de duas mil vendas s\u00e3o conclu\u00eddas na plataforma. Com mais de 4,6 milh\u00f5es de seguidores no Instagram e 5 milh\u00f5es no Facebook, a Gr\u00e3o de Gente \u00e9 a marca que mant\u00e9m o segundo maior engajamento nas redes sociais. Para mais informa\u00e7\u00f5es, acesse o\u00a0<a href=\"https:\/\/www.graodegente.com.br\/\">site<\/a>.<\/p>\n<\/div>\n<div class=\"text-center\">\n<div class=\"mt-5\"><\/div>\n<\/div>\n","protected":false},"excerpt":{"rendered":"<p>Empresa, que j\u00e1 tem dez anos no mercado, registrou um aumento de 13% nas vendas on-line Na contram\u00e3o do e-commerce brasileiro, que cresceu apenas 2% em 2022, quando comparado ao ano anterior, segundo relat\u00f3rio produzido pela Nielsen|Ebit, a Gr\u00e3o de Gente, e-commerce especializado em enxoval para beb\u00eas e primeira inf\u00e2ncia, teve um aumento de 13% [&hellip;]<\/p>\n","protected":false},"author":2,"featured_media":7140,"comment_status":"open","ping_status":"open","sticky":false,"template":"","format":"standard","meta":{"_jetpack_memberships_contains_paid_content":false,"footnotes":""},"categories":[51,62],"tags":[6474,6475],"featured_image_src":{"landsacpe":["https:\/\/revistaempresarios.net\/web\/wp-content\/uploads\/2023\/03\/ba5a96ad912baa6a884131a21b133650_medium.jpg",300,154,false],"list":["https:\/\/revistaempresarios.net\/web\/wp-content\/uploads\/2023\/03\/ba5a96ad912baa6a884131a21b133650_medium.jpg",300,154,false],"medium":["https:\/\/revistaempresarios.net\/web\/wp-content\/uploads\/2023\/03\/ba5a96ad912baa6a884131a21b133650_medium.jpg",300,154,false],"full":["https:\/\/revistaempresarios.net\/web\/wp-content\/uploads\/2023\/03\/ba5a96ad912baa6a884131a21b133650_medium.jpg",300,154,false]},"jetpack_sharing_enabled":true,"jetpack_featured_media_url":"https:\/\/revistaempresarios.net\/web\/wp-content\/uploads\/2023\/03\/ba5a96ad912baa6a884131a21b133650_medium.jpg","jetpack-related-posts":[],"_links":{"self":[{"href":"https:\/\/revistaempresarios.net\/web\/wp-json\/wp\/v2\/posts\/7139"}],"collection":[{"href":"https:\/\/revistaempresarios.net\/web\/wp-json\/wp\/v2\/posts"}],"about":[{"href":"https:\/\/revistaempresarios.net\/web\/wp-json\/wp\/v2\/types\/post"}],"author":[{"embeddable":true,"href":"https:\/\/revistaempresarios.net\/web\/wp-json\/wp\/v2\/users\/2"}],"replies":[{"embeddable":true,"href":"https:\/\/revistaempresarios.net\/web\/wp-json\/wp\/v2\/comments?post=7139"}],"version-history":[{"count":1,"href":"https:\/\/revistaempresarios.net\/web\/wp-json\/wp\/v2\/posts\/7139\/revisions"}],"predecessor-version":[{"id":7141,"href":"https:\/\/revistaempresarios.net\/web\/wp-json\/wp\/v2\/posts\/7139\/revisions\/7141"}],"wp:featuredmedia":[{"embeddable":true,"href":"https:\/\/revistaempresarios.net\/web\/wp-json\/wp\/v2\/media\/7140"}],"wp:attachment":[{"href":"https:\/\/revistaempresarios.net\/web\/wp-json\/wp\/v2\/media?parent=7139"}],"wp:term":[{"taxonomy":"category","embeddable":true,"href":"https:\/\/revistaempresarios.net\/web\/wp-json\/wp\/v2\/categories?post=7139"},{"taxonomy":"post_tag","embeddable":true,"href":"https:\/\/revistaempresarios.net\/web\/wp-json\/wp\/v2\/tags?post=7139"}],"curies":[{"name":"wp","href":"https:\/\/api.w.org\/{rel}","templated":true}]}}