{"id":7057,"date":"2023-03-09T12:54:26","date_gmt":"2023-03-09T15:54:26","guid":{"rendered":"https:\/\/revistaempresarios.net\/web\/?p=7057"},"modified":"2023-03-09T12:54:26","modified_gmt":"2023-03-09T15:54:26","slug":"clubcasa-design-marca-presenca-na-expo-revestir-2023-como-referencia-em-conteudos-e-solucoes-disruptivas-nas-areas-de-tecnologia-e-inovacao","status":"publish","type":"post","link":"https:\/\/revistaempresarios.net\/web\/2023\/03\/09\/clubcasa-design-marca-presenca-na-expo-revestir-2023-como-referencia-em-conteudos-e-solucoes-disruptivas-nas-areas-de-tecnologia-e-inovacao\/","title":{"rendered":"Club&#038;Casa Design marca presen\u00e7a na Expo Revestir 2023 como refer\u00eancia em conte\u00fados e solu\u00e7\u00f5es disruptivas nas \u00e1reas de tecnologia e inova\u00e7\u00e3o"},"content":{"rendered":"<p>Em sua 6\u00aa participa\u00e7\u00e3o, a maior plataforma de relacionamento do Brasil e uma das marcas parceiras da feira, promove eventos exclusivos para o mercado de arch&amp;decor<\/p>\n<p>O Club&amp;Casa Design preparou uma participa\u00e7\u00e3o grandiosa para a Expo Revestir 2023. Essa \u00e9 a 6\u00aa vez que a plataforma de relacionamento marca presen\u00e7a na maior feira de revestimentos e acabamentos da Am\u00e9rica Latina.<\/p>\n<p>Neste ano, o Club&amp;Casa \u00e9 uma das marcas parceiras da Expo Revestir, que acontece de 14 a 17 de mar\u00e7o em um novo espa\u00e7o, o S\u00e3o Paulo Expo. Ao longo dos quatro dias, a marca vai receber mais de 130 profissionais de fora do estado de S\u00e3o Paulo, al\u00e9m dos mais de 2 mil especificadores das regi\u00f5es onde o Club atua dentro do estado. Amorim, Ecophon, Evol, Minha Casa Financiada, Sherwin-Williams s\u00e3o marcas parceiras e que representam a ind\u00fastria e o setor de servi\u00e7os que apoiar\u00e3o o Club&amp;Casa em suas a\u00e7\u00f5es.<\/p>\n<p>\u201cA Expo Revestir sempre foi um canal de extrema import\u00e2ncia para o Club&amp;Casa Design. Chegar nesta edi\u00e7\u00e3o e observar a evolu\u00e7\u00e3o da nossa plataforma e a for\u00e7a das nossas a\u00e7\u00f5es para o crescimento do mercado, agora num contexto de parceria com esse evento que marca o calend\u00e1rio anual do setor, \u00e9 muito importante e nos d\u00e1 a certeza que estamos no caminho certo. Continuamos firmes em nossas ra\u00edzes que \u00e9 gerar conex\u00f5es, estreitar rela\u00e7\u00f5es e fortalecer nossos parceiros. Mas esta edi\u00e7\u00e3o \u00e9 especial, pois pontua uma maturidade na proposta dos conte\u00fados que vamos apresentar e nos projetos que vamos ativar ao longo dos quatro dias de evento. Estamos muito felizes e orgulhosos!\u201d, celebra Thiago Sodr\u00e9, CEO do Club&amp;Casa Design.<\/p>\n<p>Confira todas as ativa\u00e7\u00f5es do Club&amp;Casa Design na Expo Revestir 2023.<\/p>\n<p><strong>CAMPANHA FEITOS&amp;EFEITOS<\/strong><\/p>\n<p>A Campanha Feitos&amp;Efeitos \u00e9 um movimento que nasceu para pautar as a\u00e7\u00f5es do Club&amp;Casa Design na Expo Revestir 2023. Atrav\u00e9s de um manifesto, criamos uma maneira de revelar o impacto de todas as nossas a\u00e7\u00f5es e experi\u00eancias na vida profissional e pessoal dos nossos associados e parceiros. Essa \u00e9 uma a\u00e7\u00e3o livre que tem o intuito de movimentar e inspirar a todos. Um dos lemas do Club&amp;Casa Design \u00e9 \u201cIr Al\u00e9m\u201d, materializado por meio do sentir e do agir. E, assim, os nossos feitos buscam efeitos como: emocionar, evidenciar vit\u00f3rias, valorizar quem caminha lado a lado conosco e trazer o brilho nos olhos.<\/p>\n<p>Mais do que uma campanha ou um movimento, Feitos&amp;Efeitos \u00e9 um convite \u00e0 inspira\u00e7\u00e3o e prop\u00f5e uma reflex\u00e3o sobre como gerar valor, autoridade e prop\u00f3sito na vida das pessoas a partir das suas iniciativas. Confira as a\u00e7\u00f5es da Campanha Feitos&amp;Efeitos em nossas redes sociais: @clubecasadesign.<\/p>\n<p><strong>ESTANDE CLUB&amp;CASA DESIGN<\/strong><\/p>\n<p>Este ano, teremos o maior espa\u00e7o dentro de todas as edi\u00e7\u00f5es que participamos (150 m\u00b2), com diversas ativa\u00e7\u00f5es e \u00e1reas interativas para o p\u00fablico presente, como a \u00e1rea de visibilidade, \u00e1rea de benef\u00edcios e \u00e1rea de qualidade. Reafirmando o sucesso dos outros anos, nosso est\u00fadio de podcasts est\u00e1 de volta dentro do estande. Entrevistas e bate-papos sobre o universo da arquitetura e design ser\u00e3o gravados ao longo dos quatro dias da feira, al\u00e9m de lan\u00e7amentos de entrevistas exclusivas gravadas anteriormente acontecer\u00e3o na nossa programa\u00e7\u00e3o.<\/p>\n<p><strong>ARENA DE INOVA\u00c7\u00c3O<\/strong><\/p>\n<p>Uma das grandes novidades da feira neste ano \u00e9 a Arena de Inova\u00e7\u00e3o, uma parceria Club&amp;Casa Design e a Expo Revestir, com o apoio da G4 &#8211; renomada empresa cujo prop\u00f3sito \u00e9 apoiar os gestores em suas jornadas, para que desenvolvam suas empresas e transformem a realidade econ\u00f4mica e social do Brasil.<\/p>\n<p>A arena contar\u00e1 com uma \u00e1rea de 250 m\u00b2 destinada a encontros pautados por temas relacionados \u00e0 inova\u00e7\u00e3o e solu\u00e7\u00f5es para o setor da constru\u00e7\u00e3o civil. A arena ir\u00e1 subsidiar sete startups que v\u00e3o apresentar suas ferramentas para o mercado em seus espa\u00e7os exclusivos. S\u00e3o elas: Arqplay, Design Show, G4 Flex, Landhi, Minha Casa Financiada, Metal Living Design, Neuroarq e Vobi.<\/p>\n<p><strong>FIER + INOVA\u00c7\u00c3O NO VAREJO E INSIGHTS NRF<\/strong><\/p>\n<p>No dia 15 de mar\u00e7o, o Club&amp;Casa Design, em parceria com o evento FIER + Inova\u00e7\u00e3o no Varejo e Insights NRF, realizar\u00e1 uma s\u00e9rie de palestras sobre inova\u00e7\u00e3o no varejo e an\u00e1lise dos principais destaques observados na NRF &#8211; A maior feira de varejo do mundo.<\/p>\n<p>Para comandar esse dia de conhecimento, recrutamos um time de especialistas em varejo e inova\u00e7\u00e3o. Thiago Muniz, CEO no Brasil da Receita Previs\u00edvel, abre o painel falando sobre o Varejo do Futuro.<\/p>\n<p>Em seguida, Alfredo Soares, fundador e mentor do G4 Educa\u00e7\u00e3o e presidente da Loja Integrada, comanda o Bora Varejo + Insights NRF ao lado de Rodrigo Noll, fundador da Base Viral, especialista em estrat\u00e9gia Empresarial Disruptiva e Vin\u00edcius Machado, fundador da INVOGA e SOTAQ Creators. Para falar sobre Mulheres no varejo e o cliente do futuro, convidamos Thais Brunelli, diretora de customer success da V4 Company, e Tatiana Gaspar, diretora de Neg\u00f3cios para o varejo no Grupo Globo<\/p>\n<p><strong>Agenda:<\/strong><\/p>\n<p>09h \u00e0s 09h30 &#8211; Credenciamento e acesso ao evento<\/p>\n<p>09h30 \u00e0s 10h &#8211; Abertura com Thiago Sodr\u00e9, CEO do Club&amp;Casa<\/p>\n<p>10h \u00e0s 10h30 &#8211; Painel: Varejo do Futuro com Thiago Muniz, CEO no Brasil da Receita Previs\u00edvel<\/p>\n<p>10h30 \u00e0s 11h30 &#8211; Painel: Bora Varejo e Insights NRF com Alfredo Soares, Rodrigo Noll e Vin\u00edcius Machado<\/p>\n<p>11h30 \u00e0s 12h30 &#8211; Painel: Mulheres no varejo e Clientes do Futuro com Thais Brunelli e Tatiana Gaspar<\/p>\n<p><strong>CLUB&amp;CASA SUMMIT<\/strong><\/p>\n<p>A terceira edi\u00e7\u00e3o do Club&amp;Casa Summit acontecer\u00e1 no dia 15 de mar\u00e7o, a partir das 15h, como parte das a\u00e7\u00f5es da marca na Expo Revestir. O evento \u00e9 exclusivo para os associados \u00e0 plataforma e convidados e abordar\u00e1 temas como gest\u00e3o, lideran\u00e7a, empreendedorismo e arquitetura, al\u00e9m de pain\u00e9is e debates sobre estrat\u00e9gias assertivas para atingir uma alta performance no trabalho, resili\u00eancia e dicas de networking.<\/p>\n<p>Dafna Blashkauer, Leo Branco, representantes da Ecophon j\u00e1 confirmaram presen\u00e7a na programa\u00e7\u00e3o do evento. O Club&amp;Casa Summit prop\u00f5e o crescimento do ecossistema criativo, com foco na constru\u00e7\u00e3o e o fortalecimento das a\u00e7\u00f5es de posicionamento e imagem, destacando ainda, a relev\u00e2ncia dos relacionamentos entre fornecedores, parceiros e profissionais do setor.<\/p>\n<p><strong>Agenda<\/strong>:<\/p>\n<p>15h &#8211; Abertura do espa\u00e7o<\/p>\n<p>15h30 &#8211; Abertura do evento com Thiago Sodr\u00e9 (CEO do Club&amp;Casa)<\/p>\n<p>16h \u00e0s 16h50 &#8211; Palestra: Liderando com alta performance &#8211; Dafna Blaschkauer<\/p>\n<p>17h \u00e0s 17h50 &#8211; Painel: Resili\u00eancia no Empreendedorismo &#8211; Leo Branco, Paulo Vitor Porto e convidados<\/p>\n<p>18h \u00e0s 18h50 &#8211; Painel: Arquitetura de Alta Performance &#8211; (Ecophon) com Thiago Kaschny, gerente de produtos da Ecophon e Margaret Candossim, Bruna Murolo e Pedro Pontes.<\/p>\n<p>19h &#8211; Encerramento &#8211; Thiago Sodr\u00e9 (CEO do Club&amp;Casa)<\/p>\n<p><strong>Sobre o Club&amp;Casa Design<\/strong><\/p>\n<p>Fundado em 2015, o Club&amp;Casa Design \u00e9 focado na experi\u00eancia, no reconhecimento, na capacita\u00e7\u00e3o e na viabiliza\u00e7\u00e3o de neg\u00f3cios para profissionais do segmento de arquitetura, design de interiores e constru\u00e7\u00e3o civil. Nos \u00faltimos anos, foram transacionadas centenas de milh\u00f5es em neg\u00f3cios no programa, que funciona como um clube de relacionamento para mais de 30 segmentos da constru\u00e7\u00e3o civil.<\/p>\n<p><strong>Mais informa\u00e7\u00f5es: www.clubecasadesign.com.br<\/strong><\/p>\n<p><strong>Sobre a Expo Revestir<\/strong><\/p>\n<p>A Expo Revestir \u00e9 a maior feira de revestimentos e acabamentos da Am\u00e9rica Latina, promovida pela Associa\u00e7\u00e3o Nacional dos Fabricantes de Cer\u00e2mica para Revestimentos, Lou\u00e7as Sanit\u00e1rias e Cong\u00eaneres (Anfacer) desde 2001. Na sua pr\u00f3xima edi\u00e7\u00e3o, inaugura sua \u201cnova casa\u201d no S\u00e3o Paulo Expo, com 62 mil metros quadrados, com trazendo mais experi\u00eancias, conte\u00fados, design, tend\u00eancias e inspira\u00e7\u00f5es para o setor e contar\u00e1 com mais de 300 expositores que apresentar\u00e3o lan\u00e7amentos em cer\u00e2micas, lou\u00e7as sanit\u00e1rias, metais para cozinha e banheiro, rochas ornamentais, mosaicos, madeiras, laminados, ciment\u00edcios e v\u00edtreos.<\/p>\n<p><strong>Mais informa\u00e7\u00f5es: www.exporevestir.com.br<\/strong><\/p>\n","protected":false},"excerpt":{"rendered":"<p>Em sua 6\u00aa participa\u00e7\u00e3o, a maior plataforma de relacionamento do Brasil e uma das marcas parceiras da feira, promove eventos exclusivos para o mercado de arch&amp;decor O Club&amp;Casa Design preparou uma participa\u00e7\u00e3o grandiosa para a Expo Revestir 2023. Essa \u00e9 a 6\u00aa vez que a plataforma de relacionamento marca presen\u00e7a na maior feira de revestimentos [&hellip;]<\/p>\n","protected":false},"author":2,"featured_media":7058,"comment_status":"open","ping_status":"open","sticky":false,"template":"","format":"standard","meta":{"_jetpack_memberships_contains_paid_content":false,"footnotes":""},"categories":[51,56,57],"tags":[6443],"featured_image_src":{"landsacpe":["https:\/\/revistaempresarios.net\/web\/wp-content\/uploads\/2023\/03\/Thiago-Sodre-CEO-do-ClubCasa-Design-349x445.jpg",349,445,true],"list":["https:\/\/revistaempresarios.net\/web\/wp-content\/uploads\/2023\/03\/Thiago-Sodre-CEO-do-ClubCasa-Design-349x348.jpg",349,348,true],"medium":["https:\/\/revistaempresarios.net\/web\/wp-content\/uploads\/2023\/03\/Thiago-Sodre-CEO-do-ClubCasa-Design-218x300.jpg",218,300,true],"full":["https:\/\/revistaempresarios.net\/web\/wp-content\/uploads\/2023\/03\/Thiago-Sodre-CEO-do-ClubCasa-Design.jpg",349,480,false]},"jetpack_sharing_enabled":true,"jetpack_featured_media_url":"https:\/\/revistaempresarios.net\/web\/wp-content\/uploads\/2023\/03\/Thiago-Sodre-CEO-do-ClubCasa-Design.jpg","jetpack-related-posts":[],"_links":{"self":[{"href":"https:\/\/revistaempresarios.net\/web\/wp-json\/wp\/v2\/posts\/7057"}],"collection":[{"href":"https:\/\/revistaempresarios.net\/web\/wp-json\/wp\/v2\/posts"}],"about":[{"href":"https:\/\/revistaempresarios.net\/web\/wp-json\/wp\/v2\/types\/post"}],"author":[{"embeddable":true,"href":"https:\/\/revistaempresarios.net\/web\/wp-json\/wp\/v2\/users\/2"}],"replies":[{"embeddable":true,"href":"https:\/\/revistaempresarios.net\/web\/wp-json\/wp\/v2\/comments?post=7057"}],"version-history":[{"count":1,"href":"https:\/\/revistaempresarios.net\/web\/wp-json\/wp\/v2\/posts\/7057\/revisions"}],"predecessor-version":[{"id":7059,"href":"https:\/\/revistaempresarios.net\/web\/wp-json\/wp\/v2\/posts\/7057\/revisions\/7059"}],"wp:featuredmedia":[{"embeddable":true,"href":"https:\/\/revistaempresarios.net\/web\/wp-json\/wp\/v2\/media\/7058"}],"wp:attachment":[{"href":"https:\/\/revistaempresarios.net\/web\/wp-json\/wp\/v2\/media?parent=7057"}],"wp:term":[{"taxonomy":"category","embeddable":true,"href":"https:\/\/revistaempresarios.net\/web\/wp-json\/wp\/v2\/categories?post=7057"},{"taxonomy":"post_tag","embeddable":true,"href":"https:\/\/revistaempresarios.net\/web\/wp-json\/wp\/v2\/tags?post=7057"}],"curies":[{"name":"wp","href":"https:\/\/api.w.org\/{rel}","templated":true}]}}