{"id":6986,"date":"2023-03-06T17:22:44","date_gmt":"2023-03-06T20:22:44","guid":{"rendered":"https:\/\/revistaempresarios.net\/web\/?p=6986"},"modified":"2023-03-06T17:22:44","modified_gmt":"2023-03-06T20:22:44","slug":"a-dificil-missao-de-ser-uma-empreendedora-no-brasil-por-sonia-sodre-ceo-do-grupo-sodre-e-diretora-executiva-da-feira-da-moda-inverno-feimi","status":"publish","type":"post","link":"https:\/\/revistaempresarios.net\/web\/2023\/03\/06\/a-dificil-missao-de-ser-uma-empreendedora-no-brasil-por-sonia-sodre-ceo-do-grupo-sodre-e-diretora-executiva-da-feira-da-moda-inverno-feimi\/","title":{"rendered":"A dif\u00edcil miss\u00e3o de ser uma empreendedora no Brasil &#8211; Por: Sonia Sodr\u00e9 , CEO do Grupo Sodr\u00e9 e diretora executiva da Feira da Moda Inverno (Feimi)"},"content":{"rendered":"<p>O Brasil registrou no ano passado um total de 3,8 milh\u00f5es de novas empresas abertas. O n\u00famero \u00e9 espantoso, mas representa uma retra\u00e7\u00e3o de 4,8% sobre 2021, por\u00e9m, um crescimento de 14,1% em compara\u00e7\u00e3o com 2020. E uma boa parcela dos empreendimentos que surgiu no pa\u00eds est\u00e1 nas m\u00e3os das mulheres. Bom? Isso \u00e9 \u00f3timo, sem d\u00favida, especialmente neste que \u00e9 nosso m\u00eas. Temos o Dia Internacional da Mulher, em 8 de mar\u00e7o, mas o que h\u00e1 para comemorar?<\/p>\n<p>A data vale como uma reflex\u00e3o sobre o contexto em que vivemos e os desafios que est\u00e3o por vir. Temos muitos casos de sucessos de mulheres, \u00e9 verdade. Maria Luiza Trajano, S\u00f4nia Hess e Chieko Aoki s\u00e3o apenas alguns bons exemplos, que formam um seleto grupo de empreendedoras reconhecidas e que s\u00e3o verdadeiras refer\u00eancias no pa\u00eds. Vale aqui lembrar de um detalhe importante: embora representem 52% da popula\u00e7\u00e3o, as mulheres ocupam posi\u00e7\u00e3o de destaque em apenas 13% das 500 maiores empresas brasileiras.<\/p>\n<p>Com a pandemia, o mercado de trabalho sofreu mudan\u00e7as, exigindo de todas n\u00f3s inova\u00e7\u00e3o e reorganiza\u00e7\u00e3o de planos. Empreender foi uma das formas encontradas e \u00e9 um movimento que cresce no mundo inteiro. Segundo dados do Global Entrepreneurship Monitor 2020 (GEM), realizada em parceria com o Sebrae, 55,5% das novas empresas criadas no per\u00edodo pand\u00eamico foram abertas por mulheres, mais resilientes e adapt\u00e1veis em rela\u00e7\u00e3o aos homens.<\/p>\n<p>Aqui, por\u00e9m, quero lan\u00e7ar alguns alertas. \u00c9 fundamental que as mulheres nesse cen\u00e1rio de crescimento se preparem mesmo para encarar esse protagonismo. O problema \u00e9 que a pandemia fez com que muitas de n\u00f3s tiv\u00e9ssemos que assumir a dupla responsabilidade de trabalhar e cuidar de casa ou da fam\u00edlia. Um levantamento da Rede Mulher Empreendedora aponta que 53% das empreendedoras brasileiras t\u00eam filhos, sendo que a maioria busca por hor\u00e1rios flex\u00edveis que permitam conciliar as tarefas dom\u00e9sticas e a vida profissional. J\u00e1 passei por isso (sou m\u00e3e de tr\u00eas homens e uma mulher) e sei bem como funciona.<\/p>\n<p>Mas \u00e9 certo que assumir o pr\u00f3prio neg\u00f3cio \u00e9 uma forma de empoderamento e de ascens\u00e3o para cargos de lideran\u00e7a, com o potencial de colaborar para a modifica\u00e7\u00e3o do quadro de desigualdade com os homens. Fruto do avan\u00e7o na garantia dos direitos femininos e no caminho \u00e0 equidade entre homens e mulheres, essa nossa ascens\u00e3o traz, al\u00e9m da celebrada diversidade, uma quebra de paradigmas e uma desej\u00e1vel renova\u00e7\u00e3o no mundo dos neg\u00f3cios.<\/p>\n<p>Vale o registro que, na semana passada, tivemos algumas boas not\u00edcias. O Projeto de Lei n\u00ba 1.883\/2021, que cria o Programa Cr\u00e9dito da Mulher na esfera dos bancos federais, foi aprovado na C\u00e2mara dos Deputados e aguardar\u00e1 aprecia\u00e7\u00e3o do Senado. O texto prop\u00f5e o estabelecimento de percentuais m\u00ednimos de concess\u00e3o de cr\u00e9dito nos programas oficiais de cr\u00e9dito para empreendimentos dirigidos por mulheres, inclusive com taxas de juros reduzidas.<\/p>\n<p>A ideia \u00e9 muito boa, sem d\u00favida. Agora \u00e9 torcer para que o projeto definitivamente saia do papel e seja lan\u00e7ado na pr\u00e1tica. Como empreendedoras, precisamos sim de pol\u00edticas p\u00fablicas que facilitem a obten\u00e7\u00e3o de recursos financeiros e fomentem a capacita\u00e7\u00e3o para, assim, garantirmos \u00e0s mulheres condi\u00e7\u00f5es de competir em mercados cada vez mais exigentes.<\/p>\n<p><strong>Fica a dica: estamos preparadas!<\/strong><\/p>\n","protected":false},"excerpt":{"rendered":"<p>O Brasil registrou no ano passado um total de 3,8 milh\u00f5es de novas empresas abertas. O n\u00famero \u00e9 espantoso, mas representa uma retra\u00e7\u00e3o de 4,8% sobre 2021, por\u00e9m, um crescimento de 14,1% em compara\u00e7\u00e3o com 2020. E uma boa parcela dos empreendimentos que surgiu no pa\u00eds est\u00e1 nas m\u00e3os das mulheres. Bom? Isso \u00e9 \u00f3timo, [&hellip;]<\/p>\n","protected":false},"author":2,"featured_media":6987,"comment_status":"open","ping_status":"open","sticky":false,"template":"","format":"standard","meta":{"_jetpack_memberships_contains_paid_content":false,"footnotes":""},"categories":[1],"tags":[6411,6412],"featured_image_src":{"landsacpe":["https:\/\/revistaempresarios.net\/web\/wp-content\/uploads\/2023\/03\/4d7c0c514ff8127bda2b61f1bb73e326_XL-1140x445.jpg",1140,445,true],"list":["https:\/\/revistaempresarios.net\/web\/wp-content\/uploads\/2023\/03\/4d7c0c514ff8127bda2b61f1bb73e326_XL-463x348.jpg",463,348,true],"medium":["https:\/\/revistaempresarios.net\/web\/wp-content\/uploads\/2023\/03\/4d7c0c514ff8127bda2b61f1bb73e326_XL-300x300.jpg",300,300,true],"full":["https:\/\/revistaempresarios.net\/web\/wp-content\/uploads\/2023\/03\/4d7c0c514ff8127bda2b61f1bb73e326_XL.jpg",1220,1217,false]},"jetpack_sharing_enabled":true,"jetpack_featured_media_url":"https:\/\/revistaempresarios.net\/web\/wp-content\/uploads\/2023\/03\/4d7c0c514ff8127bda2b61f1bb73e326_XL.jpg","jetpack-related-posts":[],"_links":{"self":[{"href":"https:\/\/revistaempresarios.net\/web\/wp-json\/wp\/v2\/posts\/6986"}],"collection":[{"href":"https:\/\/revistaempresarios.net\/web\/wp-json\/wp\/v2\/posts"}],"about":[{"href":"https:\/\/revistaempresarios.net\/web\/wp-json\/wp\/v2\/types\/post"}],"author":[{"embeddable":true,"href":"https:\/\/revistaempresarios.net\/web\/wp-json\/wp\/v2\/users\/2"}],"replies":[{"embeddable":true,"href":"https:\/\/revistaempresarios.net\/web\/wp-json\/wp\/v2\/comments?post=6986"}],"version-history":[{"count":1,"href":"https:\/\/revistaempresarios.net\/web\/wp-json\/wp\/v2\/posts\/6986\/revisions"}],"predecessor-version":[{"id":6988,"href":"https:\/\/revistaempresarios.net\/web\/wp-json\/wp\/v2\/posts\/6986\/revisions\/6988"}],"wp:featuredmedia":[{"embeddable":true,"href":"https:\/\/revistaempresarios.net\/web\/wp-json\/wp\/v2\/media\/6987"}],"wp:attachment":[{"href":"https:\/\/revistaempresarios.net\/web\/wp-json\/wp\/v2\/media?parent=6986"}],"wp:term":[{"taxonomy":"category","embeddable":true,"href":"https:\/\/revistaempresarios.net\/web\/wp-json\/wp\/v2\/categories?post=6986"},{"taxonomy":"post_tag","embeddable":true,"href":"https:\/\/revistaempresarios.net\/web\/wp-json\/wp\/v2\/tags?post=6986"}],"curies":[{"name":"wp","href":"https:\/\/api.w.org\/{rel}","templated":true}]}}