{"id":6982,"date":"2023-03-06T17:09:59","date_gmt":"2023-03-06T20:09:59","guid":{"rendered":"https:\/\/revistaempresarios.net\/web\/?p=6982"},"modified":"2023-03-06T17:09:59","modified_gmt":"2023-03-06T20:09:59","slug":"mercado-de-trabalho-dicas-e-cursos-para-deixar-o-curriculo-atrativo-e-se-destacar-nos-processos-seletivos","status":"publish","type":"post","link":"https:\/\/revistaempresarios.net\/web\/2023\/03\/06\/mercado-de-trabalho-dicas-e-cursos-para-deixar-o-curriculo-atrativo-e-se-destacar-nos-processos-seletivos\/","title":{"rendered":"Mercado de Trabalho: dicas e cursos para deixar o curr\u00edculo atrativo e se destacar nos processos seletivos"},"content":{"rendered":"<div class=\"itemBody\">\n<div class=\"itemIntroText\">\n<p>4,3 milh\u00f5es de brasileiros desistiram de procurar emprego; especialista d\u00e1 dicas para aperfei\u00e7oar o curr\u00edculo e se sair bem nas entrevistas<\/p>\n<\/div>\n<div class=\"itemFullText\">\n<p>A taxa m\u00e9dia de desemprego no Brasil caiu para 9,3%, o menor registro desde 2015, sendo que a popula\u00e7\u00e3o ocupada cresceu 7,4%. Houve ainda um incremento de 6,7 milh\u00f5es de profissionais no mercado de trabalho, o que reflete no montante de 98 milh\u00f5es de trabalhadores no pa\u00eds, segundo a pesquisa da Pnad Cont\u00ednua (Pesquisa Nacional por Amostra de Domic\u00edlios Cont\u00ednua) divulgada na \u00faltima semana pelo IBGE (Instituto Brasileiro de Geografia e Estat\u00edstica).<\/p>\n<p>Apesar das boas perspectivas, o pa\u00eds contabiliza ainda uma m\u00e9dia de 8,6 milh\u00f5es de desempregados, sendo que 4 milh\u00f5es de pessoas desistiram de procurar emprego, como explica a coordenadora de Trabalho e Rendimento do IBGE, Adriana Beringuy: \u201cNos \u00faltimos meses do ano, h\u00e1 uma retra\u00e7\u00e3o da procura de trabalho e nas \u00faltimas semanas de dezembro n\u00e3o foi diferente\u201d.<\/p>\n<p>O contexto, no entanto, come\u00e7a a mudar ap\u00f3s o Carnaval, quando os brasileiros passam a colocar as metas para o ano novo em dia. Al\u00e9m disso, muitos profissionais est\u00e3o em busca de oportunidades que possibilitem um trabalho mais flex\u00edvel ou com menor deslocamento, como os modelos home office e h\u00edbrido, com pacote de benef\u00edcios atrativos, possibilidade de crescimento e de equil\u00edbrio entre a vida pessoal e profissional, segundo a \u00faltima edi\u00e7\u00e3o do \u00cdndice de Confian\u00e7a Robert Half (ICRH).<\/p>\n<p>\u201cEm um mercado cada vez mais competitivo, ter um bom curr\u00edculo \u00e9 o primeiro passo para se destacar nos processos seletivos e chamar a aten\u00e7\u00e3o dos recrutadores, avan\u00e7ando para novas etapas\u201d, explica Rodrigo Alves, diretor do Veduca, plataforma que oferece cursos online gratuitos de institui\u00e7\u00f5es renomadas como a USP e Trillio Academy. Confira abaixo cinco dicas do especialista para aumentar as chances de conquistar uma boa vaga de emprego.\u201d<\/p>\n<p><strong>Personalize seu curr\u00edculo<\/strong><\/p>\n<p>Cada vaga \u00e9 \u00fanica, ent\u00e3o o ideal \u00e9 que o candidato tenha modelos personalizados para cada aplica\u00e7\u00e3o, destacando as experi\u00eancias e habilidades que correspondem \u00e0quela oportunidade espec\u00edfica. Um curr\u00edculo fora do contexto, muito longo ou polu\u00eddo visualmente muitas vezes n\u00e3o passa nem pela triagem.<\/p>\n<p><strong>Atualize os dados<\/strong><\/p>\n<p>Enviar curr\u00edculo sem confirmar que os dados est\u00e3o atualizados \u00e9 dar tiro no p\u00e9. Sempre informe mais de uma op\u00e7\u00e3o de contato, como telefone, telefone para recado, e-mail e perfil atualizado no LinkedIn, para que o recrutador tenha meios de te acionar, em caso de interesse.<\/p>\n<p><strong>Seja objetivo<\/strong><\/p>\n<p>Curr\u00edculos muito extensos, com v\u00e1rias p\u00e1ginas se tornam ma\u00e7antes para quem l\u00ea, ent\u00e3o destaque as informa\u00e7\u00f5es mais importantes, de forma clara e objetiva e consolide as experi\u00eancias pertinentes \u00e0 vaga, de prefer\u00eancia por ordem cronol\u00f3gica, come\u00e7ando pelas mais recentes. \u00c9 importante lembrar que o candidato pode trazer mais detalhes e contar sobre outras \u00e1reas de atua\u00e7\u00e3o durante a entrevista.<\/p>\n<p><strong>Cursos Relevantes<\/strong><\/p>\n<p>Assim como as experi\u00eancias profissionais, a escolaridade e cursos e certifica\u00e7\u00f5es espec\u00edficas s\u00e3o diferenciais que tamb\u00e9m merecem destaque. Alguns cursos e habilidades t\u00e9cnicas podem, inclusive, ser um grande diferencial na hora da seletiva. Sustentabilidade empresarial, matem\u00e1tica financeira, estat\u00edstica, ecoinova\u00e7\u00e3o, gest\u00e3o de projetos, fundamentos da administra\u00e7\u00e3o, Word, Excel, entre outros, s\u00e3o alguns dos mais de 30 cursos online gratuitos e com certificado dispon\u00edveis no Veduca.<\/p>\n<p><strong>Revise o conte\u00fado<\/strong><\/p>\n<p>N\u00e3o menos importante que os demais: revise! Leia v\u00e1rias vezes, leia em voz alta e, se preferir, pe\u00e7a para um amigo ler o seu curr\u00edculo tamb\u00e9m. S\u00e3o t\u00e9cnicas importantes para evitar que erros gramaticais ou ortogr\u00e1ficos passem despercebidos.<\/p>\n<p><strong>Sobre o Veduca<\/strong><\/p>\n<p>O Veduca \u00e9 uma edtech que oferece educa\u00e7\u00e3o de qualidade e gratuita por meio de parcerias com professores da USP, Trillio e outras universidades e institui\u00e7\u00f5es renomadas. Fundado em 2012, o Veduca trouxe para o Brasil os primeiros MOOC\u2019s (Massive Open Online Courses) e j\u00e1 qualificou mais de 3 milh\u00f5es de alunos. Para mais informa\u00e7\u00f5es, acesse: https:\/\/veduca.org\/<\/p>\n<\/div>\n<\/div>\n<div class=\"e-mailit_toolbox circular  size48\">\n<div class=\"e-mailit_btn_Facebook\"><\/div>\n<div class=\"e-mailit_btn_LinkedIn\"><\/div>\n<div class=\"e-mailit_btn_Twitter\"><\/div>\n<div class=\"e-mailit_btn_Pinterest\"><\/div>\n<div class=\"e-mailit_btn_WhatsApp\"><\/div>\n<div class=\"e-mailit_btn_Send_via_Email\"><\/div>\n<div class=\"e-mailit_btn_EMAILiT\"><\/div>\n<\/div>\n","protected":false},"excerpt":{"rendered":"<p>4,3 milh\u00f5es de brasileiros desistiram de procurar emprego; especialista d\u00e1 dicas para aperfei\u00e7oar o curr\u00edculo e se sair bem nas entrevistas A taxa m\u00e9dia de desemprego no Brasil caiu para 9,3%, o menor registro desde 2015, sendo que a popula\u00e7\u00e3o ocupada cresceu 7,4%. Houve ainda um incremento de 6,7 milh\u00f5es de profissionais no mercado de [&hellip;]<\/p>\n","protected":false},"author":2,"featured_media":6983,"comment_status":"open","ping_status":"open","sticky":false,"template":"","format":"standard","meta":{"_jetpack_memberships_contains_paid_content":false,"footnotes":""},"categories":[1],"tags":[],"featured_image_src":{"landsacpe":["https:\/\/revistaempresarios.net\/web\/wp-content\/uploads\/2023\/03\/9821d06b40a42b500f721319a3dbf4a1_XL-1140x445.jpg",1140,445,true],"list":["https:\/\/revistaempresarios.net\/web\/wp-content\/uploads\/2023\/03\/9821d06b40a42b500f721319a3dbf4a1_XL-463x348.jpg",463,348,true],"medium":["https:\/\/revistaempresarios.net\/web\/wp-content\/uploads\/2023\/03\/9821d06b40a42b500f721319a3dbf4a1_XL-300x200.jpg",300,200,true],"full":["https:\/\/revistaempresarios.net\/web\/wp-content\/uploads\/2023\/03\/9821d06b40a42b500f721319a3dbf4a1_XL.jpg",1220,813,false]},"jetpack_sharing_enabled":true,"jetpack_featured_media_url":"https:\/\/revistaempresarios.net\/web\/wp-content\/uploads\/2023\/03\/9821d06b40a42b500f721319a3dbf4a1_XL.jpg","jetpack-related-posts":[],"_links":{"self":[{"href":"https:\/\/revistaempresarios.net\/web\/wp-json\/wp\/v2\/posts\/6982"}],"collection":[{"href":"https:\/\/revistaempresarios.net\/web\/wp-json\/wp\/v2\/posts"}],"about":[{"href":"https:\/\/revistaempresarios.net\/web\/wp-json\/wp\/v2\/types\/post"}],"author":[{"embeddable":true,"href":"https:\/\/revistaempresarios.net\/web\/wp-json\/wp\/v2\/users\/2"}],"replies":[{"embeddable":true,"href":"https:\/\/revistaempresarios.net\/web\/wp-json\/wp\/v2\/comments?post=6982"}],"version-history":[{"count":1,"href":"https:\/\/revistaempresarios.net\/web\/wp-json\/wp\/v2\/posts\/6982\/revisions"}],"predecessor-version":[{"id":6984,"href":"https:\/\/revistaempresarios.net\/web\/wp-json\/wp\/v2\/posts\/6982\/revisions\/6984"}],"wp:featuredmedia":[{"embeddable":true,"href":"https:\/\/revistaempresarios.net\/web\/wp-json\/wp\/v2\/media\/6983"}],"wp:attachment":[{"href":"https:\/\/revistaempresarios.net\/web\/wp-json\/wp\/v2\/media?parent=6982"}],"wp:term":[{"taxonomy":"category","embeddable":true,"href":"https:\/\/revistaempresarios.net\/web\/wp-json\/wp\/v2\/categories?post=6982"},{"taxonomy":"post_tag","embeddable":true,"href":"https:\/\/revistaempresarios.net\/web\/wp-json\/wp\/v2\/tags?post=6982"}],"curies":[{"name":"wp","href":"https:\/\/api.w.org\/{rel}","templated":true}]}}