{"id":6847,"date":"2023-03-01T08:43:23","date_gmt":"2023-03-01T11:43:23","guid":{"rendered":"https:\/\/revistaempresarios.net\/web\/?p=6847"},"modified":"2023-03-01T08:43:23","modified_gmt":"2023-03-01T11:43:23","slug":"especialista-de-carreiras-da-dicas-para-se-recolocar-no-mercado-de-trabalho-apos-um-layoff","status":"publish","type":"post","link":"https:\/\/revistaempresarios.net\/web\/2023\/03\/01\/especialista-de-carreiras-da-dicas-para-se-recolocar-no-mercado-de-trabalho-apos-um-layoff\/","title":{"rendered":"Especialista de carreiras d\u00e1 dicas para se recolocar no mercado de trabalho ap\u00f3s um layoff"},"content":{"rendered":"<div class=\"itemIntroText\">\n<p>Para muitas pessoas o ano s\u00f3 come\u00e7a, de fato, ap\u00f3s o Carnaval. Na vida profissional isso tamb\u00e9m \u00e9 levado a s\u00e9rio. Mas a verdade \u00e9 que nos \u00faltimos meses diversos profissionais foram atingidos por uma onda de demiss\u00f5es, tamb\u00e9m conhecidas por layoff, devido a reestrutura\u00e7\u00f5es econ\u00f4micas desencadeadas pelas empresas.<\/p>\n<\/div>\n<div class=\"itemFullText\">\n<p>O grande desafio dos profissionais atingidos nesses desligamentos \u00e9 se recolocar no mercado de trabalho. Segundo Rodrigo Barbosa, mentor de carreiras, o profissional pode reverter a situa\u00e7\u00e3o negativa a seu favor, tra\u00e7ando planos estrat\u00e9gicos e eficazes na busca pela nova oportunidade de trabalho.<\/p>\n<p>O especialista separou cinco dicas pr\u00e1ticas para recoloca\u00e7\u00e3o. Confira:<\/p>\n<p>Atualize o seu curr\u00edculo e LinkedIn com palavras-chave<\/p>\n<p>O LinkedIn \u00e9 a maior rede profissional do mundo. Estar conectado na ferramenta e com o perfil atualizado \u00e9 imprescind\u00edvel para se recolocar no mercado de trabalho. \u201cSabemos que quem n\u00e3o \u00e9 visto, n\u00e3o \u00e9 lembrado. Por isso, \u00e9 importante mostrar para todos da rede quais s\u00e3o suas principais habilidades e se mostrar atualizado no mercado\u201d, frisa Rodrigo.<\/p>\n<p>Mapeie empresas que gostaria de trabalhar ou que valorizam as suas compet\u00eancias<\/p>\n<p>Rodrigo recomenda que os profissionais busquem empresas e vagas que valorizem suas compet\u00eancias profissionais. \u201c\u00c9 normal se candidatar em diversas vagas quando se est\u00e1 desempregado, mas vale atentar para aquelas que realmente valorizam as compet\u00eancias profissionais do candidato, pois as chances de dar certo s\u00e3o maiores. Tamb\u00e9m \u00e9 v\u00e1lido buscar oportunidades em empresas espec\u00edficas, as quais o candidato tenha vontade de trabalhar. Al\u00e9m disso, muitas empresas tamb\u00e9m divulgam oportunidades em seus sites ou outras redes sociais, como Facebook e Instagram, al\u00e9m do LinkedIn\u201d.<\/p>\n<p>Fortale\u00e7a o seu networking com pessoas que podem te abrir oportunidades<\/p>\n<p>Networking \u00e9 a palavra-chave para todo e qualquer profissional, independente da \u00e1rea de atua\u00e7\u00e3o. No momento de recoloca\u00e7\u00e3o, ele \u00e9 ainda mais necess\u00e1rio. Para Rodrigo, manter conex\u00f5es estrat\u00e9gicas \u00e9 essencial no per\u00edodo da transi\u00e7\u00e3o de trabalho. \u201c\u00c9 importante avisar nas redes sociais que voc\u00ea est\u00e1 em busca de uma nova oportunidade. Caso nenhum contato da rede tenha uma vaga dispon\u00edvel, \u00e9 prov\u00e1vel que possam indic\u00e1-lo a algum recrutador ou gestor conhecido\u201d, destaca Rodrigo.<\/p>\n<p>Invista na sua prepara\u00e7\u00e3o com especialistas de carreira<\/p>\n<p>Como mentor de carreiras, Rodrigo sabe bem a import\u00e2ncia de um treinamento mais espec\u00edfico com um profissional da \u00e1rea. \u201cJ\u00e1 capacitei mais de 300 pessoas no Brasil e no mundo e conhe\u00e7o de perto as necessidades dos profissionais que precisam se recolocar no mercado de trabalho\u201d, pontua. Inclusive, nos dias 18 e 19 de mar\u00e7o, Rodrigo Barbosa far\u00e1 uma imers\u00e3o presencial exclusiva para os profissionais que est\u00e3o em busca de uma mudan\u00e7a de carreira neste ano de 2023. O encontro ser\u00e1 realizado no Hotel Meli\u00e1 Ibirapuera. As inscri\u00e7\u00f5es podem ser feitas atrav\u00e9s do site https:\/\/www.orodrigobarbosa.com.br\/imersaosp.<\/p>\n<p>Fa\u00e7a simula\u00e7\u00f5es de entrevistas para se sentir mais confiante e preparado<\/p>\n<p>Um dos maiores medos dos profissionais ainda \u00e9 a \u201ctemida\u201d entrevista, independente do tempo de carreira que se tenha. \u201cUma excelente forma de se preparar para uma entrevista \u00e9 por meio da plataforma Interviews Warmup, do Google, que simula de forma online e gratuita uma entrevista de emprego\u201d, alerta Rodrigo.<\/p>\n<p>SOBRE RODRIGO BARBOSA<\/p>\n<p>Rodrigo Barbosa \u00e9 palestrante e mentor de carreiras, conhecido como o criador de um m\u00e9todo que permite o desenvolvimento de carreiras, seja conquistando um novo espa\u00e7o no mercado de trabalho ou alcan\u00e7ando cargos de lideran\u00e7a. Atualmente, o especialista capacita profissionais atrav\u00e9s de mentorias de carreira, palestras, treinamentos, imers\u00f5es e eventos presenciais. Seu maior case \u00e9 sua pr\u00f3pria trajet\u00f3ria profissional: Rodrigo foi promovido sete vezes em apenas seis anos no \u00faltimo trabalho e, com esse sucesso, decidiu desenvolver seu pr\u00f3prio m\u00e9todo de acelera\u00e7\u00e3o de carreiras, o qual j\u00e1 capacitou mais de 300 profissionais no Brasil e no mundo.<\/p>\n<\/div>\n","protected":false},"excerpt":{"rendered":"<p>Para muitas pessoas o ano s\u00f3 come\u00e7a, de fato, ap\u00f3s o Carnaval. Na vida profissional isso tamb\u00e9m \u00e9 levado a s\u00e9rio. Mas a verdade \u00e9 que nos \u00faltimos meses diversos profissionais foram atingidos por uma onda de demiss\u00f5es, tamb\u00e9m conhecidas por layoff, devido a reestrutura\u00e7\u00f5es econ\u00f4micas desencadeadas pelas empresas. O grande desafio dos profissionais atingidos [&hellip;]<\/p>\n","protected":false},"author":2,"featured_media":6848,"comment_status":"open","ping_status":"open","sticky":false,"template":"","format":"standard","meta":{"_jetpack_memberships_contains_paid_content":false,"footnotes":""},"categories":[51],"tags":[],"featured_image_src":{"landsacpe":["https:\/\/revistaempresarios.net\/web\/wp-content\/uploads\/2023\/03\/Rodrigo-Barbosa-1140x445.jpg",1140,445,true],"list":["https:\/\/revistaempresarios.net\/web\/wp-content\/uploads\/2023\/03\/Rodrigo-Barbosa-463x348.jpg",463,348,true],"medium":["https:\/\/revistaempresarios.net\/web\/wp-content\/uploads\/2023\/03\/Rodrigo-Barbosa-298x300.jpg",298,300,true],"full":["https:\/\/revistaempresarios.net\/web\/wp-content\/uploads\/2023\/03\/Rodrigo-Barbosa.jpg",1220,1228,false]},"jetpack_sharing_enabled":true,"jetpack_featured_media_url":"https:\/\/revistaempresarios.net\/web\/wp-content\/uploads\/2023\/03\/Rodrigo-Barbosa.jpg","jetpack-related-posts":[],"_links":{"self":[{"href":"https:\/\/revistaempresarios.net\/web\/wp-json\/wp\/v2\/posts\/6847"}],"collection":[{"href":"https:\/\/revistaempresarios.net\/web\/wp-json\/wp\/v2\/posts"}],"about":[{"href":"https:\/\/revistaempresarios.net\/web\/wp-json\/wp\/v2\/types\/post"}],"author":[{"embeddable":true,"href":"https:\/\/revistaempresarios.net\/web\/wp-json\/wp\/v2\/users\/2"}],"replies":[{"embeddable":true,"href":"https:\/\/revistaempresarios.net\/web\/wp-json\/wp\/v2\/comments?post=6847"}],"version-history":[{"count":1,"href":"https:\/\/revistaempresarios.net\/web\/wp-json\/wp\/v2\/posts\/6847\/revisions"}],"predecessor-version":[{"id":6849,"href":"https:\/\/revistaempresarios.net\/web\/wp-json\/wp\/v2\/posts\/6847\/revisions\/6849"}],"wp:featuredmedia":[{"embeddable":true,"href":"https:\/\/revistaempresarios.net\/web\/wp-json\/wp\/v2\/media\/6848"}],"wp:attachment":[{"href":"https:\/\/revistaempresarios.net\/web\/wp-json\/wp\/v2\/media?parent=6847"}],"wp:term":[{"taxonomy":"category","embeddable":true,"href":"https:\/\/revistaempresarios.net\/web\/wp-json\/wp\/v2\/categories?post=6847"},{"taxonomy":"post_tag","embeddable":true,"href":"https:\/\/revistaempresarios.net\/web\/wp-json\/wp\/v2\/tags?post=6847"}],"curies":[{"name":"wp","href":"https:\/\/api.w.org\/{rel}","templated":true}]}}