{"id":6709,"date":"2023-02-14T23:02:32","date_gmt":"2023-02-15T02:02:32","guid":{"rendered":"https:\/\/revistaempresarios.net\/web\/?p=6709"},"modified":"2023-02-14T23:02:32","modified_gmt":"2023-02-15T02:02:32","slug":"area-central-registra-r-135-bilhoes-em-transacoes","status":"publish","type":"post","link":"https:\/\/revistaempresarios.net\/web\/2023\/02\/14\/area-central-registra-r-135-bilhoes-em-transacoes\/","title":{"rendered":"\u00c1rea Central registra R$ 135 bilh\u00f5es em transa\u00e7\u00f5es"},"content":{"rendered":"<p><em><span data-nosnippet=\"\">Empresa<\/span><span data-nosnippet=\"\">\u00a0de tecnologia catarinense dedicada a grupos de neg\u00f3cios conquistou 10 redes de franquias como clientes em 2022 que, juntas, contemplam 360 lojas franqueadas<\/span><\/em><\/p>\n<p><span data-nosnippet=\"\">A \u00c1rea Central de Rio do Sul (SC), refer\u00eancia em plataformas de gest\u00e3o e intelig\u00eancia para redes e centrais de neg\u00f3cios, registrou crescimento de 25% em seu faturamento em 2022 com rela\u00e7\u00e3o ao ano anterior, e projeta aumento de 30% em receitas at\u00e9 dezembro.\u00a0<\/span><span data-nosnippet=\"\">A scale-up tamb\u00e9m contabilizou mais de R$ 135 bilh\u00f5es em transa\u00e7\u00f5es de compras realizadas por redes associativas dentro de sua plataforma de gest\u00e3o nos dois primeiros anos desta d\u00e9cada (2021-2022), 43% acima do montante registrado no bi\u00eanio anterior (2019-2020).<\/span><\/p>\n<p><span data-nosnippet=\"\">O crescimento foi puxado principalmente pela entrada da empresa no segmento de franquias, nicho de mercado no qual conquistou 10 franqueadoras como novos clientes. Os produtos e servi\u00e7os da companhia passaram a atender franquias de setores como materiais de constru\u00e7\u00e3o e de farm\u00e1cias de manipula\u00e7\u00e3o e veterin\u00e1ria, que, juntas, contam com cerca de 360 lojas franqueadas.\u00a0<\/span><span data-nosnippet=\"\">Com o incremento no n\u00famero de clientes, a empresa mant\u00e9m mais de 200 clientes em sua base, que contemplam 15 mil empresas e mais de 30 mil usu\u00e1rios da plataforma AC Hub \u2014 dedicada \u00e0 comunica\u00e7\u00e3o, gest\u00e3o, compras conjuntas e intelig\u00eancia para os grupos de neg\u00f3cios.<\/span><\/p>\n<p><span data-nosnippet=\"\">Com dez anos de atividade, a empresa cresceu organicamente em um setor at\u00e9 ent\u00e3o pouco explorado em termos de tecnologia, de redes e centrais de neg\u00f3cios, e hoje domina mais de 70% do market share de empresas com solu\u00e7\u00f5es para o setor.\u00a0\u00a0<\/span><span data-nosnippet=\"\">Contando com 45 funcion\u00e1rios at\u00e9 o momento, a \u00c1rea Central estima incremento de 20% no n\u00famero de colaboradores em 2023, especialmente nas equipes de marketing e comercial.<\/span><\/p>\n<p><span data-nosnippet=\"\">De acordo com Jonatan da Costa, CEO da \u00c1rea Central, devem ocorrer investimentos nas \u00e1reas de vendas visando aumentar a participa\u00e7\u00e3o dos produtos da empresa no mercado de franquias. \u201cTamb\u00e9m estamos planejando investimentos na \u00e1rea de tecnologia e produto para os clientes da carteira, relacionado a padroniza\u00e7\u00e3o do Cadastros de Produtos para os principais setores em que atuamos\u201d, sinaliza.\u00a0<\/span><span data-nosnippet=\"\">A empresa tamb\u00e9m pretende expandir a presen\u00e7a no mercado de franquias com a plataforma de Gest\u00e3o de Compras Conjuntas, e tamb\u00e9m trar\u00e1 novidades quanto a disponibiliza\u00e7\u00e3o de informa\u00e7\u00f5es e dados relevantes para a ind\u00fastria.<\/span><\/p>\n","protected":false},"excerpt":{"rendered":"<p>Empresa\u00a0de tecnologia catarinense dedicada a grupos de neg\u00f3cios conquistou 10 redes de franquias como clientes em 2022 que, juntas, contemplam 360 lojas franqueadas A \u00c1rea Central de Rio do Sul (SC), refer\u00eancia em plataformas de gest\u00e3o e intelig\u00eancia para redes e centrais de neg\u00f3cios, registrou crescimento de 25% em seu faturamento em 2022 com rela\u00e7\u00e3o [&hellip;]<\/p>\n","protected":false},"author":2,"featured_media":6710,"comment_status":"open","ping_status":"open","sticky":false,"template":"","format":"standard","meta":{"_jetpack_memberships_contains_paid_content":false,"footnotes":""},"categories":[51,54,57,60],"tags":[6260],"featured_image_src":{"landsacpe":["https:\/\/revistaempresarios.net\/web\/wp-content\/uploads\/2023\/02\/Jonatan-da-Costa-CEO-Area-Central-scaled-1-1140x445.webp",1140,445,true],"list":["https:\/\/revistaempresarios.net\/web\/wp-content\/uploads\/2023\/02\/Jonatan-da-Costa-CEO-Area-Central-scaled-1-463x348.webp",463,348,true],"medium":["https:\/\/revistaempresarios.net\/web\/wp-content\/uploads\/2023\/02\/Jonatan-da-Costa-CEO-Area-Central-scaled-1-300x200.webp",300,200,true],"full":["https:\/\/revistaempresarios.net\/web\/wp-content\/uploads\/2023\/02\/Jonatan-da-Costa-CEO-Area-Central-scaled-1.webp",2560,1707,false]},"jetpack_sharing_enabled":true,"jetpack_featured_media_url":"https:\/\/revistaempresarios.net\/web\/wp-content\/uploads\/2023\/02\/Jonatan-da-Costa-CEO-Area-Central-scaled-1.webp","jetpack-related-posts":[],"_links":{"self":[{"href":"https:\/\/revistaempresarios.net\/web\/wp-json\/wp\/v2\/posts\/6709"}],"collection":[{"href":"https:\/\/revistaempresarios.net\/web\/wp-json\/wp\/v2\/posts"}],"about":[{"href":"https:\/\/revistaempresarios.net\/web\/wp-json\/wp\/v2\/types\/post"}],"author":[{"embeddable":true,"href":"https:\/\/revistaempresarios.net\/web\/wp-json\/wp\/v2\/users\/2"}],"replies":[{"embeddable":true,"href":"https:\/\/revistaempresarios.net\/web\/wp-json\/wp\/v2\/comments?post=6709"}],"version-history":[{"count":1,"href":"https:\/\/revistaempresarios.net\/web\/wp-json\/wp\/v2\/posts\/6709\/revisions"}],"predecessor-version":[{"id":6711,"href":"https:\/\/revistaempresarios.net\/web\/wp-json\/wp\/v2\/posts\/6709\/revisions\/6711"}],"wp:featuredmedia":[{"embeddable":true,"href":"https:\/\/revistaempresarios.net\/web\/wp-json\/wp\/v2\/media\/6710"}],"wp:attachment":[{"href":"https:\/\/revistaempresarios.net\/web\/wp-json\/wp\/v2\/media?parent=6709"}],"wp:term":[{"taxonomy":"category","embeddable":true,"href":"https:\/\/revistaempresarios.net\/web\/wp-json\/wp\/v2\/categories?post=6709"},{"taxonomy":"post_tag","embeddable":true,"href":"https:\/\/revistaempresarios.net\/web\/wp-json\/wp\/v2\/tags?post=6709"}],"curies":[{"name":"wp","href":"https:\/\/api.w.org\/{rel}","templated":true}]}}