{"id":6424,"date":"2023-01-30T20:35:40","date_gmt":"2023-01-30T23:35:40","guid":{"rendered":"https:\/\/revistaempresarios.net\/web\/?p=6424"},"modified":"2023-01-30T20:35:40","modified_gmt":"2023-01-30T23:35:40","slug":"forum-economico-mundial-como-os-riscos-globais-podem-impactar-carreiras-e-negocios-por-rebeca-toyama-e-fundadora-da-aci-signataria-do-pacto-global-da-onu-mestre-em-psicologia-clinica-e-adminis","status":"publish","type":"post","link":"https:\/\/revistaempresarios.net\/web\/2023\/01\/30\/forum-economico-mundial-como-os-riscos-globais-podem-impactar-carreiras-e-negocios-por-rebeca-toyama-e-fundadora-da-aci-signataria-do-pacto-global-da-onu-mestre-em-psicologia-clinica-e-adminis\/","title":{"rendered":"F\u00f3rum Econ\u00f4mico Mundial: Como os riscos globais podem impactar carreiras e neg\u00f3cios? &#8211; Por : Rebeca Toyama \u00e9 fundadora da ACI, signat\u00e1ria do Pacto Global da ONU. Mestre em Psicologia Cl\u00ednica e Administradora. Especialista em educa\u00e7\u00e3o corporativa, carreira e bem-estar financeiro."},"content":{"rendered":"<div class=\"itemIntroText\">\n<p>Especialista em carreira mostra como transformar os riscos globais em solu\u00e7\u00f5es e oportunidades no ambiente profissional<\/p>\n<\/div>\n<div class=\"itemFullText\">\n<p>O mundo tem passado por muitas mudan\u00e7as e enfrentado um conjunto de riscos. Depois da pandemia de COVID-19 onde a popula\u00e7\u00e3o come\u00e7ou a voltar ao \u2018novo normal\u2019, tivemos a eclos\u00e3o da guerra na Ucr\u00e2nia que deu in\u00edcio a uma nova crise de alimentos e energia, gerando infla\u00e7\u00e3o e mudando a economia de v\u00e1rios mercados. Mesmo diante de muitos desafios externos que impactam diretamente as empresas e a popula\u00e7\u00e3o no Brasil e no mundo, Rebeca Toyama, especialista em carreira e comportamento, traz 5 dicas de como converter os riscos em oportunidades de crescimento no ambiente profissional.<\/p>\n<p>De acordo com o relat\u00f3rio de Riscos Globais 2023, publicado pelo F\u00f3rum Econ\u00f4mico Mundial (WEF), estamos vendo o retorno de riscos \u2018antigos\u2019, como a infla\u00e7\u00e3o, crises de custo de vida, guerras comerciais, sa\u00eddas de capital de mercados emergentes, agita\u00e7\u00e3o social generalizada e confronto geopol\u00edtico. E a crise do custo de vida \u00e9 classificada como o risco imediato mais grave, junto com a crise clim\u00e1tica, como o maior risco daqui a 10 anos.<\/p>\n<p>Ainda segundo uma pesquisa realizada pelo WEF, 18% dos economistas-chefes de setores p\u00fablico e privado entrevistados consideraram uma recess\u00e3o mundial extremamente prov\u00e1vel em 2023. Esse dado \u00e9 mais do que o dobro da pesquisa anterior realizada em setembro de 2022.<\/p>\n<p>Para a especialista, tudo o que se discute no F\u00f3rum Econ\u00f4mico Mundial de fato influencia as pessoas e empresas de todo o mundo, ainda que boa parte da popula\u00e7\u00e3o ainda n\u00e3o entenda essa associa\u00e7\u00e3o. O F\u00f3rum sempre deixa importantes li\u00e7\u00f5es, por isso \u00e9 relevante acompanhar o tema, filtrando o que se pode levar tanto para o dia a dia das empresas quanto para a estrat\u00e9gia de carreira.<\/p>\n<p>\u201cAqui vale ressaltar o poder da colabora\u00e7\u00e3o e o que cada pessoa pode fazer para ajudar o mundo a combater esses riscos. Todos podem e devem se engajar nessa tem\u00e1tica\u201d, afirma Rebeca Toyama, especialista em carreira e comportamento.<\/p>\n<p><strong>Riscos impactam a carreira<\/strong><\/p>\n<p>Como no conceito de Life Long Learning, em tradu\u00e7\u00e3o livre aprendizado ao longo da vida, sempre temos que estar aprendendo, e para melhor visualizar os riscos globais, de acordo com a especialista em carreira, os profissionais precisam adquirir conhecimentos que resolvam problemas reais, e o relat\u00f3rio de riscos globais mostra os desafios e os problemas pelo quais o planeta vai passar.<\/p>\n<p>&#8220;Podemos usar tamb\u00e9m o conceito de aprendizagem ativa, pois o que sustenta uma carreira n\u00e3o \u00e9 a quantidade de conhecimento adquirido, mas sim a capacidade de resolver problemas reais. Vale ressaltar que os riscos trazem um direcional para essa requalifica\u00e7\u00e3o, para assim buscar o conhecimento e as tecnologias necess\u00e1rias para superar os desafios presentes no cen\u00e1rio atual\u201d, comenta Toyama.<\/p>\n<p><strong>Riscos impactam as empresas<\/strong><\/p>\n<p>Para Rebeca Toyama, os temas discutidos merecem toda nossa aten\u00e7\u00e3o agora para garantir a sustentabilidade do planeta, dos neg\u00f3cios e das carreiras. Portanto, \u00e9 irresponsabilidade das empresas e dos l\u00edderes n\u00e3o se interessarem pelo tema.<\/p>\n<p>Quando se conhece os riscos, \u00e9 muito mais f\u00e1cil proteger o neg\u00f3cio e ter um planejamento estrat\u00e9gico mais assertivo. Al\u00e9m disso, conhecer os riscos globais traz tamb\u00e9m o entendimento sobre como proteger a sociedade e como colaborar com algum tipo de solu\u00e7\u00e3o com rela\u00e7\u00e3o aos riscos.<\/p>\n<p>\u201cN\u00e3o \u00e9 ignorando os riscos que resolvemos eles. O ponto-chave \u00e9 tomar consci\u00eancia dos riscos e tocar os neg\u00f3cios de forma consciente. E assim, se consegue n\u00e3o s\u00f3 ter mais resultados, como ajudar os nossos clientes a resolverem seus problemas. Aqui vale relacionar o impacto de cada um dos riscos do relat\u00f3rio com os resultados de sua carreira e do seu neg\u00f3cio\u201d, explica.<\/p>\n<p><strong>Riscos impactam tamb\u00e9m a popula\u00e7\u00e3o<\/strong><\/p>\n<p>Segundo Toyama, a popula\u00e7\u00e3o precisa vestir a camisa e n\u00e3o ter um olhar apartado, como se a sociedade n\u00e3o tivesse rela\u00e7\u00e3o com os riscos. As altera\u00e7\u00f5es clim\u00e1ticas &#8211; impacto ambiental, por conta do desmatamento e da a\u00e7\u00e3o do homem na natureza; aumento da infla\u00e7\u00e3o, a fome, o desemprego &#8211; problemas sociais, por conta dos confrontos econ\u00f4micos e guerras, tudo isso \u00e9 discutido no F\u00f3rum, e tudo faz parte da vida e da realidade de toda a popula\u00e7\u00e3o.<\/p>\n<p>\u201cCada um de n\u00f3s vai ajudar a pagar essa conta, por\u00e9m, o primeiro passo \u00e9 educar e conscientizar pessoas e empresas. Nem as empresas, nem os governos e nem terceiro setor conseguir\u00e1 resolver esse problema sozinho, e a \u00fanica forma que temos de n\u00e3o sucumbir os riscos \u00e9 desenvolvendo a compet\u00eancia de colabora\u00e7\u00e3o, como o pr\u00f3prio tema do F\u00f3rum esse ano nos lembrou \u2018coopera\u00e7\u00e3o em um mundo fragmentado\u2019.\u201d, finaliza Rebeca Toyama.<\/p>\n<p>Rebeca Toyama, especialista em carreira e comportamento, traz 5 dicas de como converter os riscos em oportunidades:<\/p>\n<p>&#8211; Comece a se interessar pelo tema, isso ajudar\u00e1 voc\u00ea ampliar sua vis\u00e3o e encontrar oportunidades;<\/p>\n<p>&#8211; Assuma uma postura protagonista, identificando os poss\u00edveis impactos dos riscos em seu neg\u00f3cio ou carreira;<\/p>\n<p>&#8211; Desenvolva um esp\u00edrito colaborativo focando sua carreira ou seu neg\u00f3cio na solu\u00e7\u00e3o de problemas reais;<\/p>\n<p>&#8211; Promova rodas de conversa sobre o tema com sua equipe para que cada vez mais o tema possa ser disseminado;<\/p>\n<p>&#8211; Inclua entre seus indicadores de performance metas que contribuam com a redu\u00e7\u00e3o dos riscos ou transforme-os em oportunidades.<\/p>\n<\/div>\n","protected":false},"excerpt":{"rendered":"<p>Especialista em carreira mostra como transformar os riscos globais em solu\u00e7\u00f5es e oportunidades no ambiente profissional O mundo tem passado por muitas mudan\u00e7as e enfrentado um conjunto de riscos. Depois da pandemia de COVID-19 onde a popula\u00e7\u00e3o come\u00e7ou a voltar ao \u2018novo normal\u2019, tivemos a eclos\u00e3o da guerra na Ucr\u00e2nia que deu in\u00edcio a uma [&hellip;]<\/p>\n","protected":false},"author":2,"featured_media":6425,"comment_status":"open","ping_status":"open","sticky":false,"template":"","format":"standard","meta":{"_jetpack_memberships_contains_paid_content":false,"_joinchat":[],"footnotes":""},"categories":[51,58],"tags":[6145,6143,6144],"featured_image_src":{"landsacpe":["https:\/\/revistaempresarios.net\/web\/wp-content\/uploads\/2023\/01\/Rebeca-Toyama-e-fundadora-da-ACI-signataria-do-Pacto-Global-da-ONU.-Mestre-em-Psicologia-Clinica-e-Administradora.-Especialista-em-educacao-corporativa-carreira-e-bem-estar-financeiro..jpg",225,225,false],"list":["https:\/\/revistaempresarios.net\/web\/wp-content\/uploads\/2023\/01\/Rebeca-Toyama-e-fundadora-da-ACI-signataria-do-Pacto-Global-da-ONU.-Mestre-em-Psicologia-Clinica-e-Administradora.-Especialista-em-educacao-corporativa-carreira-e-bem-estar-financeiro..jpg",225,225,false],"medium":["https:\/\/revistaempresarios.net\/web\/wp-content\/uploads\/2023\/01\/Rebeca-Toyama-e-fundadora-da-ACI-signataria-do-Pacto-Global-da-ONU.-Mestre-em-Psicologia-Clinica-e-Administradora.-Especialista-em-educacao-corporativa-carreira-e-bem-estar-financeiro..jpg",225,225,false],"full":["https:\/\/revistaempresarios.net\/web\/wp-content\/uploads\/2023\/01\/Rebeca-Toyama-e-fundadora-da-ACI-signataria-do-Pacto-Global-da-ONU.-Mestre-em-Psicologia-Clinica-e-Administradora.-Especialista-em-educacao-corporativa-carreira-e-bem-estar-financeiro..jpg",225,225,false]},"jetpack_sharing_enabled":true,"jetpack_featured_media_url":"https:\/\/revistaempresarios.net\/web\/wp-content\/uploads\/2023\/01\/Rebeca-Toyama-e-fundadora-da-ACI-signataria-do-Pacto-Global-da-ONU.-Mestre-em-Psicologia-Clinica-e-Administradora.-Especialista-em-educacao-corporativa-carreira-e-bem-estar-financeiro..jpg","jetpack-related-posts":[],"_links":{"self":[{"href":"https:\/\/revistaempresarios.net\/web\/wp-json\/wp\/v2\/posts\/6424"}],"collection":[{"href":"https:\/\/revistaempresarios.net\/web\/wp-json\/wp\/v2\/posts"}],"about":[{"href":"https:\/\/revistaempresarios.net\/web\/wp-json\/wp\/v2\/types\/post"}],"author":[{"embeddable":true,"href":"https:\/\/revistaempresarios.net\/web\/wp-json\/wp\/v2\/users\/2"}],"replies":[{"embeddable":true,"href":"https:\/\/revistaempresarios.net\/web\/wp-json\/wp\/v2\/comments?post=6424"}],"version-history":[{"count":1,"href":"https:\/\/revistaempresarios.net\/web\/wp-json\/wp\/v2\/posts\/6424\/revisions"}],"predecessor-version":[{"id":6426,"href":"https:\/\/revistaempresarios.net\/web\/wp-json\/wp\/v2\/posts\/6424\/revisions\/6426"}],"wp:featuredmedia":[{"embeddable":true,"href":"https:\/\/revistaempresarios.net\/web\/wp-json\/wp\/v2\/media\/6425"}],"wp:attachment":[{"href":"https:\/\/revistaempresarios.net\/web\/wp-json\/wp\/v2\/media?parent=6424"}],"wp:term":[{"taxonomy":"category","embeddable":true,"href":"https:\/\/revistaempresarios.net\/web\/wp-json\/wp\/v2\/categories?post=6424"},{"taxonomy":"post_tag","embeddable":true,"href":"https:\/\/revistaempresarios.net\/web\/wp-json\/wp\/v2\/tags?post=6424"}],"curies":[{"name":"wp","href":"https:\/\/api.w.org\/{rel}","templated":true}]}}