{"id":6414,"date":"2023-01-30T20:15:11","date_gmt":"2023-01-30T23:15:11","guid":{"rendered":"https:\/\/revistaempresarios.net\/web\/?p=6414"},"modified":"2023-01-30T20:15:11","modified_gmt":"2023-01-30T23:15:11","slug":"demissao-sem-justa-causa-ha-motivo-para-preocupacao-porfernando-kede-advogado-especialista-em-direito-do-trabalho","status":"publish","type":"post","link":"https:\/\/revistaempresarios.net\/web\/2023\/01\/30\/demissao-sem-justa-causa-ha-motivo-para-preocupacao-porfernando-kede-advogado-especialista-em-direito-do-trabalho\/","title":{"rendered":"Demiss\u00e3o sem justa causa: h\u00e1 motivo para preocupa\u00e7\u00e3o? &#8211; Por:Fernando Kede, advogado especialista em Direito do Trabalho"},"content":{"rendered":"<div class=\"itemBody\">\n<div class=\"itemIntroText\">\n<p>Advogado especialista em Direito do Trabalho explica que mudan\u00e7as na lei trabalhista exigem aval do Congresso<\/p>\n<\/div>\n<div class=\"itemFullText\">\n<p>Os rumores de que o Supremo Tribunal Federal (STF) julgaria uma a\u00e7\u00e3o que pode proibir as empresas de demitir trabalhadores sem justa causa ganharam espa\u00e7o nas redes sociais no in\u00edcio do ano e provocaram uma s\u00e9rie de d\u00favidas em empregados e empregadores.<\/p>\n<p>O advogado especialista em Direito do Trabalho Fernando Kede, do escrit\u00f3rio Schwartz e Kede, explica que o que o STF vai analisar agora n\u00e3o \u00e9 se as empresas podem demitir o empregado sem justa causa ou n\u00e3o, e sim sobre o decreto feito na \u00e9poca ent\u00e3o presidente da rep\u00fablica Fernando Henrique Cardoso suspendendo a ades\u00e3o \u00e0 Conven\u00e7\u00e3o 158 da Organiza\u00e7\u00e3o Internacional do Trabalho (OIT). &#8220;A corte decidir\u00e1 se o presidente da Rep\u00fablica pode ou n\u00e3o, sem anu\u00eancia do Congresso Nacional, suspender essa ades\u00e3o\u201d, diz.<\/p>\n<p>Legisla\u00e7\u00e3o trabalhista n\u00e3o deve sofrer altera\u00e7\u00f5es significativas no momento<\/p>\n<p>O advogado explica que, ainda que a decis\u00e3o seja de que o presidente n\u00e3o poderia ter suspendido a ades\u00e3o \u00e0 conven\u00e7\u00e3o, a empresa vai poder demitir os empregados por motivos relacionados a sua capacidade ou comportamento ou baseada nas necessidades de funcionamento da empresa, estabelecimento ou servi\u00e7o.\u201cAinda que o STF decida que o presidente n\u00e3o poderia ter suspendido a ades\u00e3o, dever\u00e1 haver uma lei para regulamentar essa conven\u00e7\u00e3o da OIT e adequ\u00e1-la \u00e0 nossa legisla\u00e7\u00e3o&#8221;, observa.<\/p>\n<p>Na avalia\u00e7\u00e3o do especialista, a legisla\u00e7\u00e3o trabalhista n\u00e3o deve sofrer altera\u00e7\u00f5es significativas no momento. \u201cPara mudar a legisla\u00e7\u00e3o trabalhista \u00e9 necess\u00e1rio aprova\u00e7\u00e3o de uma lei complementar pelo Congresso e h\u00e1 todo um tr\u00e2mite legal para isso. Por enquanto, tudo permanece como est\u00e1&#8221;, completa.<\/p>\n<p>&nbsp;<\/p>\n<p>&nbsp;<\/p>\n<\/div>\n<\/div>\n<div class=\"e-mailit_toolbox circular  size48\">\n<div class=\"e-mailit_btn_Facebook\"><\/div>\n<div class=\"e-mailit_btn_LinkedIn\"><\/div>\n<div class=\"e-mailit_btn_Twitter\"><\/div>\n<div class=\"e-mailit_btn_Pinterest\"><\/div>\n<div class=\"e-mailit_btn_WhatsApp\"><\/div>\n<div class=\"e-mailit_btn_Send_via_Email\"><\/div>\n<div class=\"e-mailit_btn_EMAILiT\"><\/div>\n<\/div>\n","protected":false},"excerpt":{"rendered":"<p>Advogado especialista em Direito do Trabalho explica que mudan\u00e7as na lei trabalhista exigem aval do Congresso Os rumores de que o Supremo Tribunal Federal (STF) julgaria uma a\u00e7\u00e3o que pode proibir as empresas de demitir trabalhadores sem justa causa ganharam espa\u00e7o nas redes sociais no in\u00edcio do ano e provocaram uma s\u00e9rie de d\u00favidas em [&hellip;]<\/p>\n","protected":false},"author":2,"featured_media":6415,"comment_status":"open","ping_status":"open","sticky":false,"template":"","format":"standard","meta":{"_jetpack_memberships_contains_paid_content":false,"footnotes":""},"categories":[51],"tags":[6141,6140],"featured_image_src":{"landsacpe":["https:\/\/revistaempresarios.net\/web\/wp-content\/uploads\/2023\/01\/Fernando-Kede-advogado-especialista-em-Direito-do-Trabalho-800x445.jpg",800,445,true],"list":["https:\/\/revistaempresarios.net\/web\/wp-content\/uploads\/2023\/01\/Fernando-Kede-advogado-especialista-em-Direito-do-Trabalho-463x348.jpg",463,348,true],"medium":["https:\/\/revistaempresarios.net\/web\/wp-content\/uploads\/2023\/01\/Fernando-Kede-advogado-especialista-em-Direito-do-Trabalho-300x188.jpg",300,188,true],"full":["https:\/\/revistaempresarios.net\/web\/wp-content\/uploads\/2023\/01\/Fernando-Kede-advogado-especialista-em-Direito-do-Trabalho.jpg",800,500,false]},"jetpack_sharing_enabled":true,"jetpack_featured_media_url":"https:\/\/revistaempresarios.net\/web\/wp-content\/uploads\/2023\/01\/Fernando-Kede-advogado-especialista-em-Direito-do-Trabalho.jpg","jetpack-related-posts":[],"_links":{"self":[{"href":"https:\/\/revistaempresarios.net\/web\/wp-json\/wp\/v2\/posts\/6414"}],"collection":[{"href":"https:\/\/revistaempresarios.net\/web\/wp-json\/wp\/v2\/posts"}],"about":[{"href":"https:\/\/revistaempresarios.net\/web\/wp-json\/wp\/v2\/types\/post"}],"author":[{"embeddable":true,"href":"https:\/\/revistaempresarios.net\/web\/wp-json\/wp\/v2\/users\/2"}],"replies":[{"embeddable":true,"href":"https:\/\/revistaempresarios.net\/web\/wp-json\/wp\/v2\/comments?post=6414"}],"version-history":[{"count":1,"href":"https:\/\/revistaempresarios.net\/web\/wp-json\/wp\/v2\/posts\/6414\/revisions"}],"predecessor-version":[{"id":6416,"href":"https:\/\/revistaempresarios.net\/web\/wp-json\/wp\/v2\/posts\/6414\/revisions\/6416"}],"wp:featuredmedia":[{"embeddable":true,"href":"https:\/\/revistaempresarios.net\/web\/wp-json\/wp\/v2\/media\/6415"}],"wp:attachment":[{"href":"https:\/\/revistaempresarios.net\/web\/wp-json\/wp\/v2\/media?parent=6414"}],"wp:term":[{"taxonomy":"category","embeddable":true,"href":"https:\/\/revistaempresarios.net\/web\/wp-json\/wp\/v2\/categories?post=6414"},{"taxonomy":"post_tag","embeddable":true,"href":"https:\/\/revistaempresarios.net\/web\/wp-json\/wp\/v2\/tags?post=6414"}],"curies":[{"name":"wp","href":"https:\/\/api.w.org\/{rel}","templated":true}]}}